{"id":421255,"date":"2019-03-28T00:01:16","date_gmt":"2019-03-28T06:01:16","guid":{"rendered":"https:\/\/www.diarioimagen.net\/?p=421255"},"modified":"2019-03-28T02:45:03","modified_gmt":"2019-03-28T08:45:03","slug":"cnte-quiere-mantener-control-de-plazas","status":"publish","type":"post","link":"https:\/\/www.diarioimagen.net\/?p=421255","title":{"rendered":"CNTE quiere mantener control de plazas"},"content":{"rendered":"<h2>La Retaguardia<\/h2>\n<h5>Adriana Moreno Cordero<\/h5>\n<p><em>\u00a0<\/em><\/p>\n<ul>\n<li><strong><em>La Coordinadora doblega a la Cuarta Transformaci\u00f3n<\/em><\/strong><\/li>\n<\/ul>\n<p>&nbsp;<\/p>\n<p>San L\u00e1zaro, sitiado otra vez. La Coordinadora Nacional de Trabajadores de la Educaci\u00f3n, demostr\u00f3 que \u201ccon la mano en la cintura\u201d, a la hora que quiera, puede someter, doblegar y chantajear al gobierno de la llamada Cuarta Transformaci\u00f3n, as\u00ed que en el futuro, bien puede esperarse que las plazas se seguir\u00e1n entregando por herencia, es decir, que los \u201cmaestros\u201d de la CNTE, mantengan el control sobre \u00e9stas.<\/p>\n<p>El coordinador de la bancada de Morena en la C\u00e1mara Baja, <strong>Mario Mart\u00edn Delgado<\/strong>, confi\u00f3 en que a lo mejor se podr\u00eda votar en el pleno la reforma educativa la semana entrante, ya que para hoy, es evidente que no hay condiciones.<\/p>\n<p>Lo que debe destacarse, es que hubo legisladores tanto de Morena como del PT que se abstuvieron de votar dicha reforma porque provienen de las filas de la Coordinadora.<\/p>\n<p>Uno de sus dirigentes, <strong>Eloy L\u00f3pez<\/strong>, dijo a nombre de los \u201cprofesores\u201d de su gremio que no estaban de acuerdo con el dictamen aprobado en Comisiones, \u201cporque hay mucha ambig\u00fcedad y siempre esconden el veneno para seguir lacerando el derecho a la educaci\u00f3n\u201d. En el fondo, en realidad est\u00e1 que la Coordinadora quiere meter mano hasta el codo para adue\u00f1arse de las plazas y no sean sometidas nunca a concurso.<\/p>\n<p>Debido a lo anterior, la Coordinadora instalar\u00e1 una comisi\u00f3n para hacer una revisi\u00f3n exhaustiva del dictamen. Habr\u00e1 que estar pendientes a la reacci\u00f3n que tengan los \u201cprofesores\u201d de la CNTE.<\/p>\n<p>Se subraya que habr\u00e1 un nuevo organismo de evaluaci\u00f3n que no va a ser aut\u00f3nomo y depender\u00e1 totalmente de la SEP y comenzar\u00e1 a funcionar con lo que tiene el Instituto de Evaluaci\u00f3n Educativa, (INEE), o sea, a este Instituto se le cambi\u00f3 el nombre y se le quit\u00f3 su car\u00e1cter aut\u00f3nomo.<\/p>\n<p>Lo que les molesta, y mucho, a la Coordinadora, es que en el dictamen aprobado, no desaparecen las evaluaciones para el acceso y los ascensos de los docentes.<\/p>\n<p>Sin embargo, s\u00ed se elimina la palabra \u201cpermanencia\u201d, como la principal concesi\u00f3n otorgada a los \u201cmaestros\u201d rijosos para desaparecer lo que ellos han llamado una \u201cevaluaci\u00f3n punitiva\u201d.<\/p>\n<p>Y si se les llama rijosos a los \u201cprofesores\u201d de la CNTE es porque ayer, para variar, el Palacio Legislativo de San L\u00e1zaro fue sitiado y a los referidos \u201cmentores\u201d se les ocurri\u00f3 poco despu\u00e9s de la una de la tarde, cerrar los accesos por los que legisladores y empleados pod\u00edan salir.\u00a0 Se pusieron sumamente agresivos.<\/p>\n<p>La posici\u00f3n que tuvo la bancada del PRI en la C\u00e1mara Baja, fue muy interesante. La secretaria de la Comisi\u00f3n de Educaci\u00f3n, <strong>Cinthia L\u00f3pez Castro<\/strong>, explic\u00f3 que en el \u201ctan llevado y tra\u00eddo\u201d dictamen se conservan muchos elementos de la reforma del sexenio pasado. \u00bfSer\u00e1? El caso es que la pri\u00edsta considera que modificada la iniciativa enviada por AMLO, ya existe una diferencia abismal entre lo que mand\u00f3 inicialmente el tabasque\u00f1o y lo que se vot\u00f3 ayer en San L\u00e1zaro.<\/p>\n<p>Un punto sumamente importante que no hay que perder de vista y que se\u00f1al\u00f3 L\u00f3pez Castro, es lo que aleg\u00f3 la fracci\u00f3n morenista hace unos meses de que \u201cpor error\u201d, se hab\u00eda omitido lo referente a la autonom\u00eda universitaria y los legisladores afortunadamente la recuperaron para dejarla intacta. Esta fue, como se recordar\u00e1, una trampa de la 4T para ver si \u201cpegaba\u201d o si el presidente L\u00f3pez Obrador pod\u00eda verles la cara de tontos a los legisladores.<\/p>\n<p>Se consigui\u00f3 tambi\u00e9n rescatar el t\u00e9rmino evaluaci\u00f3n y el sistema de promoci\u00f3n. Estima la diputada pri\u00edsta que lo que se ve en el dictamen, son cambios de forma m\u00e1s no de fondo.<\/p>\n<p>En lo referente a que se mantiene el \u00f3rgano de evaluaci\u00f3n de las pol\u00edticas de educaci\u00f3n, hay que subrayar que sus integrantes ser\u00e1n definidos por el Senado de la Rep\u00fablica y como lo explic\u00f3 la diputada <strong>Dulce Mar\u00eda Sauri<\/strong>, aunque en este punto no hay garant\u00eda porque en el Congreso est\u00e1 la \u201caplanadora\u201d morenista, es una posibilidad de control por parte del Legislativo, tan menospreciado por AMLO.<\/p>\n<p style=\"text-align: center;\"><strong>Municiones<\/strong><\/p>\n<p>*** Justo ahora que tiene tanta prisa el gobierno federal de regularizar los documentos de los ejidatarios que ser\u00e1n indemnizados para construir el aeropuerto de Santa Luc\u00eda, en el Estado de M\u00e9xico, el titular de Sedatu, <strong>Rom\u00e1n Meyer<\/strong> y principalmente <strong>Plutarco Garcia Jim\u00e9nez<\/strong>, Director del Registro Agrario Nacional,\u00a0 deben poner especial atenci\u00f3n a la capacidad y prepotencia de los funcionarios del RAN Edomex. Una sugerencia, deber\u00edan delegarle al director Jur\u00eddico de la importante instituci\u00f3n que regulariza la propiedad rural del pa\u00eds, <strong>Leonardo Rodarte D\u00e1vila<\/strong>, que pida la informaci\u00f3n de las causas de tanto rezago a miles de campesinos que esperan desde hace a\u00f1os la resoluci\u00f3n de su situaci\u00f3n jur\u00eddica.<\/p>\n<p>*** Como muestra de lo anterior, est\u00e1 el funcionario mexiquense del RAN, <strong>Santiago Alvarez Mart\u00ednez<\/strong>,\u00a0 quien en su ignorancia de las leyes e impunidad, concentra tanto poder en su firma, que no solamente rechaza tr\u00e1mites que s\u00ed cumplen con los requisitos de la ley y de reglamentos, sinti\u00e9ndose con derecho a recibir retribuciones, a cambio de facilitar su autorizaci\u00f3n abusando con ello de la condici\u00f3n de tanta gente con esperanzas en recibir la legalizaci\u00f3n de sus certificados parcelarios alg\u00fan d\u00eda luego de a\u00f1os de espera.<\/p>\n<p>Ejidatarios, avecindados y campesinos deben terminar ya con el viacrucis que por mucho tiempo han sufrido a causa\u00a0 de la falta de coordinaci\u00f3n del RAN y de la Procuradur\u00eda Agraria federales y sobre todo en los estados. Dichas instancias tendr\u00edan que contar con funcionarios responsables, informados, actualizados en las leyes de su sector y como primera condici\u00f3n, que cumplan su funci\u00f3n p\u00fablica.<\/p>\n<p>*** Oootra vez, los candidatos a la CRE acudir\u00e1n a comparecer al Senado de la Rep\u00fablica, inform\u00f3 el coordinador de los senadores morenistas, <strong>Ricardo Monreal<\/strong> que todav\u00eda se atrevi\u00f3 a decir que eran ternas diferentes las presentadas por el presidente. El problema es que adem\u00e1s de dar muestras de su necedad, el jefe del Ejecutivo ser\u00e1 quien decida en \u00faltima instancia la integraci\u00f3n de los nuevos elementos a fuerza de la ley del \u201cme canso ganso\u201d.<\/p>\n<p>*** Para el coordinador de la bancada del PAN en la C\u00e1mara Alta, <strong>Mauricio Kuri<\/strong>, esta acci\u00f3n es una falta de respeto, una simulaci\u00f3n porque se propone a personas que no tienen la capacidad, raz\u00f3n por la cual, Acci\u00f3n Nacional buscar\u00e1 impugnar estas ternas mediante la figura jur\u00eddica conocida como \u201cfraude a la ley\u201d.<\/p>\n<p>Por su parte, el presidente de la Mesa Directiva de esa instancia legislativa, <strong>Mart\u00ed Batres<\/strong>, defiende a su jefe diciendo que las propuestas de L\u00f3pez Obrador, son gente capaz que puede aprender. No, pues s\u00ed.<\/p>\n<p>*** Se dice en los corrillos pol\u00edticos que muy caro pagar\u00e1 el gobernador de Baja California, <strong>Francisco \u201cKiko\u201d Vega<\/strong>, haberse equivocado en un evento, agradeciendo al presidente Enrique Pe\u00f1a Nieto. Aunque luego, luego el gobernador rectific\u00f3, ya hab\u00eda regado el atole.<\/p>\n<p><a href=\"mailto:morcora@gmail.com\" target=\"_blank\" rel=\"noopener noreferrer\"><em>morcora@gmail.com<\/em><\/a><\/p>\n","protected":false},"excerpt":{"rendered":"<p><span style=\"color: #005497;\"><strong>Adriana Moreno Cordero<\/strong><\/span><\/p>\n","protected":false},"author":3,"featured_media":0,"comment_status":"open","ping_status":"open","sticky":false,"template":"","format":"standard","meta":{"_monsterinsights_skip_tracking":false,"_monsterinsights_sitenote_active":false,"_monsterinsights_sitenote_note":"","_monsterinsights_sitenote_category":0,"footnotes":""},"categories":[69370],"tags":[69369,69368,43674],"class_list":["post-421255","post","type-post","status-publish","format-standard","hentry","category-adriana-moreno-cordero","tag-adriana-moreno-cordero","tag-la-retaguardia","tag-opinion"],"_links":{"self":[{"href":"https:\/\/www.diarioimagen.net\/index.php?rest_route=\/wp\/v2\/posts\/421255","targetHints":{"allow":["GET"]}}],"collection":[{"href":"https:\/\/www.diarioimagen.net\/index.php?rest_route=\/wp\/v2\/posts"}],"about":[{"href":"https:\/\/www.diarioimagen.net\/index.php?rest_route=\/wp\/v2\/types\/post"}],"author":[{"embeddable":true,"href":"https:\/\/www.diarioimagen.net\/index.php?rest_route=\/wp\/v2\/users\/3"}],"replies":[{"embeddable":true,"href":"https:\/\/www.diarioimagen.net\/index.php?rest_route=%2Fwp%2Fv2%2Fcomments&post=421255"}],"version-history":[{"count":0,"href":"https:\/\/www.diarioimagen.net\/index.php?rest_route=\/wp\/v2\/posts\/421255\/revisions"}],"wp:attachment":[{"href":"https:\/\/www.diarioimagen.net\/index.php?rest_route=%2Fwp%2Fv2%2Fmedia&parent=421255"}],"wp:term":[{"taxonomy":"category","embeddable":true,"href":"https:\/\/www.diarioimagen.net\/index.php?rest_route=%2Fwp%2Fv2%2Fcategories&post=421255"},{"taxonomy":"post_tag","embeddable":true,"href":"https:\/\/www.diarioimagen.net\/index.php?rest_route=%2Fwp%2Fv2%2Ftags&post=421255"}],"curies":[{"name":"wp","href":"https:\/\/api.w.org\/{rel}","templated":true}]}}