{"id":421257,"date":"2019-03-28T00:02:59","date_gmt":"2019-03-28T06:02:59","guid":{"rendered":"https:\/\/www.diarioimagen.net\/?p=421257"},"modified":"2019-03-28T02:54:49","modified_gmt":"2019-03-28T08:54:49","slug":"luna-de-miel","status":"publish","type":"post","link":"https:\/\/www.diarioimagen.net\/?p=421257","title":{"rendered":"Luna de miel"},"content":{"rendered":"<h2>De pe a pa<\/h2>\n<h5>Alberto Vieyra G.<\/h5>\n<p>&nbsp;<\/p>\n<p>Durante la inauguraci\u00f3n del Mundial de Futbol M\u00e9xico 1970, el entonces presidente, Gustavo D\u00edaz Ordaz, recibi\u00f3 una escandalosa rechifla a cargo de m\u00e1s de 100 mil espectadores en el estadio Azteca.<\/p>\n<p>En 1986, durante la inauguraci\u00f3n del segundo mundial de futbol en M\u00e9xico, el entonces <em>todopoderoso de Televisa,<\/em> Guillermo Ca\u00f1edo, dio la bienvenida al entonces mandatario azteca, Miguel de la Madrid Hurtado y todo el Coloso de Santa \u00darsula se desgranar\u00eda en un sonoro abucheo. Y m\u00e1s a\u00fan cuando el Presidente pronunci\u00f3 su discurso inaugural, recibir\u00eda otra andanada de chiflidos.<\/p>\n<p>El mismo escenario del Azteca seria mudo testigo del abucheo que sufri\u00f3 el panista, Felipe Calder\u00f3n, durante la inauguraci\u00f3n del Mundial Sub 17 con el partido entre M\u00e9xico y Uruguay.<\/p>\n<p>\u00bfPor qu\u00e9 hago historia?<\/p>\n<p>Mire usted, dicen los sabios que cuando un pueblo y los individuos no leen historia, est\u00e1n condenados a repetirla. Si lo hubiese sabido el se\u00f1or presidente don Andr\u00e9s Manuel L\u00f3pez Obrador, no se habr\u00eda <em>metido en terreno barrido,<\/em> someti\u00e9ndose a un sonoro abucheo, durante la inauguraci\u00f3n del nuevo estadio de beisbol de Los Diablos Rojos del M\u00e9xico, el pasado viernes 22 de marzo, propiedad del empresario, Alfredo Harp Hel\u00fa.<\/p>\n<p>\u00bfQu\u00e9 nos dicen estos ejemplos hist\u00f3ricos de abucheos y desaprobaci\u00f3n de los gobernantes en turno?<\/p>\n<p>En primer lugar, nos dicen que hasta hoy, ning\u00fan Presidente de la Rep\u00fablica ha pasado la prueba de <em>Fuenteovejuna<\/em> en los estadios.<\/p>\n<p>\u00bfSe acab\u00f3 ya la <em>luna de miel <\/em>entre \u201cel pueblo bueno y sabio\u201d y el presidente Andr\u00e9s Manuel L\u00f3pez Obrador quien ahora comienza a vivir la <em>luna de hiel<\/em>?<\/p>\n<p>Por si esto fuera poco, durante su gira esta semana por Baja California y Sonora, el se\u00f1or L\u00f3pez Obrador fue objeto de sonoras rechiflas, burlas y abucheos, principalmente de los morenistas californianos, que <em>ya cantaban victoria<\/em> y cacareaban la gubernatura de esa entidad donde comienza o termina la patria mexicana. Ahora, seguramente sabe el se\u00f1or presidente que el ejercicio del poder desgasta y que su popularidad fue muy ef\u00edmera, porque seguramente no ha entendido que solamente con acciones de gobierno se gana el respeto ciudadano, no con mon\u00f3logos que instan a la divisi\u00f3n y al encono entre los mexicanos.<\/p>\n<p>Y de la <em>agria luna de miel<\/em>, ya le comenz\u00f3 a dar la vuelta al mundo. Primero por el \u201crid\u00edculo\u201d del se\u00f1or L\u00f3pez Obrador exigiendo p\u00fablicamente al Papa y al rey de Espa\u00f1a que pidan perd\u00f3n a los pueblos de Am\u00e9rica por el ultraje a su dignidad sufridos durante la conquista, cuando debi\u00f3 haberlo hecho silenciosa y ortodoxamente por la v\u00eda diplom\u00e1tica, y en segundo lugar, porque el <em>Financial Times<\/em>, el pasado martes en una entrevista con el magnate mexicano, Ricardo Salinas Pliego, quien cuestion\u00f3 al r\u00e9gimen <em>lopezobradorista<\/em> por haber cancelado el Aeropuerto Internacional de Texcoco, con p\u00e9rdidas por m\u00e1s de 100 mil millones de pesos para los mexicanos. Adem\u00e1s de que sus proyectos de infraestructura son poco rentables, igual con los programas sociales que dar\u00e1n al traste con las finanzas nacionales.<\/p>\n<p>Salinas Pliego con una fortuna de m\u00e1s de 9 mil millones de d\u00f3lares y como miembro del Consejo Coordinador Empresarial del r\u00e9gimen <em>de la 4T<\/em>, critic\u00f3 la centralizaci\u00f3n del poder en la administraci\u00f3n de L\u00f3pez Obrador. \u201cComo gerente tienes que aprender a formar un equipo, confiar en ellos, delegar y evaluar. \u00c9l (el presidente) no parece estar haciendo eso. Tiene problemas con confianza y delegaci\u00f3n\u201d, resumi\u00f3. \u00a1Y eso que son amigos!&#8230; habr\u00e1 que decirles serenos, morenos. Porque esto no se acaba hasta que se acaba.<\/p>\n<p>\u00bfLe espera al se\u00f1or L\u00f3pez Obrador un sexenio de <em>luna de hiel<\/em> despu\u00e9s de la ef\u00edmera <em>luna de miel<\/em>?<\/p>\n<p><em><a href=\"mailto:info@agenciamn.com\" target=\"_blank\" rel=\"noopener noreferrer\">info@agenciamn.com<\/a><\/em><\/p>\n","protected":false},"excerpt":{"rendered":"<p><span style=\"color: #005497;\"><strong>Alberto Vieyra G.<\/strong><\/span><\/p>\n","protected":false},"author":3,"featured_media":0,"comment_status":"open","ping_status":"open","sticky":false,"template":"","format":"standard","meta":{"_monsterinsights_skip_tracking":false,"_monsterinsights_sitenote_active":false,"_monsterinsights_sitenote_note":"","_monsterinsights_sitenote_category":0,"footnotes":""},"categories":[4596],"tags":[43697,4597,43674],"class_list":["post-421257","post","type-post","status-publish","format-standard","hentry","category-alberto-vieyra-g","tag-alberto-vieyra-g","tag-de-pe-a-pa","tag-opinion"],"_links":{"self":[{"href":"https:\/\/www.diarioimagen.net\/index.php?rest_route=\/wp\/v2\/posts\/421257","targetHints":{"allow":["GET"]}}],"collection":[{"href":"https:\/\/www.diarioimagen.net\/index.php?rest_route=\/wp\/v2\/posts"}],"about":[{"href":"https:\/\/www.diarioimagen.net\/index.php?rest_route=\/wp\/v2\/types\/post"}],"author":[{"embeddable":true,"href":"https:\/\/www.diarioimagen.net\/index.php?rest_route=\/wp\/v2\/users\/3"}],"replies":[{"embeddable":true,"href":"https:\/\/www.diarioimagen.net\/index.php?rest_route=%2Fwp%2Fv2%2Fcomments&post=421257"}],"version-history":[{"count":0,"href":"https:\/\/www.diarioimagen.net\/index.php?rest_route=\/wp\/v2\/posts\/421257\/revisions"}],"wp:attachment":[{"href":"https:\/\/www.diarioimagen.net\/index.php?rest_route=%2Fwp%2Fv2%2Fmedia&parent=421257"}],"wp:term":[{"taxonomy":"category","embeddable":true,"href":"https:\/\/www.diarioimagen.net\/index.php?rest_route=%2Fwp%2Fv2%2Fcategories&post=421257"},{"taxonomy":"post_tag","embeddable":true,"href":"https:\/\/www.diarioimagen.net\/index.php?rest_route=%2Fwp%2Fv2%2Ftags&post=421257"}],"curies":[{"name":"wp","href":"https:\/\/api.w.org\/{rel}","templated":true}]}}