{"id":421267,"date":"2019-03-28T00:05:03","date_gmt":"2019-03-28T06:05:03","guid":{"rendered":"https:\/\/www.diarioimagen.net\/?p=421267"},"modified":"2019-03-28T04:26:27","modified_gmt":"2019-03-28T10:26:27","slug":"vargas-llosa-desinformado","status":"publish","type":"post","link":"https:\/\/www.diarioimagen.net\/?p=421267","title":{"rendered":"Vargas Llosa, desinformado"},"content":{"rendered":"<h2>Desde el portal<\/h2>\n<h5>\u00c1ngel Soriano<\/h5>\n<p>&nbsp;<\/p>\n<p>El escritor peruano, Mario Vargas Llosa, durante la inauguraci\u00f3n del VII Congreso de la Lengua, consider\u00f3 que la solicitud de perd\u00f3n del presidente L\u00f3pez Obrador y al Papa es una carta que debi\u00f3 envi\u00e1rsela \u00e9l mismo y dese\u00f3 que al t\u00e9rmino de su mandato las condiciones de vida \u201cde los indios\u201d, se encuentre mejor que las de ahora.<\/p>\n<p>El tabasque\u00f1o, sin embargo, sienta ya las bases para ello: promueve diversas obras sociales y apoyos econ\u00f3micos para ese objeto y, en lo interno, anunci\u00f3 que pedir\u00e1 perd\u00f3n a los pueblos yaquis por el exterminio que hubo, por la represi\u00f3n a las comunidades mayas, por la persecuci\u00f3n a los migrantes chinos que fueron reprimidos, asesinados en el porfiriato, en la Revoluci\u00f3n. Es tiempo de reconciliaci\u00f3n, indic\u00f3.<\/p>\n<p>Vargas Llosa recrimina a los presidentes de pa\u00edses latinoamericanos por la marginaci\u00f3n de las comunidades ind\u00edgenas y las matanzas de ahora, no de antes.<\/p>\n<p>AMLO, sin embargo, logra su objetivo: sacar a la superficie lo subterr\u00e1neo de la conquista y definir si hubo invasi\u00f3n o colonizaci\u00f3n, represi\u00f3n o exterminio, y pedir perd\u00f3n por ello.<\/p>\n<p style=\"text-align: center;\"><strong>TURBULENCIAS<br \/>\nAMLO, presidente <\/strong><strong>distinto: Monreal<\/strong><\/p>\n<p>El hombre p\u00fablico est\u00e1 sometido a un escrutinio todos los d\u00edas, y el Presidente tiene un estilo de gobernar propio, peculiar, singular. Para m\u00ed, es un Presidente que dice lo que piensa, y es un Presidente honesto, que eso a m\u00ed me gana mucho, dijo el senador Ricardo Monreal, en relaci\u00f3n a las rechiflas y cuestionamientos al presidente L\u00f3pez Obrador sobre las cartas enviadas a la Corona Espa\u00f1ola y al Papa, para pedir perd\u00f3n a M\u00e9xico por los excesos durante la conquista, los abucheos y desacuerdos de la prensa a la que llama \u201cfif\u00ed\u201d;\u00a0 para m\u00ed est\u00e1 haciendo bien las cosas, con estilos distintos. A algunos no gusta, a algunos les parece extra\u00f1o, a algunos les preocupa; pero no de deben de hacerlo, va a ser muy buen Presidente, van a ver. D\u00e9mosle tiempo, dijo&#8230;El senador Miguel \u00c1ngel Mancera Espinosa propuso reformar diversos ordenamientos para actualizar la palabra \u201cacto\u201d por \u201checho\u201d, con lo cual se busca \u201cponer en sinton\u00eda\u201d varias leyes con la Constituci\u00f3n y el C\u00f3digo Penal Federal, a fin de evitar confusiones. El hecho jur\u00eddico como categor\u00eda conceptual, indic\u00f3, tiene un significado m\u00e1s amplio, en el que se puede comprender a todo fen\u00f3meno de la naturaleza o conducta humana, que el legislador considere para atribuirle consecuencias jur\u00eddicas, por lo cual se pide armonizar la Ley Org\u00e1nica de la Administraci\u00f3n P\u00fablica Federal; la Ley Org\u00e1nica de la Fiscal\u00eda General de la Rep\u00fablica; la Ley Federal de Transparencia y Acceso a la Informaci\u00f3n P\u00fablica; la Ley General de Transparencia y Acceso a la Informaci\u00f3n P\u00fablica; la Ley General del Sistema Nacional Anticorrupci\u00f3n; y la Ley General de Responsabilidades Administrativas\u2026Rub\u00e9n Alc\u00e1ntara Gayt\u00e1n, l\u00edder del Movimiento Nacional Taxista de la CDMX, cuestionaron a la jefa de Gobierno, Claudia Sheinbaum Pardo y al secretario de Movilidad, Andr\u00e9s Lajous Loaeza \u201cpor su inter\u00e9s muy particular en ordenar o regular s\u00f3lo a los <em>scooters<\/em> y bicicletas con anclaje, y no con Empresas de Redes de Transporte\u201d y exigen los reciba antes de que d\u00e9 a conocer el Plan Integral de Movilidad y presente la iniciativa de reformas a la Ley de Movilidad, y cumpla su promesa de la campa\u00f1a de que \u201cVamos a acabar con los abusos a los trabajadores del volante, a los taxistas de la Ciudad de M\u00e9xico\u201d\u2026 En el marco de la XXII edici\u00f3n de Plastimagen M\u00e9xico 2019, a realizarse del 2 al 5 de abril de 2019 en el Centro Citibanamex de la CDMX, Jos\u00e9 Navarro, director general de Tarsus M\u00e9xico, destac\u00f3 que en 4 d\u00edas se presentar\u00e1n soluciones, tendencias, nuevas tecnolog\u00edas y modelos de negocio que fomentan la competencia de una industria que responde a la globalizaci\u00f3n con la participaci\u00f3n de 870 empresas expositoras de 27 pa\u00edses -representan m\u00e1s de 1600 marcas-, con la oferta m\u00e1s innovadora en tecnolog\u00eda, maquinaria, equipos perif\u00e9ricos, transformaci\u00f3n de materias primas, entre otros productos\u2026El senador poblano, Alejandro Armenta Mier, solicit\u00f3 licencia indefinida, toda vez que la autorizada el pasado 26 de febrero para regresar el 25 de marzo, no surti\u00f3 efecto, pues \u201cnos encontramos en el proceso interno de judicializaci\u00f3n para la gubernatura del estado de Puebla\u201d. Le disputa la candidatura a Miguel Barbosa Huerta\u2026<\/p>\n<p><em><a href=\"mailto:asorianocarrasco@yahoo.com\" target=\"_blank\" rel=\"noopener noreferrer\">asorianocarrasco@yahoo.com<\/a><br \/>\n<a href=\"https:\/\/twitter.com\/brecharevista\" target=\"_blank\" rel=\"noopener noreferrer\">@BrechaRevista<\/a><a href=\"mailto:asorianocarrasco@yahoo.com\" target=\"_blank\" rel=\"noopener noreferrer\"><br \/>\n<\/a><a href=\"https:\/\/revistabrecha.com\" target=\"_blank\" rel=\"noopener noreferrer\">www.revistabrecha.com<\/a><\/em><\/p>\n","protected":false},"excerpt":{"rendered":"<p><span style=\"color: #005497;\"><strong>\u00c1ngel Soriano<\/strong><\/span><\/p>\n","protected":false},"author":3,"featured_media":0,"comment_status":"open","ping_status":"open","sticky":false,"template":"","format":"standard","meta":{"_monsterinsights_skip_tracking":false,"_monsterinsights_sitenote_active":false,"_monsterinsights_sitenote_note":"","_monsterinsights_sitenote_category":0,"footnotes":""},"categories":[135],"tags":[85,86,43674],"class_list":["post-421267","post","type-post","status-publish","format-standard","hentry","category-angel-soriano-opinion","tag-angel-soriano","tag-desde-el-portal","tag-opinion"],"_links":{"self":[{"href":"https:\/\/www.diarioimagen.net\/index.php?rest_route=\/wp\/v2\/posts\/421267","targetHints":{"allow":["GET"]}}],"collection":[{"href":"https:\/\/www.diarioimagen.net\/index.php?rest_route=\/wp\/v2\/posts"}],"about":[{"href":"https:\/\/www.diarioimagen.net\/index.php?rest_route=\/wp\/v2\/types\/post"}],"author":[{"embeddable":true,"href":"https:\/\/www.diarioimagen.net\/index.php?rest_route=\/wp\/v2\/users\/3"}],"replies":[{"embeddable":true,"href":"https:\/\/www.diarioimagen.net\/index.php?rest_route=%2Fwp%2Fv2%2Fcomments&post=421267"}],"version-history":[{"count":0,"href":"https:\/\/www.diarioimagen.net\/index.php?rest_route=\/wp\/v2\/posts\/421267\/revisions"}],"wp:attachment":[{"href":"https:\/\/www.diarioimagen.net\/index.php?rest_route=%2Fwp%2Fv2%2Fmedia&parent=421267"}],"wp:term":[{"taxonomy":"category","embeddable":true,"href":"https:\/\/www.diarioimagen.net\/index.php?rest_route=%2Fwp%2Fv2%2Fcategories&post=421267"},{"taxonomy":"post_tag","embeddable":true,"href":"https:\/\/www.diarioimagen.net\/index.php?rest_route=%2Fwp%2Fv2%2Ftags&post=421267"}],"curies":[{"name":"wp","href":"https:\/\/api.w.org\/{rel}","templated":true}]}}