{"id":421279,"date":"2019-03-28T00:09:44","date_gmt":"2019-03-28T06:09:44","guid":{"rendered":"https:\/\/www.diarioimagen.net\/?p=421279"},"modified":"2019-03-28T07:30:53","modified_gmt":"2019-03-28T13:30:53","slug":"gobierno-de-un-solo-hombre-2","status":"publish","type":"post","link":"https:\/\/www.diarioimagen.net\/?p=421279","title":{"rendered":"Gobierno de un solo hombre"},"content":{"rendered":"<h2>Poder y dinero<\/h2>\n<h5>V\u00edctor S\u00e1nchez Ba\u00f1os<\/h5>\n<p>&nbsp;<\/p>\n<ul>\n<li><strong><em>AMLO, Presidente y \u00fanico vocero <\/em><\/strong><\/li>\n<li><strong><em>PRI, nueva y vieja guardia en guerra<\/em><\/strong><\/li>\n<\/ul>\n<p><em>\u00a0<\/em><\/p>\n<p style=\"text-align: right;\"><strong><em>El arte, cuando es bueno, <\/em><\/strong><em><strong>es siempre entretenimiento<\/strong><br \/>\n<\/em><em>Bertolt Brecht (1898-1956) <\/em><em>Dramaturgo y poeta alem\u00e1n<\/em><\/p>\n<p>&nbsp;<\/p>\n<div id=\"attachment_421341\" style=\"width: 470px\" class=\"wp-caption aligncenter\"><a href=\"https:\/\/www.diarioimagen.net\/?attachment_id=421341\" rel=\"attachment wp-att-421341\"><img loading=\"lazy\" decoding=\"async\" aria-describedby=\"caption-attachment-421341\" class=\"size-large wp-image-421341\" src=\"https:\/\/www.diarioimagen.net\/wp-content\/uploads\/2019\/03\/MAS-ALLA-DEL-PODER-jose-luis-460x379.jpg\" alt=\"\" width=\"460\" height=\"379\" srcset=\"https:\/\/www.diarioimagen.net\/wp-content\/uploads\/2019\/03\/MAS-ALLA-DEL-PODER-jose-luis-460x379.jpg 460w, https:\/\/www.diarioimagen.net\/wp-content\/uploads\/2019\/03\/MAS-ALLA-DEL-PODER-jose-luis-240x198.jpg 240w, https:\/\/www.diarioimagen.net\/wp-content\/uploads\/2019\/03\/MAS-ALLA-DEL-PODER-jose-luis-768x632.jpg 768w, https:\/\/www.diarioimagen.net\/wp-content\/uploads\/2019\/03\/MAS-ALLA-DEL-PODER-jose-luis.jpg 1200w\" sizes=\"auto, (max-width: 460px) 100vw, 460px\" \/><\/a><p id=\"caption-attachment-421341\" class=\"wp-caption-text\">M\u00e1s all\u00e1 del poder&#8230; | Jos\u00e9 Luis<\/p><\/div>\n<p>&nbsp;<\/p>\n<p>#AMLO #GobiernoDeUnSoloHombre #Vocero #M\u00e9xico #Comunicaci\u00f3nSocial #EmpleadosDeAMLO #ZonaDeConfort #MilitaresVenezolanos #SEDENA #Qu\u00e9Necesidad #PRI #UlisesRuiz #AlejandroMoreno #Jos\u00e9Narro #IvonneOrtega #BeyrutiS\u00e1nchez #ReyesMaroto #BancoAzteca<\/p>\n<p>&nbsp;<\/p>\n<p>De lunes a viernes, el presidente Andr\u00e9s Manuel L\u00f3pez Obrador realiza conferencias de prensa ma\u00f1aneras. Replica el mismo esquema de comunicaci\u00f3n que ten\u00eda durante u paso por la entonces jefatura de gobierno del Distrito Federal. Su objetivo, en aquel entonces, era fijar agenda al gobierno federal, que encabezaba el panista Vicente Fox. \u00a1Y, lo logr\u00f3!<\/p>\n<p>L\u00f3pez Obrador no es un animal pol\u00edtico; es un depredador pol\u00edtico. Y, tengo que reconocer, es el estratega de comunicaci\u00f3n desde un Ejecutivo federal, con mayores alcances en la historia del pa\u00eds. Y, no exagero. Ni Porfirio D\u00edaz, ni Ju\u00e1rez, ni C\u00e1rdenas, ni L\u00f3pez Mateos, ni ning\u00fan otro lograron atraer al electorado mediante mensajes en los medios.<\/p>\n<p>No es un gran orador, ni un personaje que mueva las masas en el discurso pol\u00edtico. Pero, en el mensaje que queda en los medios, es efectivo.<\/p>\n<p>Estimado lector, no tomes a zalamer\u00eda lo que menciono. Analizo \u00fanicamente los hechos en comunicaci\u00f3n. Se que en otras \u00e1reas hay debilidades importantes en el gobierno lopezobradorista. Sin embargo, AMLO sabe perfectamente dejar la semilla para la noche principal de peri\u00f3dicos, portales, leads de notas de radio y televisi\u00f3n. Es m\u00e1s, sus alcances est\u00e1n ahora en las redes sociales.<\/p>\n<p>Les hace m\u00e1s del 90% del trabajo a sus \u201cchairos bots\u201d (su equipo que trabaja para impulsar la imagen del Presidente en las tres redes m\u00e1s importantes: Twitter, Facebook, Youtube). Aunque estos patrocinadores presidenciales abandonan otras dos estrategias de j\u00f3venes como Instagram y Snapchat.<\/p>\n<p>Sin embargo, m\u00e1s de 200 conferencias de prensa al a\u00f1o, son un gran desgaste para el Presidente. Deja en una zona de confort a sus empleados: sus secretarios, subsecretarios, directores de dependencias y organismos gubernamentales.<\/p>\n<p>Estoy de acuerdo con L\u00f3pez Obrador al recortar personal de muchas oficinas de prensa, que simplemente eran compromisos del pol\u00edtico en turno hasta con la familia del chofer. Sin embargo, hay informaci\u00f3n especializada que deben cumplir los responsables de cada una de las dependencias.<\/p>\n<p>Explicar, informar, es la responsabilidad de todos y cada uno de los funcionarios y empleados de gobierno. Sin embargo, hoy, el Presidente toma esa responsabilidad a nombre de toda la administraci\u00f3n y eso es desgastante, aunque en lo personal, como periodista, me es c\u00f3modo ver con un solo personaje mis dudas.<\/p>\n<p><strong>PODEROSOS CABALLEROS<\/strong>: Como dir\u00eda el <em>Divo de Ju\u00e1rez<\/em>, \u201c\u00a1pero qu\u00e9 necesidad!\u201d. En momentos de pol\u00edtica internacional complicados y el rechazo de muchos mexicanos en contra de la dictadura de Nicol\u00e1s Maduro en Venezuela, el gobierno mexicano, a trav\u00e9s de la Secretar\u00eda de Defensa Nacional, invit\u00f3 a un grupo de militares venezolanos (que tienen el control pol\u00edtico del gobierno de aquel pa\u00eds) a una reuni\u00f3n de grupos militares. *** La guerra por el liderazgo pri\u00edsta est\u00e1 a todo vapor. Apareci\u00f3 el malo de la pel\u00edcula: Ulises Ruiz, ex gobernador oaxaque\u00f1o de negro historial. Mediante cuestionamientos y rencillas ancestrales con sus enemigos, quiere golpetear a Alejandro Moreno, gobernador de Campeche, que aspira a la presidencia del CEN pri\u00edsta. Ahora quiere llevar a juicio a Enrique Pe\u00f1a Nieto. Si quiere encarcelar a todos los corruptos, s\u00f3lo le queda acabar con el PRI, PAN, PRD, Morena y todos los partidos; no habr\u00eda nadie en la pol\u00edtica para cerrar la puerta. Alejandro Moreno, es el m\u00e1s viable aspirante a la presidencia del CEN. Apareci\u00f3 Jos\u00e9 Narro, el respetable ex rector, pero choca con la imagen de los nuevos tiempos, aunque es un catedr\u00e1tico que piensa joven. Ivonne Ortega, ex gobernadora de Yucat\u00e1n, es la tercera en el camino. \u00bfNuevas y viejas guardias? *** La ministra espa\u00f1ola de Industria, Comercio y Turismo, Reyes Maroto, durante su participaci\u00f3n en la jornada empresarial, celebrada dentro del marco de El \u00c1gora de <em>El Economista<\/em> de Espa\u00f1a, se\u00f1al\u00f3 que s\u00f3lo el sector de Industria, genera el 50% del PIB espa\u00f1ol, en tanto que en el de Turismo y contra los pron\u00f3sticos, ha obtenido resultados r\u00e9cord en 2018. En esta jornada empresarial particip\u00f3 como invitado el presidente de GINgroup, Ra\u00fal Beyruti. El evento, realizado en Madrid, estuvo patrocinada por la empresas EY, Redexis y Siemens.<\/p>\n<p><strong>RESPONSABILIDAD SOCIAL CORPORATIVA<\/strong>: Banco Azteca incrementa el valor de su marca y asciende en la clasificaci\u00f3n Banking 500, de Brand Finance. En un a\u00f1o, el valor de la marca Banco Azteca se increment\u00f3 en casi 100 millones de d\u00f3lares, de acuerdo con la firma. La instituci\u00f3n financiera asciende 13 posiciones, al ubicarse en el lugar 265 en el \u201cBanking 500 2019\u201d, publicado por la revista inglesa <em>The Banker<\/em>. Entre los bancos mexicanos listados en este ranking, Banco Azteca ocup\u00f3 el segundo lugar, y es el \u00fanico que mejora su nivel en relaci\u00f3n al logrado el a\u00f1o anterior.<\/p>\n<p><a href=\"http:\/\/poderydinero.mx\" target=\"_blank\" rel=\"noopener noreferrer\"><em>poderydinero.mx<\/em><\/a><em><b><br \/>\n<\/b><a href=\"mailto:vsanchezb@gmail.com\" target=\"_blank\" rel=\"noopener noreferrer\">vsanchezb@gmail.com<br \/>\n<\/a><strong>Twitter:<\/strong><a href=\"https:\/\/twitter.com\/vsanchezbanos\" target=\"_blank\" rel=\"noopener noreferrer\">@vsanchezbano<br \/>\n<\/a><strong>Facebook:\u00a0<\/strong><a href=\"https:\/\/www.facebook.com\/vsanchezbanos?fref=ts\" target=\"_blank\" rel=\"noopener noreferrer\">vsanchezbano<\/a><\/em><\/p>\n","protected":false},"excerpt":{"rendered":"<p><span style=\"color: #005497;\"><strong>V\u00edctor S\u00e1nchez Ba\u00f1os<\/strong><\/span><br \/>\n<br \/>\nDe lunes a viernes, el presidente Andr\u00e9s Manuel L\u00f3pez Obrador realiza conferencias de prensa ma\u00f1aneras. Replica el mismo esquema de comunicaci\u00f3n que ten\u00eda durante u paso por la entonces jefatura de gobierno del Distrito Federal. Su objetivo, en aquel entonces, era fijar agenda al gobierno federal, que encabezaba el panista Vicente Fox. \u00a1Y, lo logr\u00f3!<\/p>\n","protected":false},"author":3,"featured_media":421341,"comment_status":"open","ping_status":"open","sticky":false,"template":"","format":"standard","meta":{"_monsterinsights_skip_tracking":false,"_monsterinsights_sitenote_active":false,"_monsterinsights_sitenote_note":"","_monsterinsights_sitenote_category":0,"footnotes":""},"categories":[38844],"tags":[43674,38847,38848],"class_list":["post-421279","post","type-post","status-publish","format-standard","has-post-thumbnail","hentry","category-victor-sanchez-banos","tag-opinion","tag-poder-y-dinero","tag-victor-sanchez-banos"],"_links":{"self":[{"href":"https:\/\/www.diarioimagen.net\/index.php?rest_route=\/wp\/v2\/posts\/421279","targetHints":{"allow":["GET"]}}],"collection":[{"href":"https:\/\/www.diarioimagen.net\/index.php?rest_route=\/wp\/v2\/posts"}],"about":[{"href":"https:\/\/www.diarioimagen.net\/index.php?rest_route=\/wp\/v2\/types\/post"}],"author":[{"embeddable":true,"href":"https:\/\/www.diarioimagen.net\/index.php?rest_route=\/wp\/v2\/users\/3"}],"replies":[{"embeddable":true,"href":"https:\/\/www.diarioimagen.net\/index.php?rest_route=%2Fwp%2Fv2%2Fcomments&post=421279"}],"version-history":[{"count":0,"href":"https:\/\/www.diarioimagen.net\/index.php?rest_route=\/wp\/v2\/posts\/421279\/revisions"}],"wp:featuredmedia":[{"embeddable":true,"href":"https:\/\/www.diarioimagen.net\/index.php?rest_route=\/wp\/v2\/media\/421341"}],"wp:attachment":[{"href":"https:\/\/www.diarioimagen.net\/index.php?rest_route=%2Fwp%2Fv2%2Fmedia&parent=421279"}],"wp:term":[{"taxonomy":"category","embeddable":true,"href":"https:\/\/www.diarioimagen.net\/index.php?rest_route=%2Fwp%2Fv2%2Fcategories&post=421279"},{"taxonomy":"post_tag","embeddable":true,"href":"https:\/\/www.diarioimagen.net\/index.php?rest_route=%2Fwp%2Fv2%2Ftags&post=421279"}],"curies":[{"name":"wp","href":"https:\/\/api.w.org\/{rel}","templated":true}]}}