{"id":421283,"date":"2019-03-28T00:11:42","date_gmt":"2019-03-28T06:11:42","guid":{"rendered":"https:\/\/www.diarioimagen.net\/?p=421283"},"modified":"2019-03-29T04:51:51","modified_gmt":"2019-03-29T10:51:51","slug":"cortes-asesino-intelectual-de-cuauhtemoc-el-descubrimiento-conquista-o-intervencion","status":"publish","type":"post","link":"https:\/\/www.diarioimagen.net\/?p=421283","title":{"rendered":"Cort\u00e9s, \u00bfasesino intelectual de Cuauht\u00e9moc?; el descubrimiento, \u00bfconquista o intervenci\u00f3n?"},"content":{"rendered":"<h2>Tras la puerta del poder<\/h2>\n<h5>Roberto Vizca\u00edno<\/h5>\n<p>&nbsp;<\/p>\n<div id=\"attachment_421336\" style=\"width: 470px\" class=\"wp-caption aligncenter\"><a href=\"https:\/\/www.diarioimagen.net\/?attachment_id=421336\" rel=\"attachment wp-att-421336\"><img loading=\"lazy\" decoding=\"async\" aria-describedby=\"caption-attachment-421336\" class=\"size-large wp-image-421336\" src=\"https:\/\/www.diarioimagen.net\/wp-content\/uploads\/2019\/03\/pemex-hoy-LUIS-XAVIER-460x362.jpg\" alt=\"\" width=\"460\" height=\"362\" srcset=\"https:\/\/www.diarioimagen.net\/wp-content\/uploads\/2019\/03\/pemex-hoy-LUIS-XAVIER-460x362.jpg 460w, https:\/\/www.diarioimagen.net\/wp-content\/uploads\/2019\/03\/pemex-hoy-LUIS-XAVIER-240x189.jpg 240w, https:\/\/www.diarioimagen.net\/wp-content\/uploads\/2019\/03\/pemex-hoy-LUIS-XAVIER-768x604.jpg 768w, https:\/\/www.diarioimagen.net\/wp-content\/uploads\/2019\/03\/pemex-hoy-LUIS-XAVIER.jpg 1200w\" sizes=\"auto, (max-width: 460px) 100vw, 460px\" \/><\/a><p id=\"caption-attachment-421336\" class=\"wp-caption-text\">Pemex hoy&#8230; | Luis Xavier<\/p><\/div>\n<p>&nbsp;<\/p>\n<p>No s\u00e9 para usted, pero para m\u00ed algunas conferencias ma\u00f1aneras del presidente <strong>Andr\u00e9s Manuel L\u00f3pez Obrador<\/strong> no s\u00f3lo no tienen desperdicio, sino que son verdaderamente espectaculares.<\/p>\n<p>Aleccionadoras.<\/p>\n<p>Como la de ayer, que encabez\u00f3 en Tijuana y que me desvel\u00f3 la visi\u00f3n personal del tabasque\u00f1o sobre hechos de nuestro pasado que yo cre\u00eda haber entendido de otra forma.<\/p>\n<p>Por ejemplo, ayer <strong>L\u00f3pez Obrador <\/strong>nos revel\u00f3 en su ma\u00f1anera que <strong>Hern\u00e1n Cortes <\/strong>fue en los hechos el asesino intelectual del \u00faltimo emperador azteca, del mism\u00edsimo <strong>Cuauht\u00e9moc.<\/strong><\/p>\n<p>Y que el descubrimiento podr\u00eda pasar de conquista a invasi\u00f3n.<\/p>\n<p>Las revelaciones de AMLO sobrevinieron al responder a la, dijo, \u201cpol\u00e9mica porque dimos a conocer que envi\u00e9 dos cartas, una al rey de Espa\u00f1a, otra al Papa Francisco, para invitarlos, en forma respetuosa, a que la Corona Espa\u00f1ola y la Iglesia Cat\u00f3lica reconocieran los abusos que se cometieron durante La Conquista, durante los tres siglos de dominaci\u00f3n colonial, porque en el 2021 vamos a conmemorar 500 a\u00f1os de la toma de Tenochtitlan y 200 a\u00f1os de nuestra Independencia.<\/p>\n<p>\u201cEntonces, consideramos, <em>sin \u00e1nimo de confrontaci\u00f3n, que es conveniente ofrecer disculpas a los pueblos originarios, porque indudablemente se cometieron abusos; pedir perd\u00f3n por actos autoritarios, que se llevaron a cabo y que son conocidos, de dominio p\u00fablico\u2026 ofrecer disculpas, pedir perd\u00f3n para hermanarnos y reconciliarnos. Ese es el planteamiento. <\/em><\/p>\n<p>\u201c\u00bfO es mucho pedir?&#8230;<\/p>\n<p>\u201cSe me hace que hubo una <em>sobrerrespuesta,<\/em> (que) se exager\u00f3 mucho\u2026 la parte buena el que se haya abierto esta pol\u00e9mica, porque nos lleva a revisar nuestro pasado\u2026 y yo creo que tenemos que poner esto al corriente y ventilarlo\u2026\u201d, enumer\u00f3.<\/p>\n<p>Y continu\u00f3:<\/p>\n<p>\u201cA ver, yo les pregunto a ustedes (dijo a los reporteros): Vamos a celebrar los 500 a\u00f1os(del descubrimiento), \u00bfse celebra una conquista?, <em>\u00bfse celebra una intervenci\u00f3n?\u201d.<\/em><\/p>\n<p><em>Confieso que nunca pens\u00e9 ni le\u00ed que el descubrimiento espa\u00f1ol pudiese ser considerado como una \u201cintervenci\u00f3n\u201d.<\/em><\/p>\n<p><em>AMLO aclar\u00f3 que con su exigencia de petici\u00f3n de perd\u00f3n al Rey y al Papa \u201cno estamos pidiendo una indemnizaci\u00f3n, (o) que nos devuelvan recursos que se transfirieron, se trasladaron a Europa. No estamos pidiendo eso, es nada m\u00e1s aclarar qu\u00e9 sucedi\u00f3.<\/em><\/p>\n<p>\u201cMiren: <em>Cort\u00e9s orden\u00f3 el asesinato de Cuauht\u00e9moc all\u00e1 en el municipio de Tenosique, en el estado de Tabasco, en 1525.<\/em><\/p>\n<p><em>\u201cLos padres de nuestra patria, Hidalgo y Morelos, fueron excomulgados y son los padres de nuestra patria.<\/em> Vamos a conmemorar los 200 a\u00f1os de Independencia.<\/p>\n<p>\u201cEntonces, <em>no es para confrontaci\u00f3n, para encono\u2026 \u00bfO qu\u00e9, de plano vamos a olvidar ya nuestra historia?\u201d, <\/em>interrog\u00f3.<\/p>\n<p>Y se fue al fondo de los acosos a que lo someten sus permanentes infiernos:<\/p>\n<p><em>\u201cEsa es una caracter\u00edstica del neoliberalismo\u201d<\/em>, el del olvido, subray\u00f3.<\/p>\n<p>Es decir, de acuerdo a su disertaci\u00f3n, el <strong>Rey Felipe <\/strong>de Espa\u00f1a y el <strong>Papa Francisco,<\/strong> al negarse a pedirle perd\u00f3n a los pueblos originarios de M\u00e9xico, se estar\u00edan equiparando a los ex presidentes <strong>Carlos Salinas, Ernesto Zedillo, Vicente Fox, Felipe Calder\u00f3n y Enrique Pe\u00f1a Nieto<\/strong> a quienes \u00e9l a encuadrado dentro de la etapa del neoliberalismo mexicano.<\/p>\n<p>Quiz\u00e1 por eso sentenci\u00f3:<\/p>\n<p><em>\u201cNosotros no podemos olvidar; o sea, se perdona, pero no se puede olvidar la historia de los pueblos.<\/em><\/p>\n<p><em>\u201cNosotros estamos promoviendo la Cuarta Transformaci\u00f3n de la vida p\u00fablica del pa\u00eds y tenemos como antecedentes las tres transformaciones que ha habido: la Independencia, la Reforma y la Revoluci\u00f3n.<\/em><\/p>\n<p><em>\u201cEntonces, no podemos olvidar.<\/em> <em>Ese es el tema\u201d.<\/em><\/p>\n<p>Confieso que cuando lleg\u00f3 a lo de la Cuarta Transformaci\u00f3n me perd\u00ed y ya no entend\u00ed nada, pero pues si \u00e9l lo dice es que lo de la 4ta Transformaci\u00f3n es algo importante dentro de su trama hist\u00f3rica, \u00bfno?<\/p>\n<p>Creo que por ah\u00ed va su idea\u2026 \u00bfo Usted qu\u00e9 opina?<\/p>\n<p style=\"text-align: center;\"><strong>Mujeres, esenciales en el desarrollo<\/strong><\/p>\n<p>Al saludarlas en el inicio del primer curso de g\u00e9nero, Ricardo Monreal convoc\u00f3 a un grupo de j\u00f3venes mujeres zacatecanas a prepararse y a avanzar en sus estudios para enfrentar a un pa\u00eds y un mundo en cambio.<\/p>\n<p>\u201cY, desde mi punto de vista, las mujeres est\u00e1n empujando muy fuerte el cambio\u201d.<\/p>\n<p>El coordinador de los senadores de Morena y presidente de la Junta de Coordinaci\u00f3n Pol\u00edtica del Senado record\u00f3 que en la actual legislatura existen ya varias iniciativas en proceso para lograr la paridad y el acceso de las mujeres a la justicia.<\/p>\n<p>\u201cY nosotros que provenimos de un estado dif\u00edcil, un sector campesino mayoritario, y ahora no s\u00e9 si as\u00ed lo sea, pero donde todav\u00eda existe mucha discriminaci\u00f3n, violencia en el campo, tambi\u00e9n en las ciudades, las zonas urbanas, pobladas, debemos de luchar.<\/p>\n<p>\u201cPor eso me alegra mucho que est\u00e9n todas aqu\u00ed, que convivan, que se conozcan, que se ayuden entre s\u00ed, que luchen para lograr mejores \u00e1reas de desarrollo social, pol\u00edtico, econ\u00f3mico, que se esfuercen, que se preparen, que lean, que participen, es muy importante que lo hagan\u201d, indic\u00f3.<\/p>\n<p style=\"text-align: center;\"><strong>En proceso la ley para j\u00f3venes<\/strong><\/p>\n<p>En la sede del Senado en Xicot\u00e9ncatl, durante la inauguraci\u00f3n del Parlamento Abierto, Rumbo a la Ley General de Juventud: Conceptos b\u00e1sicos y derechos de los j\u00f3venes, la senadora de Morena, <strong>Luc\u00eda Virginia Meza Guzm\u00e1n<\/strong>, indic\u00f3 que en su c\u00e1mara se tramita una nueva legislaci\u00f3n a fin de reconocer plenamente los derechos de m\u00e1s de 30 millones de j\u00f3venes en M\u00e9xico.<\/p>\n<p>Este grupo no s\u00f3lo requiere reforzar el respeto a sus derechos humanos, indic\u00f3 la senadora, sino ser reconocidos como sujetos de protecci\u00f3n contra la violencia, la falta de oportunidades, e impulsarlos, porque esa es la obligaci\u00f3n del Estado.<\/p>\n<p>Por ello anunci\u00f3 la realizaci\u00f3n de foros abiertos en las principales ciudades del pa\u00eds, con el prop\u00f3sito de escuchar a los propios j\u00f3venes, acad\u00e9micos y especialistas, para aporten ideas al nuevo ordenamiento.<\/p>\n<p>\u201cNo vamos a legislar a sus espaldas. Por el contrario, todas y todos vamos a participar para contribuir a lograr esta nueva ley\u201d.<\/p>\n<p>Las iniciativas sobre el tema, presentadas hasta hoy, dijo, carecen de perspectiva de g\u00e9nero, para lo cual se deben escuchar, afirm\u00f3, a los j\u00f3venes en sus quejas y demandas.<\/p>\n<p><em><a href=\"http:\/\/endirecto.mx\" target=\"_blank\" rel=\"noopener noreferrer\">www.endirecto.mx<\/a><\/em><br \/>\n<em><a href=\"https:\/\/twitter.com\/_rvizcaino\" target=\"_blank\" rel=\"noopener noreferrer\">@_RVizcaino<\/a><\/em><br \/>\n<a href=\"https:\/\/www.facebook.com\/rvizcainoa\" target=\"_blank\" rel=\"noopener noreferrer\">f<em>acebook.com\/rvizcainoa<\/em><\/a><\/p>\n","protected":false},"excerpt":{"rendered":"<p><span style=\"color: #005497;\"><strong>Roberto Vizca\u00edno<\/strong><\/span><br \/>\n<br \/>\nNo s\u00e9 para usted, pero para m\u00ed algunas conferencias ma\u00f1aneras del presidente <strong>Andr\u00e9s Manuel L\u00f3pez Obrador<\/strong> no s\u00f3lo no tienen desperdicio, sino que son verdaderamente espectaculares.<\/p>\n","protected":false},"author":3,"featured_media":421336,"comment_status":"open","ping_status":"open","sticky":false,"template":"","format":"standard","meta":{"_monsterinsights_skip_tracking":false,"_monsterinsights_sitenote_active":false,"_monsterinsights_sitenote_note":"","_monsterinsights_sitenote_category":0,"footnotes":""},"categories":[136],"tags":[43674,93,94],"class_list":["post-421283","post","type-post","status-publish","format-standard","has-post-thumbnail","hentry","category-roberto-vizcaino-opinion","tag-opinion","tag-roberto-vizcaino","tag-tras-la-puerta-del-poder"],"_links":{"self":[{"href":"https:\/\/www.diarioimagen.net\/index.php?rest_route=\/wp\/v2\/posts\/421283","targetHints":{"allow":["GET"]}}],"collection":[{"href":"https:\/\/www.diarioimagen.net\/index.php?rest_route=\/wp\/v2\/posts"}],"about":[{"href":"https:\/\/www.diarioimagen.net\/index.php?rest_route=\/wp\/v2\/types\/post"}],"author":[{"embeddable":true,"href":"https:\/\/www.diarioimagen.net\/index.php?rest_route=\/wp\/v2\/users\/3"}],"replies":[{"embeddable":true,"href":"https:\/\/www.diarioimagen.net\/index.php?rest_route=%2Fwp%2Fv2%2Fcomments&post=421283"}],"version-history":[{"count":0,"href":"https:\/\/www.diarioimagen.net\/index.php?rest_route=\/wp\/v2\/posts\/421283\/revisions"}],"wp:featuredmedia":[{"embeddable":true,"href":"https:\/\/www.diarioimagen.net\/index.php?rest_route=\/wp\/v2\/media\/421336"}],"wp:attachment":[{"href":"https:\/\/www.diarioimagen.net\/index.php?rest_route=%2Fwp%2Fv2%2Fmedia&parent=421283"}],"wp:term":[{"taxonomy":"category","embeddable":true,"href":"https:\/\/www.diarioimagen.net\/index.php?rest_route=%2Fwp%2Fv2%2Fcategories&post=421283"},{"taxonomy":"post_tag","embeddable":true,"href":"https:\/\/www.diarioimagen.net\/index.php?rest_route=%2Fwp%2Fv2%2Ftags&post=421283"}],"curies":[{"name":"wp","href":"https:\/\/api.w.org\/{rel}","templated":true}]}}