{"id":421362,"date":"2019-03-29T00:02:59","date_gmt":"2019-03-29T06:02:59","guid":{"rendered":"https:\/\/www.diarioimagen.net\/?p=421362"},"modified":"2019-04-01T00:11:49","modified_gmt":"2019-04-01T06:11:49","slug":"vecinos-rompe-todos-los-records-de-audiencia","status":"publish","type":"post","link":"https:\/\/www.diarioimagen.net\/?p=421362","title":{"rendered":"\u201cVecinos\u201d rompe todos los r\u00e9cords de audiencia"},"content":{"rendered":"<ul>\n<li><em><strong>El productor de la serie celebra el estreno de su quinta temporada, al obtener 3 millones 775 mil televidentes durante su arranque y prev\u00e9 que el humor blanco retomar\u00e1 el lugar que le corresponde<\/strong><\/em><\/li>\n<li><em><strong>\u201cQueremos que la comedia regrese a la cima\u201d: El\u00edas Solorio<\/strong><\/em><\/li>\n<\/ul>\n<h6>Arturo Arellano<\/h6>\n<p>&nbsp;<\/p>\n<div id=\"attachment_421363\" style=\"width: 470px\" class=\"wp-caption aligncenter\"><img loading=\"lazy\" decoding=\"async\" aria-describedby=\"caption-attachment-421363\" class=\"size-large wp-image-421363\" src=\"https:\/\/www.diarioimagen.net\/wp-content\/uploads\/2019\/03\/vecinos-1-PORTAL-460x268.jpg\" alt=\"\" width=\"460\" height=\"268\" srcset=\"https:\/\/www.diarioimagen.net\/wp-content\/uploads\/2019\/03\/vecinos-1-PORTAL-460x268.jpg 460w, https:\/\/www.diarioimagen.net\/wp-content\/uploads\/2019\/03\/vecinos-1-PORTAL-240x140.jpg 240w, https:\/\/www.diarioimagen.net\/wp-content\/uploads\/2019\/03\/vecinos-1-PORTAL.jpg 480w\" sizes=\"auto, (max-width: 460px) 100vw, 460px\" \/><p id=\"caption-attachment-421363\" class=\"wp-caption-text\">El productor El\u00edas Osorio celebra tener un gran elenco desde hace 14 a\u00f1os. <em>(Foto: Arturo Arellano)<\/em><\/p><\/div>\n<p>&nbsp;<\/p>\n<p>El pasado fin de semana se estren\u00f3\u00a0 la quinta temporada del programa de comedia \u201cVecinos\u201d, de Televisa, el cual rompi\u00f3 r\u00e9cord de audiencia al obtener 3 millones 775 mil televidentes durante su arranque, lo cual adem\u00e1s es un r\u00e9cord hist\u00f3rico para un estreno en televisi\u00f3n al menos en lo que se refiere a programas de humor.<\/p>\n<p>Para ahondar en el tema, el destacado productor de \u201cVecinos\u201d, El\u00edas Solorio, platic\u00f3 en entrevista con <strong>DIARIO IMAGEN<\/strong>. \u201cEstamos contentos creo que lo que se logr\u00f3 este domingo es hist\u00f3rico para la comedia, el n\u00famero de audiencia que se alcanz\u00f3 es incre\u00edble. Saber que la gente despu\u00e9s de tantos a\u00f1os nos sigue apoyando nos llena de satisfacci\u00f3n. Empezamos con una hora de repeticiones con lo que tuvimos poco m\u00e1s de dos millones de televidentes y luego con lo que ya es el estreno subimos un mill\u00f3n m\u00e1s de televidentes, alcanzamos casi los cuatro millones. Este es un n\u00famero que ya un final de telenovela lo quisiera, creo que estamos muy gratamente sorprendidos por la respuesta\u201d.<\/p>\n<div id=\"attachment_421364\" style=\"width: 339px\" class=\"wp-caption alignleft\"><img loading=\"lazy\" decoding=\"async\" aria-describedby=\"caption-attachment-421364\" class=\" wp-image-421364\" src=\"https:\/\/www.diarioimagen.net\/wp-content\/uploads\/2019\/03\/vecinos-2-PORTAL-460x307.jpg\" alt=\"\" width=\"329\" height=\"212\" \/><p id=\"caption-attachment-421364\" class=\"wp-caption-text\">El destacado productor de \u201cVecinos\u201d, El\u00edas Solorio, platic\u00f3 en entrevista con DIARIOIMAGEN. \u201cEstamos contentos, creo que lo que se logr\u00f3 este domingo es hist\u00f3rico para la comedia, el n\u00famero de audiencia que se alcanz\u00f3 es incre\u00edble.<\/p><\/div>\n<p>Adelanta que \u201cya tenemos la sexta temporada, que va a entrar al t\u00e9rmino de \u00e9sta. En total tenemos m\u00e1s de 150 cap\u00edtulos, que a c\u00f3mo est\u00e1n ahora las cosas, en vez de la sexta temporada ya estar\u00edamos como en la quince. La f\u00f3rmula no existe, s\u00f3lo respetemos a la gente y lo que propusimos desde un principio, hacer comedia de situaci\u00f3n, familiar, que puedas ver con todos, un humor blanco sin doble sentido, no porque est\u00e9 mal sino porque nuestro proyecto es otro. Ha habido veces en que tenemos el gusanillo de meter m\u00e1s cosas, pero respetamos lo que ofrecimos al principio. Puedes ver ahora ni\u00f1os de seis o siete a\u00f1os que cuando empezamos con el programa no hab\u00edan nacido y a\u00fan as\u00ed les gustan los di\u00e1logos y los personajes, se ha vuelto generacional\u201d.<\/p>\n<p>Celebra tambi\u00e9n \u201ctener un gran elenco, son espectaculares todos, son buen\u00edsimos para la comedia y tienen buena vibra en el equipo. Desde que iniciamos esto todos hicimos un gran equipo frente y detr\u00e1s de c\u00e1maras, somos los mismos que empezamos hace 14 a\u00f1os haciendo \u2018Vecinos\u2019. Lo m\u00e1s complicado es esto de coordinar los horarios, porque algunos tienen teatro, cine u otro programa, pero una vez coordinando lo horarios todos tienen gran disposici\u00f3n y coincidimos en que si hay un programa que nos ha cambiado la vida ha sido este, por ejemplo C\u00e9sar Bono que ha tenido muchos programas y una gran trayectoria dice \u2018Salgo a la calle y soy Frankie Rivers\u2019, son personajes que ya se quedaron en el gusto de la gente\u201d.<\/p>\n<p>Para mantenerse en el gusto de la gente dice \u201cpr\u00e1cticamente mantenemos al mismo equipo desde siempre, tengo un director creativo, Enrique Gonz\u00e1lez, con el que me entiendo perfecto y con \u00e9l y otros escritores lo que tratamos siempre es sorprender. Ver estas historias y que te lleven a una referencia de los vecinos, la familia o hasta de ti mismo, el chiste es irnos adaptarnos a los tiempos, los personajes evolucionan f\u00edsica y personalmente, nosotros evolucionamos con ellos dentro de historias identificables\u201d. De modo que con ello sobreviven no humor blanco en medio de la moda del humor \u00e1cido y negro \u201ces complicado, porque no juegas en la misma cancha, no podemos decir lo que dicen otros, es otro tipo de humor, incluso a veces hasta otra ventana. Cuando ves el \u00e9xito de este estreno dices hay gente que quiere ver esto, solo hace falta escuchar al p\u00fablico y darle buen contenido. Televisa abri\u00f3 su barra de comedia los domingos y es para esa gente que ama el humor blanco, que quieren disfrutar una tarde con la familia y que nadie se ofenda. Tenemos limitaciones pero m\u00e1s grande es la oportunidad que tenemos para retomar esta parte del humor blanco yY ojal\u00e1 que los que vienen atr\u00e1s superen estos n\u00fameros de audiencias para regresar al humor blanco al lugar que le corresponde\u201d.<\/p>\n<p>\u201cVecinos\u201d se transmite todos los domingos de 19:30 a 20:30 por <em>las estrellas<\/em>.<\/p>\n<p>&nbsp;<\/p>\n<blockquote><p>El\u00edas Osorio adelanta que \u201cya tenemos la sexta temporada, que va a entrar al t\u00e9rmino de esta. En total tenemos m\u00e1s de 150 cap\u00edtulos, que a c\u00f3mo est\u00e1n ahora las cosas, en vez de la sexta temporada ya estar\u00edamos como en la quince\u201d.<\/p><\/blockquote>\n<p>&nbsp;<\/p>\n","protected":false},"excerpt":{"rendered":"<p>El pasado fin de semana se estren\u00f3\u00a0 la quinta temporada del programa de comedia \u201cVecinos\u201d, de Televisa, el cual rompi\u00f3 r\u00e9cord de audiencia al obtener 3 millones 775 mil televidentes durante su arranque, lo cual adem\u00e1s es un r\u00e9cord hist\u00f3rico para un estreno en televisi\u00f3n al menos en lo que se refiere a programas de humor.<\/p>\n","protected":false},"author":5,"featured_media":421363,"comment_status":"open","ping_status":"open","sticky":false,"template":"","format":"standard","meta":{"_monsterinsights_skip_tracking":false,"_monsterinsights_sitenote_active":false,"_monsterinsights_sitenote_note":"","_monsterinsights_sitenote_category":0,"footnotes":""},"categories":[12],"tags":[43682,84055,26362],"class_list":["post-421362","post","type-post","status-publish","format-standard","has-post-thumbnail","hentry","category-espectaculos","tag-espectaculos","tag-rompe-todos-los-records-de-audiencia","tag-vecinos"],"_links":{"self":[{"href":"https:\/\/www.diarioimagen.net\/index.php?rest_route=\/wp\/v2\/posts\/421362","targetHints":{"allow":["GET"]}}],"collection":[{"href":"https:\/\/www.diarioimagen.net\/index.php?rest_route=\/wp\/v2\/posts"}],"about":[{"href":"https:\/\/www.diarioimagen.net\/index.php?rest_route=\/wp\/v2\/types\/post"}],"author":[{"embeddable":true,"href":"https:\/\/www.diarioimagen.net\/index.php?rest_route=\/wp\/v2\/users\/5"}],"replies":[{"embeddable":true,"href":"https:\/\/www.diarioimagen.net\/index.php?rest_route=%2Fwp%2Fv2%2Fcomments&post=421362"}],"version-history":[{"count":0,"href":"https:\/\/www.diarioimagen.net\/index.php?rest_route=\/wp\/v2\/posts\/421362\/revisions"}],"wp:featuredmedia":[{"embeddable":true,"href":"https:\/\/www.diarioimagen.net\/index.php?rest_route=\/wp\/v2\/media\/421363"}],"wp:attachment":[{"href":"https:\/\/www.diarioimagen.net\/index.php?rest_route=%2Fwp%2Fv2%2Fmedia&parent=421362"}],"wp:term":[{"taxonomy":"category","embeddable":true,"href":"https:\/\/www.diarioimagen.net\/index.php?rest_route=%2Fwp%2Fv2%2Fcategories&post=421362"},{"taxonomy":"post_tag","embeddable":true,"href":"https:\/\/www.diarioimagen.net\/index.php?rest_route=%2Fwp%2Fv2%2Ftags&post=421362"}],"curies":[{"name":"wp","href":"https:\/\/api.w.org\/{rel}","templated":true}]}}