{"id":421411,"date":"2019-03-29T00:11:58","date_gmt":"2019-03-29T06:11:58","guid":{"rendered":"https:\/\/www.diarioimagen.net\/?p=421411"},"modified":"2019-03-29T05:14:07","modified_gmt":"2019-03-29T11:14:07","slug":"amlo-respeta-la-postura-de-eu-sobre-migracion","status":"publish","type":"post","link":"https:\/\/www.diarioimagen.net\/?p=421411","title":{"rendered":"AMLO respeta la postura de EU sobre migraci\u00f3n"},"content":{"rendered":"<p><a href=\"https:\/\/www.diarioimagen.net\/?attachment_id=421483\" rel=\"attachment wp-att-421483\"><img loading=\"lazy\" decoding=\"async\" class=\"aligncenter size-large wp-image-421483\" src=\"https:\/\/www.diarioimagen.net\/wp-content\/uploads\/2019\/03\/MIGRANTES29d-460x259.jpg\" alt=\"\" width=\"460\" height=\"259\" srcset=\"https:\/\/www.diarioimagen.net\/wp-content\/uploads\/2019\/03\/MIGRANTES29d-460x259.jpg 460w, https:\/\/www.diarioimagen.net\/wp-content\/uploads\/2019\/03\/MIGRANTES29d-240x135.jpg 240w, https:\/\/www.diarioimagen.net\/wp-content\/uploads\/2019\/03\/MIGRANTES29d-235x132.jpg 235w, https:\/\/www.diarioimagen.net\/wp-content\/uploads\/2019\/03\/MIGRANTES29d-202x114.jpg 202w, https:\/\/www.diarioimagen.net\/wp-content\/uploads\/2019\/03\/MIGRANTES29d-350x196.jpg 350w, https:\/\/www.diarioimagen.net\/wp-content\/uploads\/2019\/03\/MIGRANTES29d-220x123.jpg 220w, https:\/\/www.diarioimagen.net\/wp-content\/uploads\/2019\/03\/MIGRANTES29d-237x132.jpg 237w, https:\/\/www.diarioimagen.net\/wp-content\/uploads\/2019\/03\/MIGRANTES29d.jpg 480w\" sizes=\"auto, (max-width: 460px) 100vw, 460px\" \/><\/a><\/p>\n<p>&nbsp;<\/p>\n<p>Al reiterar que respeta la postura del gobierno de Estados Unidos sobre el tema migratorio, el presidente Andr\u00e9s Manuel L\u00f3pez Obrador afirm\u00f3 que M\u00e9xico apoyar\u00e1 a los migrantes, por razones humanitarias, con el otorgamiento de visas de trabajo, sobre todo a los centroamericanos.<\/p>\n<p>En conferencia de prensa en Palacio Nacional, indic\u00f3 que el apoyo se brindar\u00e1 a quienes lo soliciten, \u201ctodo voluntario y tolerado\u201d, pues el gobierno de M\u00e9xico tiene la posibilidad de ofrecer empleos con obras como el Tren Maya, que significar\u00e1 la contrataci\u00f3n de 300 mil personas.<\/p>\n<p>Expuso que se trabajar\u00e1 con acciones de las secretar\u00edas de Relaciones Exteriores y de Gobernaci\u00f3n para apoyar la petici\u00f3n del gobierno estadounidense de contener el flujo migratorio, y asegur\u00f3 que se revisar\u00e1 tambi\u00e9n la forma en que se organizan las caravanas, a fin de evitar el tr\u00e1fico de personas.<\/p>\n<p>Reiter\u00f3 la necesidad de atender las causas que originan la migraci\u00f3n, por ello, consider\u00f3 que lo mejor es la cooperaci\u00f3n para el desarrollo, porque los flujos migratorios est\u00e1n creciendo debido a la falta de opciones, alternativas en Centroam\u00e9rica, por lo que se debe procurar brindar oportunidades de trabajo y bienestar a la gente.<\/p>\n<p>\u201cYa estamos trabajando en el sureste y va a haber m\u00e1s posibilidades de trabajo, de empleos en nuestro pa\u00eds, pero se necesita atender el desarrollo en Centroam\u00e9rica, porque la mayor parte de los migrantes son de esa regi\u00f3n\u201d.<\/p>\n<p>Tras aclarar que mantendr\u00e1n una relaci\u00f3n de respeto con el gobierno de Estados Unidos y con el presidente Donald Trump, a\u00f1adi\u00f3 que \u201c\u00e9l tiene una visi\u00f3n que respeto yo y que considero leg\u00edtima, pero nosotros tenemos como estrategia fundamental para atender el fen\u00f3meno migratorio la creaci\u00f3n de oportunidades de empleo y de bienestar\u201d.<\/p>\n<p style=\"text-align: center;\"><strong>Migraci\u00f3n, opcional, no obligatoria<\/strong><\/p>\n<p>Manifest\u00f3 que se busca que la migraci\u00f3n sea opcional y no obligatoria, que la gente no tenga necesidad de emigrar porque habr\u00e1 mucho trabajo, y detall\u00f3 que en el caso de M\u00e9xico han descendido los flujos de mexicanos a Estados Unidos, \u201cson muy bajos, mucho muy bajos, o sea, ya el mexicano no est\u00e1 buscando trabajo en Estados Unidos, la mayor\u00eda son pobladores de nuestras rep\u00fablicas hermanas de Centroam\u00e9rica\u201d. Explic\u00f3 que para la administraci\u00f3n de los recursos que se otorguen a otras naciones, \u201cse puede resolver con vigilancia de organismos internacionales para que los fondos dedicados al desarrollo se apliquen, que no haya corrupci\u00f3n. Hay organismos que pueden contribuir a esa funci\u00f3n, el caso, por ejemplo, de la ONU\u201d.<\/p>\n<p>El mandatario federal consider\u00f3 indispensable la creaci\u00f3n de riqueza, misma que debe ser distribuida con equidad, ya que no se trata s\u00f3lo de acumular bienes: \u201cNo se puede distribuir lo que no se tiene \u00bfsi no creamos la riqueza, qu\u00e9 distribuimos?\u201d.<\/p>\n<p>Asever\u00f3 que lo que se busca es una distribuci\u00f3n justa para que no exista desigualdad \u201ccomo ha sucedido en nuestro pa\u00eds, que hay una monstruosa desigualdad econ\u00f3mica, porque muy pocos concentran mucho, y los muchos tienen poco o a veces nada\u201d.<\/p>\n<p>Resalt\u00f3 la importancia de la participaci\u00f3n del sector privado en esta creaci\u00f3n de la riqueza, pero tambi\u00e9n, la importancia del Estado para que esa riqueza que se genera, se distribuya y que haya justicia: \u201cUna diferencia con los neoliberales, es que ellos nada m\u00e1s piensan en la creaci\u00f3n de la riqueza y no en la distribuci\u00f3n, por eso tampoco quieren al Estado o lo quieren nada m\u00e1s como polic\u00eda\u201d.<\/p>\n","protected":false},"excerpt":{"rendered":"<p>Al reiterar que respeta la postura del gobierno de Estados Unidos sobre el tema migratorio, el presidente Andr\u00e9s Manuel L\u00f3pez Obrador afirm\u00f3 que M\u00e9xico apoyar\u00e1 a los migrantes, por razones humanitarias, con el otorgamiento de visas de trabajo, sobre todo a los centroamericanos.<\/p>\n","protected":false},"author":3,"featured_media":421483,"comment_status":"open","ping_status":"open","sticky":false,"template":"","format":"standard","meta":{"_monsterinsights_skip_tracking":false,"_monsterinsights_sitenote_active":false,"_monsterinsights_sitenote_note":"","_monsterinsights_sitenote_category":0,"footnotes":""},"categories":[25512],"tags":[2545,177,84077],"class_list":["post-421411","post","type-post","status-publish","format-standard","has-post-thumbnail","hentry","category-nacional-nacional","tag-amlo","tag-estados-unidos","tag-migrancion"],"_links":{"self":[{"href":"https:\/\/www.diarioimagen.net\/index.php?rest_route=\/wp\/v2\/posts\/421411","targetHints":{"allow":["GET"]}}],"collection":[{"href":"https:\/\/www.diarioimagen.net\/index.php?rest_route=\/wp\/v2\/posts"}],"about":[{"href":"https:\/\/www.diarioimagen.net\/index.php?rest_route=\/wp\/v2\/types\/post"}],"author":[{"embeddable":true,"href":"https:\/\/www.diarioimagen.net\/index.php?rest_route=\/wp\/v2\/users\/3"}],"replies":[{"embeddable":true,"href":"https:\/\/www.diarioimagen.net\/index.php?rest_route=%2Fwp%2Fv2%2Fcomments&post=421411"}],"version-history":[{"count":0,"href":"https:\/\/www.diarioimagen.net\/index.php?rest_route=\/wp\/v2\/posts\/421411\/revisions"}],"wp:featuredmedia":[{"embeddable":true,"href":"https:\/\/www.diarioimagen.net\/index.php?rest_route=\/wp\/v2\/media\/421483"}],"wp:attachment":[{"href":"https:\/\/www.diarioimagen.net\/index.php?rest_route=%2Fwp%2Fv2%2Fmedia&parent=421411"}],"wp:term":[{"taxonomy":"category","embeddable":true,"href":"https:\/\/www.diarioimagen.net\/index.php?rest_route=%2Fwp%2Fv2%2Fcategories&post=421411"},{"taxonomy":"post_tag","embeddable":true,"href":"https:\/\/www.diarioimagen.net\/index.php?rest_route=%2Fwp%2Fv2%2Ftags&post=421411"}],"curies":[{"name":"wp","href":"https:\/\/api.w.org\/{rel}","templated":true}]}}