{"id":421446,"date":"2019-03-29T00:08:14","date_gmt":"2019-03-29T06:08:14","guid":{"rendered":"https:\/\/www.diarioimagen.net\/?p=421446"},"modified":"2019-03-29T05:29:20","modified_gmt":"2019-03-29T11:29:20","slug":"vargas-del-villar-asume-como-presidente-de-la-comision-politica-del-pan-edomex","status":"publish","type":"post","link":"https:\/\/www.diarioimagen.net\/?p=421446","title":{"rendered":"Vargas del Villar asume como presidente de la Comisi\u00f3n Pol\u00edtica del PAN Edomex"},"content":{"rendered":"<ul>\n<li><strong><em>El partido se fortalece con unidad, trabajo e identidad<\/em><\/strong><\/li>\n<\/ul>\n<p>&nbsp;<\/p>\n<div id=\"attachment_421510\" style=\"width: 470px\" class=\"wp-caption aligncenter\"><a href=\"https:\/\/www.diarioimagen.net\/?attachment_id=421510\" rel=\"attachment wp-att-421510\"><img loading=\"lazy\" decoding=\"async\" aria-describedby=\"caption-attachment-421510\" class=\"size-large wp-image-421510\" src=\"https:\/\/www.diarioimagen.net\/wp-content\/uploads\/2019\/03\/HUIXQUILUCAN-29-460x259.jpg\" alt=\"\" width=\"460\" height=\"259\" srcset=\"https:\/\/www.diarioimagen.net\/wp-content\/uploads\/2019\/03\/HUIXQUILUCAN-29-460x259.jpg 460w, https:\/\/www.diarioimagen.net\/wp-content\/uploads\/2019\/03\/HUIXQUILUCAN-29-240x135.jpg 240w, https:\/\/www.diarioimagen.net\/wp-content\/uploads\/2019\/03\/HUIXQUILUCAN-29-235x132.jpg 235w, https:\/\/www.diarioimagen.net\/wp-content\/uploads\/2019\/03\/HUIXQUILUCAN-29-202x114.jpg 202w, https:\/\/www.diarioimagen.net\/wp-content\/uploads\/2019\/03\/HUIXQUILUCAN-29-350x196.jpg 350w, https:\/\/www.diarioimagen.net\/wp-content\/uploads\/2019\/03\/HUIXQUILUCAN-29-220x123.jpg 220w, https:\/\/www.diarioimagen.net\/wp-content\/uploads\/2019\/03\/HUIXQUILUCAN-29-237x132.jpg 237w, https:\/\/www.diarioimagen.net\/wp-content\/uploads\/2019\/03\/HUIXQUILUCAN-29.jpg 480w\" sizes=\"auto, (max-width: 460px) 100vw, 460px\" \/><\/a><p id=\"caption-attachment-421510\" class=\"wp-caption-text\">Enrique Vargas del Villar, alcalde de Huixquilucan, rindi\u00f3 protesta como titular de la Comisi\u00f3n Pol\u00edtica del PAN en el Estado de M\u00e9xico.<\/p><\/div>\n<p>&nbsp;<\/p>\n<p><strong>Huixquilucan, Estado de M\u00e9xico<\/strong>.- El PAN se fortalece con unidad, trabajo e identidad. Santiago Creel Miranda, presidente de la Comisi\u00f3n Pol\u00edtica del CEN del Partido Acci\u00f3n Nacional, tom\u00f3 protesta a Enrique Vargas del Villar, alcalde de Huixquilucan, como titular de la Comisi\u00f3n Pol\u00edtica del PAN en el Estado de M\u00e9xico, cuerpo colegiado integrado por ex jefes estatales, diputados y diputadas, miembros del CDE y diferentes liderazgos panistas de todas las corrientes blanquiazules.<\/p>\n<p>Vargas del Villar fue acompa\u00f1ado en el presidium \u00a0por Jorge Inzunza, presidente del PAN mexiquense; \u00d3scar Garc\u00eda, secretario general; Anuar Azar Figueroa, coordinador del GPPAN y los integrantes de dicho cuerpo colegiado, como Francisco G\u00e1rate Chapa, Manuel G\u00f3mez Mor\u00edn, Octavio Germ\u00e1n, entre otros.<\/p>\n<p>La Comisi\u00f3n Pol\u00edtica es una mesa de unidad, como hace a\u00f1os\u00a0 no ten\u00eda el PAN. Con el trabajo y esfuerzo de cada uno vamos a recobrar el <em>Corredor Azul<\/em>, tambi\u00e9n pelearemos por la zona oriente y les asegur\u00f3 que en el 2021, el PAN va a ser el partido m\u00e1s fuerte en todo el Estado de M\u00e9xico, dijo Vargas del Villar.<\/p>\n<p>Por su parte, Jorge Inzunza Armas, presidente del PAN en la entidad, afirm\u00f3 la Comisi\u00f3n Pol\u00edtica es un \u00f3rgano panista de reflexi\u00f3n, estrategia y direcci\u00f3n de Acci\u00f3n Nacional.<\/p>\n<p>Por su parte, Santiago Creel coment\u00f3 que el pa\u00eds necesita de contrapesos para un gobierno que toma decisiones equivocadas y el PAN se prepara ya, primero con las elecciones de Puebla y Baja California y luego con los siguientes procesos electorales.<\/p>\n<p>\u201cTodo aquello que ataca la pluralidad, ataca la democracia\u201d se\u00f1al\u00f3 Creel y luego mencion\u00f3 que el PAN buscar\u00e1 sus mejores hombres y mujeres y el Estado de M\u00e9xico recuperar\u00e1 el Corredor Azul, porque la gente se ha dado cuenta que este gobierno tiene enormes deficiencias en los temas de seguridad, y la econom\u00eda est\u00e1 creciendo cada mes en forma negativa.<\/p>\n<p>Finalmente dijo que M\u00e9xico necesita un partido fuerte y este es el PAN, que ha dado batallas hist\u00f3ricas y todo se va a lograr con el liderazgo de Enrique Vargas y todos los Integrantes de la Comisi\u00f3n Pol\u00edtica.<\/p>\n","protected":false},"excerpt":{"rendered":"<p>El PAN se fortalece con unidad, trabajo e identidad. Santiago Creel Miranda, presidente de la Comisi\u00f3n Pol\u00edtica del CEN del Partido Acci\u00f3n Nacional, tom\u00f3 protesta a Enrique Vargas del Villar, alcalde de Huixquilucan, como titular de la Comisi\u00f3n Pol\u00edtica del PAN en el Estado de M\u00e9xico, cuerpo colegiado integrado por ex jefes estatales, diputados y diputadas, miembros del CDE y diferentes liderazgos panistas de todas las corrientes blanquiazules.<\/p>\n","protected":false},"author":3,"featured_media":421510,"comment_status":"open","ping_status":"open","sticky":false,"template":"","format":"standard","meta":{"_monsterinsights_skip_tracking":false,"_monsterinsights_sitenote_active":false,"_monsterinsights_sitenote_note":"","_monsterinsights_sitenote_category":0,"footnotes":""},"categories":[35155],"tags":[47218,43675,1097],"class_list":["post-421446","post","type-post","status-publish","format-standard","has-post-thumbnail","hentry","category-estado-de-mexico-estado-de-mexico","tag-enrique-vargas-del-villar","tag-estado-de-mexico","tag-huixquilucan"],"_links":{"self":[{"href":"https:\/\/www.diarioimagen.net\/index.php?rest_route=\/wp\/v2\/posts\/421446","targetHints":{"allow":["GET"]}}],"collection":[{"href":"https:\/\/www.diarioimagen.net\/index.php?rest_route=\/wp\/v2\/posts"}],"about":[{"href":"https:\/\/www.diarioimagen.net\/index.php?rest_route=\/wp\/v2\/types\/post"}],"author":[{"embeddable":true,"href":"https:\/\/www.diarioimagen.net\/index.php?rest_route=\/wp\/v2\/users\/3"}],"replies":[{"embeddable":true,"href":"https:\/\/www.diarioimagen.net\/index.php?rest_route=%2Fwp%2Fv2%2Fcomments&post=421446"}],"version-history":[{"count":0,"href":"https:\/\/www.diarioimagen.net\/index.php?rest_route=\/wp\/v2\/posts\/421446\/revisions"}],"wp:featuredmedia":[{"embeddable":true,"href":"https:\/\/www.diarioimagen.net\/index.php?rest_route=\/wp\/v2\/media\/421510"}],"wp:attachment":[{"href":"https:\/\/www.diarioimagen.net\/index.php?rest_route=%2Fwp%2Fv2%2Fmedia&parent=421446"}],"wp:term":[{"taxonomy":"category","embeddable":true,"href":"https:\/\/www.diarioimagen.net\/index.php?rest_route=%2Fwp%2Fv2%2Fcategories&post=421446"},{"taxonomy":"post_tag","embeddable":true,"href":"https:\/\/www.diarioimagen.net\/index.php?rest_route=%2Fwp%2Fv2%2Ftags&post=421446"}],"curies":[{"name":"wp","href":"https:\/\/api.w.org\/{rel}","templated":true}]}}