{"id":421456,"date":"2019-03-29T00:11:05","date_gmt":"2019-03-29T06:11:05","guid":{"rendered":"https:\/\/www.diarioimagen.net\/?p=421456"},"modified":"2019-03-29T05:39:45","modified_gmt":"2019-03-29T11:39:45","slug":"amlo-ya-gano-sabe-que-el-designara-a-los-consejeros-de-la-cre-que-quiere","status":"publish","type":"post","link":"https:\/\/www.diarioimagen.net\/?p=421456","title":{"rendered":"AMLO ya gan\u00f3; sabe que \u00e9l designar\u00e1 a los consejeros de la CRE que quiere"},"content":{"rendered":"<h2>Tras la puerta del poder<\/h2>\n<h5>Roberto Vizca\u00edno<\/h5>\n<p>&nbsp;<\/p>\n<div id=\"attachment_421540\" style=\"width: 470px\" class=\"wp-caption aligncenter\"><a href=\"https:\/\/www.diarioimagen.net\/?attachment_id=421540\" rel=\"attachment wp-att-421540\"><img loading=\"lazy\" decoding=\"async\" aria-describedby=\"caption-attachment-421540\" class=\"size-large wp-image-421540\" src=\"https:\/\/www.diarioimagen.net\/wp-content\/uploads\/2019\/03\/rediez-LUIS-XAVIER-460x354.jpg\" alt=\"\" width=\"460\" height=\"354\" srcset=\"https:\/\/www.diarioimagen.net\/wp-content\/uploads\/2019\/03\/rediez-LUIS-XAVIER-460x354.jpg 460w, https:\/\/www.diarioimagen.net\/wp-content\/uploads\/2019\/03\/rediez-LUIS-XAVIER-240x185.jpg 240w, https:\/\/www.diarioimagen.net\/wp-content\/uploads\/2019\/03\/rediez-LUIS-XAVIER-768x591.jpg 768w, https:\/\/www.diarioimagen.net\/wp-content\/uploads\/2019\/03\/rediez-LUIS-XAVIER.jpg 1200w\" sizes=\"auto, (max-width: 460px) 100vw, 460px\" \/><\/a><p id=\"caption-attachment-421540\" class=\"wp-caption-text\">\u00a1\u00a1Rediez!! | Luis Xavier<\/p><\/div>\n<p>&nbsp;<\/p>\n<p>El procedimiento de votaci\u00f3n por mayor\u00eda calificada (dos terceras partes del Pleno) para designar a los consejeros de la Comisi\u00f3n Reguladora de Energ\u00eda, ideado, dise\u00f1ado y aprobado por senadores del PRI, PAN, MC y PRD en la legislatura anterior, ser\u00e1 el que permitir\u00e1 ahora a Andr\u00e9s <strong>Manuel L\u00f3pez Obrador<\/strong> nombrar directamente a sus candidatos, esos mismos que fueron rechazados por el Bloque Opositor en el Senado hace 2 semanas en una votaci\u00f3n fulminante.<\/p>\n<p>Pero el procedimiento que fue ideado para otro escenario y momento pol\u00edtico, es el que ahora beneficiar\u00e1 a <strong>AMLO<\/strong> y sus propuestas y es que este procedimiento permite que, si las propuestas presidenciales a la CRE son rechazadas en dos ocasiones por el Senado, entonces el Presidente de la Rep\u00fablica puede elegirlos directamente.<\/p>\n<p>Y eso es lo que va a ocurrir luego de que el presidente <strong>L\u00f3pez Obrador<\/strong> reenvi\u00f3 los mismos nombres de candidatos ya rechazados hace 2 semanas, para que la oposici\u00f3n los vuelva a vetar y entonces, de acuerdo al procedimiento establecido, el mandatario los pueda designar directamente.<\/p>\n<p>\u00bfPero por qu\u00e9 AMLO quiere a esos candidatos a toda costa?<\/p>\n<p>\u201cPorque son honestos\u201d, dijo ayer.<\/p>\n<p>Al respecto el coordinador de los senadores de Morena, el zacatecano <strong>Ricardo Monreal \u00c1vila<\/strong>, indic\u00f3 que esa apreciaci\u00f3n del presidente <strong>L\u00f3pez Obrador <\/strong>es absolutamente v\u00e1lida.<\/p>\n<ul>\n<li>\u00bfNo es una simulaci\u00f3n enviar los mismos 11 perfiles?, se le insisti\u00f3.<\/li>\n<\/ul>\n<p>\u201cNo, es un derecho del Presidente. Yo no podr\u00eda calificarlo de simulaci\u00f3n \u2026 tiene su derecho y nosotros tenemos el nuestro de analizar y calificar la ratificaci\u00f3n en el pleno, con la posibilidad de obtener o no la mayor\u00eda calificada.<\/p>\n<p style=\"text-align: center;\"><strong>Senadores votan dos iniciativas <\/strong><\/p>\n<p>Sin mayores problemas luego de que durante al menos 2 semanas se dieron fuertes encontronazos porque el grupo de Morena pretend\u00eda sacarla sin cambios, tal como la quer\u00eda el presidente <strong>Andr\u00e9s Manuel L\u00f3pez Obrador<\/strong>, sali\u00f3 la reforma para la revocaci\u00f3n de mandato y para permitir enjuiciar por delitos de corrupci\u00f3n y electorales al Presidente y a los senadores y diputados.<\/p>\n<p>La reforma fue detenida por los senadores del Bloque Opositor (PAN, PRI, MC y PRD) porque consideraban que la iniciativa tra\u00eda encubierta la intenci\u00f3n de permitirle a <strong>AMLO<\/strong> la reelecci\u00f3n.<\/p>\n<p>Finalmente la desarmaron, le introdujeron cambios y la aprobaron para permitir la revocaci\u00f3n de mandato no s\u00f3lo para el Presidente, sino para diputados y senadores.<\/p>\n<p>Ayer mismo, al aplaudir esta aprobaci\u00f3n, el presidente L\u00f3pez Obrador les pidi\u00f3 a los legisladores que, una vez abierta la revocaci\u00f3n para senadores y diputados, tambi\u00e9n incluyan a los gobernadores.<\/p>\n<p>La minuta aprobada por el Senado, fue regresada a C\u00e1mara de Diputados para ser revisada y aprobada de nuevo.<\/p>\n<p>Es ah\u00ed donde ahora se le puede agregar la revocaci\u00f3n para gobernadores y entonces deber\u00e1 ser regresada de nuevo al Senado para que se vuelva a someter a aprobaci\u00f3n a fin de que, por ser reforma constitucional, pase a ser aprobada por 2 terceras partes de los 32 congresos de los estados.<\/p>\n<p>Vaya merengue legislativo\u2026<\/p>\n<p>La otra aprobaci\u00f3n registrada ayer en el pleno del Senado, fue la de 5 Magistrados para llenar vacantes en las 5 Salas Regionales del Tribunal Electoral del Poder Judicial de la Federaci\u00f3n.<\/p>\n<p>Estos nombramientos fueron propuestos por la Suprema Corte de Justicia de la Naci\u00f3n.<\/p>\n<p>Los Magistrados electorales designados ayer por el Senado, son: <strong>Sergio Arturo Guerrero Olvera, Ernesto Camacho Ochoa, Eva Barrientos Zepeda, Jos\u00e9 Luis Ceballos Daza y Marcela Elena Fern\u00e1ndez Dom\u00ednguez,<\/strong> a quienes el presidente de la Mesa Directiva, <strong>Mart\u00ed Batres Guadarrama<\/strong>, les tom\u00f3 de inmediato la protesta de ley.<\/p>\n<p style=\"text-align: center;\"><strong>Diputados \u201csecuestrados\u201d por CNTE<\/strong><\/p>\n<p>En un proceso al rev\u00e9s, miembros de la secci\u00f3n 22 del magisterio de Oaxaca integrado a la CNTE, mantienen en paro forzado a los 500 diputados federales al impedirles ingresar a sesionar en San L\u00e1zaro.<\/p>\n<p>Es como un secuestro pero en ausencia. Simplemente se apoderan de las puertas de entrada y salida y no hay forma de que los legisladores puedan cumplir con sus labores legislativas.<\/p>\n<p>El c\u00edrculo del momento excepcional que viven los diputados y el movimiento de la CNTE, lo cierra la orden del presidente <strong>Andr\u00e9s Manuel L\u00f3pez Obrador<\/strong> quien por un lado dijo que los legisladores no tienen por qu\u00e9 irse a sesionar un lugar alterno &#8211;como ocurr\u00eda en las anteriores legislaturas&#8211;, si su sede es San L\u00e1zaro, y por el otro porque AMLO se niega a que ninguna fuerza policial o militar quite a los maestros de las puertas del recinto legislativo por aquello de que su gobierno no es represor.<\/p>\n<p>Entonces los maestros van y vienen de Oaxaca y sellan las puertas de San L\u00e1zaro e impiden el ingreso de los diputados quienes ya cumplen al menos 5 sesiones sin poder realizar sus tareas legislativas.<\/p>\n<p>Por ello la fracci\u00f3n del PAN en el Senado, comandada por <strong>Mauricio Kuri,<\/strong> pidi\u00f3 hacer un extra\u00f1amiento al presidente de los diputados, <strong>Porfirio Mu\u00f1oz Ledo,<\/strong> por no exigirle garant\u00edas ni a <strong>Claudia Sheinbaum<\/strong>, Jefa de Gobierno de la CDMX ni al presidente <strong>L\u00f3pez Obrador<\/strong>, par que los diputados puedan realizar sus tareas.<\/p>\n<p>\u201cLas y los senadores del PAN afirmamos que es una obligaci\u00f3n constitucional del presidente de la C\u00e1mara de Diputados velar por la inviolabilidad del Palacio Legislativo de San L\u00e1zaro, de acuerdo con el art\u00edculo 61 de la Constituci\u00f3n, as\u00ed como con los art\u00edculos 22 y 23 de la Ley Org\u00e1nica del Congreso General\u201d, adujeron los senadores panistas.<\/p>\n<p style=\"text-align: center;\"><strong>\u00bfQui\u00e9n ganar\u00e1?<\/strong><\/p>\n<p>Nada indica que el presidente <strong>Andr\u00e9s Manuel L\u00f3pez Obrador<\/strong> quiera meterse en el pleitazo que se da entre su gerente en Morena, la mexiquense <strong>Yeidckol Polevnsky <\/strong>y <strong>Alejandro Rojas D\u00edaz Dur\u00e1n<\/strong>, que ya repercute en descontentos y choques en la base de este partido.<\/p>\n<p><strong>Polevnsky<\/strong>, con la finesa de una dama surgida del Bronx m\u00e1s oscuro del Tepito profundo, ese colindante con lo m\u00e1s rudo de la colonia Morelos, califica a <strong>Rojas D\u00edaz Dur\u00e1n<\/strong> como el perro que le ladra desde el patio de al lado\u2026<\/p>\n<p>Antes ya le receto el calificativo de sabandija\u2026<\/p>\n<p><strong>Rojas D\u00edaz Dur\u00e1n<\/strong> por su parte, desde su trinchera de jefe de asesores y suplente del poderoso senador<strong> Ricardo Monreal<\/strong>, le ha iniciado un proceso interno en los \u00f3rganos de Morena, por considerar que <strong>Polevnsky<\/strong> no s\u00f3lo ha abusado de su posici\u00f3n de presidenta suplente de este partido para imponer candidatos sin el menor apego a estatutos y en flagrante violaci\u00f3n a toda \u00e9tica partidaria, sino que forma parte de un grupo con posiciones chavistas-bolivarianas que representa un grave peligro no s\u00f3lo para su instituto pol\u00edtico sino para el pa\u00eds mismo.<\/p>\n<p>Las denuncias de <strong>Rojas D\u00edaz Dur\u00e1n<\/strong>, son retomadas por grupos de Morena en Puebla donde le reclaman haber impuesto en la forma m\u00e1s sucia a <strong>Miguel Barbosa<\/strong> &#8211;por lo cual el otro aspirante,<strong> el senador<\/strong> <strong>Alejandro Armenta<\/strong> ya le abri\u00f3 un proceso ante el Tribunal Electoral del Poder Judicial de la Federaci\u00f3n&#8211;, y por otros de Baja California donde igualmente impuso con una encuesta <em>patito<\/em>, a <strong>Jaime Bonilla<\/strong> y dej\u00f3 de lado al tambi\u00e9n senador de Morena <strong>Jaime Mart\u00ednez Veloz<\/strong> que ten\u00eda mayores preferencias.<\/p>\n<p>Sus sucios y cuestionados procesos de designaci\u00f3n de estos candidatos, advierten que <strong>Polevnsky<\/strong> ya provoc\u00f3 fuertes rupturas en las bases de Morena tanto en Puebla como en Baja California, rompimientos que podr\u00edan derivar en derrotas.<\/p>\n<p>Mientras todo esto avanza, y unos y otra andan agarrados de la gre\u00f1a medi\u00e1tica y pol\u00edtica, AMLO hace como que la virgen le habla. Ni los ve ni los oye como <strong>Salinas.<\/strong><\/p>\n<p><em><a href=\"http:\/\/endirecto.mx\" target=\"_blank\" rel=\"noopener noreferrer\">www.endirecto.mx<\/a><\/em><br \/>\n<em><a href=\"https:\/\/twitter.com\/_rvizcaino\" target=\"_blank\" rel=\"noopener noreferrer\">@_RVizcaino<\/a><\/em><br \/>\n<a href=\"https:\/\/www.facebook.com\/rvizcainoa\" target=\"_blank\" rel=\"noopener noreferrer\">f<em>acebook.com\/rvizcainoa<\/em><\/a><\/p>\n","protected":false},"excerpt":{"rendered":"<p><span style=\"color: #005497;\"><strong>Roberto Vizca\u00edno<\/strong><\/span><br \/>\n<br \/>\nEl procedimiento de votaci\u00f3n por mayor\u00eda calificada (dos terceras partes del Pleno) para designar a los consejeros de la Comisi\u00f3n Reguladora de Energ\u00eda, ideado, dise\u00f1ado y aprobado por senadores del PRI, PAN, MC y PRD en la legislatura anterior, ser\u00e1 el que permitir\u00e1 ahora a Andr\u00e9s <strong>Manuel L\u00f3pez Obrador<\/strong> nombrar directamente a sus candidatos, esos mismos que fueron rechazados por el Bloque Opositor en el Senado hace 2 semanas en una votaci\u00f3n fulminante.<\/p>\n","protected":false},"author":3,"featured_media":421540,"comment_status":"open","ping_status":"open","sticky":false,"template":"","format":"standard","meta":{"_monsterinsights_skip_tracking":false,"_monsterinsights_sitenote_active":false,"_monsterinsights_sitenote_note":"","_monsterinsights_sitenote_category":0,"footnotes":""},"categories":[136],"tags":[43674,93,94],"class_list":["post-421456","post","type-post","status-publish","format-standard","has-post-thumbnail","hentry","category-roberto-vizcaino-opinion","tag-opinion","tag-roberto-vizcaino","tag-tras-la-puerta-del-poder"],"_links":{"self":[{"href":"https:\/\/www.diarioimagen.net\/index.php?rest_route=\/wp\/v2\/posts\/421456","targetHints":{"allow":["GET"]}}],"collection":[{"href":"https:\/\/www.diarioimagen.net\/index.php?rest_route=\/wp\/v2\/posts"}],"about":[{"href":"https:\/\/www.diarioimagen.net\/index.php?rest_route=\/wp\/v2\/types\/post"}],"author":[{"embeddable":true,"href":"https:\/\/www.diarioimagen.net\/index.php?rest_route=\/wp\/v2\/users\/3"}],"replies":[{"embeddable":true,"href":"https:\/\/www.diarioimagen.net\/index.php?rest_route=%2Fwp%2Fv2%2Fcomments&post=421456"}],"version-history":[{"count":0,"href":"https:\/\/www.diarioimagen.net\/index.php?rest_route=\/wp\/v2\/posts\/421456\/revisions"}],"wp:featuredmedia":[{"embeddable":true,"href":"https:\/\/www.diarioimagen.net\/index.php?rest_route=\/wp\/v2\/media\/421540"}],"wp:attachment":[{"href":"https:\/\/www.diarioimagen.net\/index.php?rest_route=%2Fwp%2Fv2%2Fmedia&parent=421456"}],"wp:term":[{"taxonomy":"category","embeddable":true,"href":"https:\/\/www.diarioimagen.net\/index.php?rest_route=%2Fwp%2Fv2%2Fcategories&post=421456"},{"taxonomy":"post_tag","embeddable":true,"href":"https:\/\/www.diarioimagen.net\/index.php?rest_route=%2Fwp%2Fv2%2Ftags&post=421456"}],"curies":[{"name":"wp","href":"https:\/\/api.w.org\/{rel}","templated":true}]}}