{"id":421588,"date":"2019-03-30T00:08:25","date_gmt":"2019-03-30T06:08:25","guid":{"rendered":"https:\/\/www.diarioimagen.net\/?p=421588"},"modified":"2019-04-01T00:13:04","modified_gmt":"2019-04-01T06:13:04","slug":"anuncia-alfredo-del-mazo-apertura-de-ventanillas-para-apoyar-proyectos-agropecuarios","status":"publish","type":"post","link":"https:\/\/www.diarioimagen.net\/?p=421588","title":{"rendered":"Anuncia Alfredo Del Mazo apertura de ventanillas para apoyar proyectos agropecuarios"},"content":{"rendered":"<ul>\n<li><strong>Entrega mandatario estatal incentivos agropecuarios a productores del norte del estado.<span class=\"Apple-converted-space\">\u00a0<\/span><\/strong><\/li>\n<li><strong>Se\u00f1ala gobernador mexiquense que se invertir\u00e1n m\u00e1s de mil 900 millones de pesos para impulsar proyectos agropecuarios.<\/strong><\/li>\n<\/ul>\n<p>&nbsp;<\/p>\n<div id=\"attachment_421589\" style=\"width: 470px\" class=\"wp-caption aligncenter\"><a href=\"https:\/\/www.diarioimagen.net\/?attachment_id=421589\" rel=\"attachment wp-att-421589\"><img loading=\"lazy\" decoding=\"async\" aria-describedby=\"caption-attachment-421589\" class=\"size-large wp-image-421589\" src=\"https:\/\/www.diarioimagen.net\/wp-content\/uploads\/2019\/03\/del-mazo-460x259.jpg\" alt=\"\" width=\"460\" height=\"259\" srcset=\"https:\/\/www.diarioimagen.net\/wp-content\/uploads\/2019\/03\/del-mazo-460x259.jpg 460w, https:\/\/www.diarioimagen.net\/wp-content\/uploads\/2019\/03\/del-mazo-240x135.jpg 240w, https:\/\/www.diarioimagen.net\/wp-content\/uploads\/2019\/03\/del-mazo-235x132.jpg 235w, https:\/\/www.diarioimagen.net\/wp-content\/uploads\/2019\/03\/del-mazo-202x114.jpg 202w, https:\/\/www.diarioimagen.net\/wp-content\/uploads\/2019\/03\/del-mazo-350x196.jpg 350w, https:\/\/www.diarioimagen.net\/wp-content\/uploads\/2019\/03\/del-mazo-220x123.jpg 220w, https:\/\/www.diarioimagen.net\/wp-content\/uploads\/2019\/03\/del-mazo-237x132.jpg 237w, https:\/\/www.diarioimagen.net\/wp-content\/uploads\/2019\/03\/del-mazo.jpg 480w\" sizes=\"auto, (max-width: 460px) 100vw, 460px\" \/><\/a><p id=\"caption-attachment-421589\" class=\"wp-caption-text\">Alfredo Del Mazo reconoci\u00f3 tambi\u00e9n el trabajo que realizan las mujeres del campo.<\/p><\/div>\n<p>&nbsp;<\/p>\n<p><b>Temascalcingo, Estado de M\u00e9xico.\u2013<span class=\"Apple-converted-space\">\u00a0 <\/span><\/b>Al entregar incentivos agropecuarios a productores del norte de la entidad, el gobernador Alfredo Del Mazo Maza inform\u00f3 que los productores agropecuarios ya se pueden acercar a las ventanillas de Sedagro para que sus proyectos puedan recibir alg\u00fan tipo de apoyo.<\/p>\n<p>Explic\u00f3 que estas ventanillas se encuentran en las 11 delegaciones de la Secretar\u00eda de Desarrollo Agropecuario (Sedagro), en las cuales se van a invertir m\u00e1s de mil 900 millones de pesos para impulsar proyectos agropecuarios.<\/p>\n<p>\u201cQuiero anunciarles que ya se abrieron las ventanillas de Sedagro para apoyar los proyectos agropecuarios; desde esta semana est\u00e1n abiertas todas las ventanillas en las 11 delegaciones que tenemos de Sedagro en todo el Estado de M\u00e9xico y donde vamos a estarle invirtiendo m\u00e1s de mil 900 millones de pesos para proyectos agropecuarios.<\/p>\n<p>\u201cQueremos invitarlas, invitarlos, a que se acerquen a las delegaciones de Sedagro, para que puedan presentar sus solicitudes, presentar los papeles que requieran y poder recibir los apoyos de los proyectos agropecuarios que apoya la Secretar\u00eda, para que les vaya muy bien en esta temporada\u201d, manifest\u00f3.<\/p>\n<p>En esta gira de trabajo, recibieron apoyos agropecuarios como fertilizantes, di\u00e9sel, equipos de bombeo y vales por alta productividad de ma\u00edz, productores de Acambay, Atlacomulco, Ixtlahuaca, Jocotitl\u00e1n, Morelos, El Oro, San Felipe del Progreso, San Jos\u00e9 del Rinc\u00f3n y Temascalcingo.<\/p>\n<p>El Gobernador mexiquense destac\u00f3 que estos municipios conforman la regi\u00f3n que m\u00e1s produce ma\u00edz en el Estado de M\u00e9xico, ya que cosechan una de cada tres toneladas de este grano en la entidad.<\/p>\n<p>Asimismo, indic\u00f3 que la entidad ocupa el tercer lugar a nivel nacional en la producci\u00f3n de ma\u00edz, ya que cuenta con un promedio estatal de 4.3 toneladas por hect\u00e1rea, por lo que la administraci\u00f3n mexiquense seguir\u00e1 apoyando a este sector con fertilizantes, semilla mejorada, equipamiento e infraestructura.<\/p>\n<p>Agreg\u00f3 que a quienes se les ha apoyado con este tipo de incentivos, han logrado subir la producci\u00f3n por hect\u00e1rea, y en lugar de conseguir 4.3 toneladas llegan a obtener hasta nueve toneladas de ma\u00edz por hect\u00e1rea.<\/p>\n<p>Record\u00f3 que para seguir apoyando al campo mexiquense este a\u00f1o se destinaron m\u00e1s de 2 mil 455 millones de pesos a este sector, para continuar consolidando la producci\u00f3n de las m\u00e1s de 149 actividades agropecuarias que se realizan en la entidad, de las cuales destacan la floricultura, el cultivo de caf\u00e9, aguacate, ma\u00edz, tuna y nopal, entre otros.<\/p>\n<p>\u201cEl d\u00eda de hoy estamos entregando m\u00e1s de 22 millones de pesos a mil familias de esta regi\u00f3n del estado que estar\u00e1n recibiendo estos incentivos para que les vaya muy bien en este ciclo agr\u00edcola. Les deseamos el mayor de los \u00e9xitos\u201d, expres\u00f3.<\/p>\n<p>Alfredo Del Mazo reconoci\u00f3 tambi\u00e9n el trabajo que realizan las mujeres del campo y puntualiz\u00f3 que de cada 10 apoyos que se entregan a este sector, siete son para las mujeres.<\/p>\n<p>Por su parte, el secretario de Desarrollo Agropecuario, Dar\u00edo Zacar\u00edas Capuchino, apunt\u00f3 que Temascalcingo se\u00a0 caracteriza por ser productor de ma\u00edz, avena, flores de maceta, ganaderos y ovinos, entre otros, y afirm\u00f3 que desde la Sedagro se atender\u00e1n las necesidades de los campesinos mexiquenses.<\/p>\n","protected":false},"excerpt":{"rendered":"<p>Al entregar incentivos agropecuarios a productores del norte de la entidad, el gobernador Alfredo Del Mazo Maza inform\u00f3 que los productores agropecuarios ya se pueden acercar a las ventanillas de Sedagro para que sus proyectos puedan recibir alg\u00fan tipo de apoyo. Explic\u00f3 que estas ventanillas se encuentran en las 11 delegaciones de la Secretar\u00eda de Desarrollo Agropecuario (Sedagro), en las cuales se van a invertir m\u00e1s de mil 900 millones de pesos para impulsar proyectos agropecuarios.<\/p>\n","protected":false},"author":1,"featured_media":421589,"comment_status":"open","ping_status":"open","sticky":false,"template":"","format":"standard","meta":{"_monsterinsights_skip_tracking":false,"_monsterinsights_sitenote_active":false,"_monsterinsights_sitenote_note":"","_monsterinsights_sitenote_category":0,"footnotes":""},"categories":[5],"tags":[2505,43675,2704],"class_list":["post-421588","post","type-post","status-publish","format-standard","has-post-thumbnail","hentry","category-estado-de-mexico","tag-alfredo-del-mazo-maza","tag-estado-de-mexico","tag-sedagro"],"_links":{"self":[{"href":"https:\/\/www.diarioimagen.net\/index.php?rest_route=\/wp\/v2\/posts\/421588","targetHints":{"allow":["GET"]}}],"collection":[{"href":"https:\/\/www.diarioimagen.net\/index.php?rest_route=\/wp\/v2\/posts"}],"about":[{"href":"https:\/\/www.diarioimagen.net\/index.php?rest_route=\/wp\/v2\/types\/post"}],"author":[{"embeddable":true,"href":"https:\/\/www.diarioimagen.net\/index.php?rest_route=\/wp\/v2\/users\/1"}],"replies":[{"embeddable":true,"href":"https:\/\/www.diarioimagen.net\/index.php?rest_route=%2Fwp%2Fv2%2Fcomments&post=421588"}],"version-history":[{"count":0,"href":"https:\/\/www.diarioimagen.net\/index.php?rest_route=\/wp\/v2\/posts\/421588\/revisions"}],"wp:featuredmedia":[{"embeddable":true,"href":"https:\/\/www.diarioimagen.net\/index.php?rest_route=\/wp\/v2\/media\/421589"}],"wp:attachment":[{"href":"https:\/\/www.diarioimagen.net\/index.php?rest_route=%2Fwp%2Fv2%2Fmedia&parent=421588"}],"wp:term":[{"taxonomy":"category","embeddable":true,"href":"https:\/\/www.diarioimagen.net\/index.php?rest_route=%2Fwp%2Fv2%2Fcategories&post=421588"},{"taxonomy":"post_tag","embeddable":true,"href":"https:\/\/www.diarioimagen.net\/index.php?rest_route=%2Fwp%2Fv2%2Ftags&post=421588"}],"curies":[{"name":"wp","href":"https:\/\/api.w.org\/{rel}","templated":true}]}}