{"id":421606,"date":"2019-04-01T00:10:59","date_gmt":"2019-04-01T06:10:59","guid":{"rendered":"https:\/\/www.diarioimagen.net\/?p=421606"},"modified":"2019-04-01T00:41:31","modified_gmt":"2019-04-01T06:41:31","slug":"se-mantiene-alerta-amarilla-fase-3-por-actividad-del-popocatepetl","status":"publish","type":"post","link":"https:\/\/www.diarioimagen.net\/?p=421606","title":{"rendered":"Se mantiene Alerta Amarilla Fase 3 en volc\u00e1n Popocat\u00e9petl"},"content":{"rendered":"<h2>Arco Norte<\/h2>\n<h5>Jos\u00e9 Luis Monta\u00f1ez Aguilar<\/h5>\n<p>&nbsp;<\/p>\n<div id=\"attachment_421607\" style=\"width: 470px\" class=\"wp-caption aligncenter\"><img loading=\"lazy\" decoding=\"async\" aria-describedby=\"caption-attachment-421607\" class=\"size-large wp-image-421607\" src=\"https:\/\/www.diarioimagen.net\/wp-content\/uploads\/2019\/03\/POPO1-portal-460x268.jpg\" alt=\"\" width=\"460\" height=\"268\" srcset=\"https:\/\/www.diarioimagen.net\/wp-content\/uploads\/2019\/03\/POPO1-portal-460x268.jpg 460w, https:\/\/www.diarioimagen.net\/wp-content\/uploads\/2019\/03\/POPO1-portal-240x140.jpg 240w, https:\/\/www.diarioimagen.net\/wp-content\/uploads\/2019\/03\/POPO1-portal.jpg 480w\" sizes=\"auto, (max-width: 460px) 100vw, 460px\" \/><p id=\"caption-attachment-421607\" class=\"wp-caption-text\">Protecci\u00f3n Civil inform\u00f3 que se mantiene la Alerta Amarilla Fase 3 por actividad del Popocat\u00e9petl.<\/p><\/div>\n<p>&nbsp;<\/p>\n<p>La Secretar\u00eda de Gesti\u00f3n Integral de Riesgos y Protecci\u00f3n Civil inform\u00f3 que se mantiene la Alerta Amarilla Fase 3 por la actividad del volc\u00e1n Popocat\u00e9petl.<\/p>\n<p>Por ello, en caso de presentarse episodios de ca\u00edda de ceniza, recomend\u00f3 evitar actividades f\u00edsicas al aire libre.<\/p>\n<p>Adem\u00e1s, cubrir nariz y boca con un pa\u00f1uelo o cubrebocas en caso de salir, cubrir los dep\u00f3sitos de agua para evitar su contaminaci\u00f3n, as\u00ed como cerrar puertas y ventanas, sellar con trapos h\u00famedos las rendijas y ventanillas para impedir la entrada de ceniza.<\/p>\n<p>Otras sugerencias son cubrir las coladeras para evitar que la ceniza tape el drenaje, envolver los alimentos expuestos al intemperie, incluidos los de los animales de compa\u00f1\u00eda y no verter agua para limpiar la ceniza, sino barrerla en seco y colocarla en bolsas.<\/p>\n<p style=\"text-align: center;\"><strong>\u00bfQu\u00e9 estados podr\u00eda afectar una erupci\u00f3n? <\/strong><\/p>\n<p>El Cenapred explica en su Atlas Nacional de Riesgos que cuando un volc\u00e1n hace erupci\u00f3n arroja ceniza, fragmentos bal\u00edsticos, flujos pirocl\u00e1sticos, lava y lahares.<\/p>\n<p>Agrega que tambi\u00e9n se generan sismos que podr\u00edan romper parte del edificio volc\u00e1nico y provocar avalanchas de rocas.<\/p>\n<p>En su Mapa de Peligros del Volc\u00e1n Popocat\u00e9petl, el Cenapred presenta un mapa que muestra cu\u00e1les ser\u00edan los estados m\u00e1s afectados en caso de que el volc\u00e1n Popocat\u00e9petl haga erupci\u00f3n.<\/p>\n<p>Por la ubicaci\u00f3n del volc\u00e1n, algunas zonas de Morelos, Puebla y el Estado de M\u00e9xico ser\u00edan las m\u00e1s afectadas, pues est\u00e1n expuestas a todos los riesgos mencionados.<\/p>\n<p>En Puebla, algunas zonas de los municipios de Tochimilco, Atlixco, Tanguismanalco y San Nicol\u00e1s de los Ranchos estar\u00edan expuestas a todos los riesgos generados por una erupci\u00f3n por su cercan\u00eda a \u201cDon Goyo\u201d.<\/p>\n<p>En Morelos, s\u00f3lo las zonas cercanas de Tetela del Volc\u00e1n cercanas al coloso estar\u00edan expuesto a todos los riesgos de una erupci\u00f3n.<\/p>\n<p>Mientras que en el Estado de M\u00e9xico, las partes m\u00e1s pr\u00f3ximas al volc\u00e1n de Ecatzingo de Hidalgo, Atlautla y Amecameca ser\u00edan los m\u00e1s afectados.<\/p>\n<p>En un radio de menos de 100 kil\u00f3metros del cr\u00e1ter del voc\u00e1n Popocat\u00e9petl habitan 25 millones de personas.<\/p>\n<p><em><a href=\"mailto:montanezaguilar@gmail.com\" target=\"_blank\" rel=\"noopener noreferrer\">montanezaguilar@gmail.com<\/a><\/em><\/p>\n","protected":false},"excerpt":{"rendered":"<p><span style=\"color: #005497;\">Jos\u00e9 Luis Monta\u00f1ez Aguilar<\/span><br \/>\n<br \/>\nLa Secretar\u00eda de Gesti\u00f3n Integral de Riesgos y Protecci\u00f3n Civil inform\u00f3 que se mantiene la Alerta Amarilla Fase 3 por la actividad del volc\u00e1n Popocat\u00e9petl.<\/p>\n","protected":false},"author":5,"featured_media":421607,"comment_status":"open","ping_status":"open","sticky":false,"template":"","format":"standard","meta":{"_monsterinsights_skip_tracking":false,"_monsterinsights_sitenote_active":false,"_monsterinsights_sitenote_note":"","_monsterinsights_sitenote_category":0,"footnotes":""},"categories":[5],"tags":[84098,84099,5048],"class_list":["post-421606","post","type-post","status-publish","format-standard","has-post-thumbnail","hentry","category-estado-de-mexico","tag-alerta-amarilla-fase-3","tag-gestion-integral-de-riesgos-y-proteccion-civil","tag-popocatepetl"],"_links":{"self":[{"href":"https:\/\/www.diarioimagen.net\/index.php?rest_route=\/wp\/v2\/posts\/421606","targetHints":{"allow":["GET"]}}],"collection":[{"href":"https:\/\/www.diarioimagen.net\/index.php?rest_route=\/wp\/v2\/posts"}],"about":[{"href":"https:\/\/www.diarioimagen.net\/index.php?rest_route=\/wp\/v2\/types\/post"}],"author":[{"embeddable":true,"href":"https:\/\/www.diarioimagen.net\/index.php?rest_route=\/wp\/v2\/users\/5"}],"replies":[{"embeddable":true,"href":"https:\/\/www.diarioimagen.net\/index.php?rest_route=%2Fwp%2Fv2%2Fcomments&post=421606"}],"version-history":[{"count":0,"href":"https:\/\/www.diarioimagen.net\/index.php?rest_route=\/wp\/v2\/posts\/421606\/revisions"}],"wp:featuredmedia":[{"embeddable":true,"href":"https:\/\/www.diarioimagen.net\/index.php?rest_route=\/wp\/v2\/media\/421607"}],"wp:attachment":[{"href":"https:\/\/www.diarioimagen.net\/index.php?rest_route=%2Fwp%2Fv2%2Fmedia&parent=421606"}],"wp:term":[{"taxonomy":"category","embeddable":true,"href":"https:\/\/www.diarioimagen.net\/index.php?rest_route=%2Fwp%2Fv2%2Fcategories&post=421606"},{"taxonomy":"post_tag","embeddable":true,"href":"https:\/\/www.diarioimagen.net\/index.php?rest_route=%2Fwp%2Fv2%2Ftags&post=421606"}],"curies":[{"name":"wp","href":"https:\/\/api.w.org\/{rel}","templated":true}]}}