{"id":421644,"date":"2019-04-01T00:11:02","date_gmt":"2019-04-01T06:11:02","guid":{"rendered":"https:\/\/www.diarioimagen.net\/?p=421644"},"modified":"2019-04-01T06:24:16","modified_gmt":"2019-04-01T12:24:16","slug":"uaem-registra-avances-y-cumplimiento-de-transparencia","status":"publish","type":"post","link":"https:\/\/www.diarioimagen.net\/?p=421644","title":{"rendered":"UAEM registra avances y cumplimiento de transparencia"},"content":{"rendered":"<ul>\n<li><strong><em>Auditor\u00eda realizada al ejercicio presupuestal 2018<\/em><\/strong><\/li>\n<\/ul>\n<p>&nbsp;<\/p>\n<div id=\"attachment_421722\" style=\"width: 470px\" class=\"wp-caption aligncenter\"><a href=\"https:\/\/www.diarioimagen.net\/?attachment_id=421722\" rel=\"attachment wp-att-421722\"><img loading=\"lazy\" decoding=\"async\" aria-describedby=\"caption-attachment-421722\" class=\"size-large wp-image-421722\" src=\"https:\/\/www.diarioimagen.net\/wp-content\/uploads\/2019\/04\/UAEM-1-460x259.jpg\" alt=\"\" width=\"460\" height=\"259\" srcset=\"https:\/\/www.diarioimagen.net\/wp-content\/uploads\/2019\/04\/UAEM-1-460x259.jpg 460w, https:\/\/www.diarioimagen.net\/wp-content\/uploads\/2019\/04\/UAEM-1-240x135.jpg 240w, https:\/\/www.diarioimagen.net\/wp-content\/uploads\/2019\/04\/UAEM-1-235x132.jpg 235w, https:\/\/www.diarioimagen.net\/wp-content\/uploads\/2019\/04\/UAEM-1-202x114.jpg 202w, https:\/\/www.diarioimagen.net\/wp-content\/uploads\/2019\/04\/UAEM-1-350x196.jpg 350w, https:\/\/www.diarioimagen.net\/wp-content\/uploads\/2019\/04\/UAEM-1-220x123.jpg 220w, https:\/\/www.diarioimagen.net\/wp-content\/uploads\/2019\/04\/UAEM-1-237x132.jpg 237w, https:\/\/www.diarioimagen.net\/wp-content\/uploads\/2019\/04\/UAEM-1.jpg 480w\" sizes=\"auto, (max-width: 460px) 100vw, 460px\" \/><\/a><p id=\"caption-attachment-421722\" class=\"wp-caption-text\">Sesi\u00f3n ordinaria del H. Consejo Universitario correspondiente al mes de marzo, que encabez\u00f3 el rector Alfredo Barrera Baca.<\/p><\/div>\n<p>&nbsp;<\/p>\n<p><strong>\u00a0Toluca, Estado de M\u00e9xico<\/strong>.\u2013 En materia de transparencia, la Universidad Aut\u00f3noma del Estado de M\u00e9xico registra avances y cumplimiento de compromisos que le permiten rendir cuentas a la sociedad, revel\u00f3 la auditor\u00eda realizada al ejercicio presupuestal 2018 de la instituci\u00f3n educativa, por parte del despacho externo de contadores independientes Deghosa Internacional Consultores.<\/p>\n<p>Durante la sesi\u00f3n ordinaria del H. Consejo Universitario correspondiente al mes de marzo, que encabez\u00f3 el rector Alfredo Barrera Baca, se indic\u00f3 que, de acuerdo con dicha autor\u00eda, los estados financieros del a\u00f1o pasado fueron preparados en conformidad a las disposiciones en materia de informaci\u00f3n financiera que establece la Ley General de Contabilidad Gubernamental para entidades y dependencias p\u00fablicas del gobierno y municipios.<\/p>\n<p>En su oportunidad, el director de la Facultad de Contadur\u00eda y Administraci\u00f3n de la UAEM, Marcos Rafael Garc\u00eda P\u00e9rez, destac\u00f3 que el trabajo de un despacho externo garantiza la transparencia en el ejercicio de los recursos p\u00fablicos.<\/p>\n<p>Asimismo, la directora de la Facultad de Econom\u00eda de la UAEM, Reyna Vergara Gonz\u00e1lez, sostuvo que la auditoria permiti\u00f3 observar las \u00e1reas de oportunidad y de mejora para cada organismo acad\u00e9mico de la instituci\u00f3n.<\/p>\n<p>Por otra parte, luego de evaluar el segundo a\u00f1o de actividades de la Administraci\u00f3n 2017-2021 de la UAEM, el pleno del m\u00e1ximo \u00f3rgano de gobierno de esta casa de estudios aval\u00f3 por unanimidad que las acciones y desarrollo de actividades realizadas durante el a\u00f1o anterior muestran un cumplimiento satisfactorio con respecto a los proyectos establecidos en el Plan General de Desarrollo 2009-2021 y en el Plan Rector de Desarrollo Institucional 2017-2021.<\/p>\n<p>Asimismo, por unanimidad de votos, se aprob\u00f3 la creaci\u00f3n del programa acad\u00e9mico de la Especialidad en Medicina Cr\u00edtica, que ofrecer\u00e1 la Facultad de Medicina de la UAEM, con el prop\u00f3sito de impulsar el estudio de estados fisiopatol\u00f3gicos de pacientes cr\u00edticamente enfermos, as\u00ed como su abordaje, diagn\u00f3stico y tratamiento, t\u00e9cnicas de monitorizaci\u00f3n y soporte multiorg\u00e1nico.<\/p>\n<p>Al respecto, el secretario de Investigaci\u00f3n y Estudios Avanzados de la UAEM, Carlos Barrera D\u00edaz, resalt\u00f3 la ardua labor de dicha facultad para ofertar especialidades m\u00e9dicas.<\/p>\n<p>Puntualiz\u00f3 que la Especialidad en Medicina Cr\u00edtica permitir\u00e1 a los universitarios tener presencia en tres sedes hospitalarias: el Hospital \u201cLic. Adolfo L\u00f3pez Mateos\u201d, el Centro M\u00e9dico Toluca del ISSEMyM y el Hospital General de Ecatepec \u201cLas Am\u00e9ricas\u201d.<\/p>\n<p>Por su parte, el director de la Facultad de Medicina de la UAEM, Salvador L\u00f3pez Rodr\u00edguez, detall\u00f3 que hasta 40 por ciento de los enfermos hospitalizados requieren ser tratados por especialistas en medicina cr\u00edtica y este nuevo programa acad\u00e9mico permitir\u00e1 el tratamiento de enfermedades graves.<\/p>\n","protected":false},"excerpt":{"rendered":"<p>En materia de transparencia, la Universidad Aut\u00f3noma del Estado de M\u00e9xico registra avances y cumplimiento de compromisos que le permiten rendir cuentas a la sociedad, revel\u00f3 la auditor\u00eda realizada al ejercicio presupuestal 2018<\/p>\n","protected":false},"author":3,"featured_media":421722,"comment_status":"open","ping_status":"open","sticky":false,"template":"","format":"standard","meta":{"_monsterinsights_skip_tracking":false,"_monsterinsights_sitenote_active":false,"_monsterinsights_sitenote_note":"","_monsterinsights_sitenote_category":0,"footnotes":""},"categories":[5],"tags":[72882,43675,452,1490],"class_list":["post-421644","post","type-post","status-publish","format-standard","has-post-thumbnail","hentry","category-estado-de-mexico","tag-cumplimiento","tag-estado-de-mexico","tag-toluca","tag-universidad-autonoma-del-estado-de-mexico"],"_links":{"self":[{"href":"https:\/\/www.diarioimagen.net\/index.php?rest_route=\/wp\/v2\/posts\/421644","targetHints":{"allow":["GET"]}}],"collection":[{"href":"https:\/\/www.diarioimagen.net\/index.php?rest_route=\/wp\/v2\/posts"}],"about":[{"href":"https:\/\/www.diarioimagen.net\/index.php?rest_route=\/wp\/v2\/types\/post"}],"author":[{"embeddable":true,"href":"https:\/\/www.diarioimagen.net\/index.php?rest_route=\/wp\/v2\/users\/3"}],"replies":[{"embeddable":true,"href":"https:\/\/www.diarioimagen.net\/index.php?rest_route=%2Fwp%2Fv2%2Fcomments&post=421644"}],"version-history":[{"count":0,"href":"https:\/\/www.diarioimagen.net\/index.php?rest_route=\/wp\/v2\/posts\/421644\/revisions"}],"wp:featuredmedia":[{"embeddable":true,"href":"https:\/\/www.diarioimagen.net\/index.php?rest_route=\/wp\/v2\/media\/421722"}],"wp:attachment":[{"href":"https:\/\/www.diarioimagen.net\/index.php?rest_route=%2Fwp%2Fv2%2Fmedia&parent=421644"}],"wp:term":[{"taxonomy":"category","embeddable":true,"href":"https:\/\/www.diarioimagen.net\/index.php?rest_route=%2Fwp%2Fv2%2Fcategories&post=421644"},{"taxonomy":"post_tag","embeddable":true,"href":"https:\/\/www.diarioimagen.net\/index.php?rest_route=%2Fwp%2Fv2%2Ftags&post=421644"}],"curies":[{"name":"wp","href":"https:\/\/api.w.org\/{rel}","templated":true}]}}