{"id":421689,"date":"2019-04-01T00:08:47","date_gmt":"2019-04-01T06:08:47","guid":{"rendered":"https:\/\/www.diarioimagen.net\/?p=421689"},"modified":"2019-04-01T02:39:58","modified_gmt":"2019-04-01T08:39:58","slug":"mexico-no-sera-policia-de-eu","status":"publish","type":"post","link":"https:\/\/www.diarioimagen.net\/?p=421689","title":{"rendered":"M\u00e9xico no ser\u00e1 polic\u00eda de EU"},"content":{"rendered":"<h2>Clase Pol\u00edtica<\/h2>\n<h5>Miguel \u00c1ngel Rivera<\/h5>\n<p><strong><em>\u00a0<\/em><\/strong><\/p>\n<blockquote><p><strong><em>Presentaci\u00f3n: Inicio una nueva etapa en mi ya larga trayectoria. Agradezco la bienvenida del profesional equipo encabezado por Jos\u00e9 Luis Monta\u00f1ez Aguilar y espero ofrecer unas l\u00edneas que merezcan el tiempo que invertir\u00e1n los lectores<\/em><\/strong><strong>.<\/strong><\/p><\/blockquote>\n<p>&nbsp;<\/p>\n<p>&nbsp;<\/p>\n<p>\u201cRespeto irrestricto de los derechos humanos de los migrantes, nacionales y extranjeros, sea cual fuere su origen, nacionalidad, g\u00e9nero, etnia, edad y situaci\u00f3n migratoria, con especial atenci\u00f3n a grupos vulnerables, como menores de edad, mujeres, ind\u00edgenas, adolescentes y personas de la tercera edad, as\u00ed como a v\u00edctimas del delito. En ning\u00fan caso una situaci\u00f3n migratoria irregular, preconfigurada por s\u00ed misma la comisi\u00f3n de un delito, ni se prejuzgar\u00e1 la comisi\u00f3n de il\u00edcitos por parte de un migrante por el hecho de encontrarse en condici\u00f3n no documentada\u201d.<\/p>\n<p>As\u00ed dice el tercer p\u00e1rrafo del art\u00edculo segundo de la Ley de Migraci\u00f3n, el cual establece los lineamientos sobre los que debe basarse la pol\u00edtica del Estado mexicano en materia de migraci\u00f3n.<\/p>\n<p>Para m\u00e1s fundamento, el art\u00edculo primero de la referida norma ordena lo siguiente: \u201cLas disposiciones de esta ley son de orden p\u00fablico y de observancia general en toda la Rep\u00fablica y tienen por objeto regular lo relativo al ingreso y salida de mexicanos y extranjeros al territorio de los Estados Unidos Mexicanos y el tr\u00e1nsito y la estancia de los extranjeros en el mismo, en un marco de respeto, protecci\u00f3n y salvaguarda de los derechos humanos, de contribuci\u00f3n al desarrollo nacional, as\u00ed como de preservaci\u00f3n de la soberan\u00eda y de la seguridad nacionales\u201d.<\/p>\n<p>Para m\u00e1s precisi\u00f3n, cabe recordar que la ley m\u00e1xima del pa\u00eds, la Constituci\u00f3n General, decreta en su Art\u00edculo 11:<\/p>\n<p>\u201cToda persona tiene derecho para entrar en la Rep\u00fablica, salir de ella, viajar por su territorio y mudar de residencia, sin necesidad de carta de seguridad, pasaporte, salvoconducto u otros requisitos semejantes&#8230;Toda persona tiene derecho a buscar y recibir asilo. El reconocimiento de la condici\u00f3n de refugiado y el otorgamiento de asilo pol\u00edtico, se realizar\u00e1n de conformidad con los tratados internacionales\u201d.<\/p>\n<p>En consecuencia, el gobierno de M\u00e9xico no requiere de una actitud agresiva para responder a las bravatas y las cr\u00edticas del presidente de los Estados Unidos, el multimillonario Donald Trump, que nuevamente amenaza con cerrar la \u201cmaldita frontera\u201d.<\/p>\n<p>Tampoco se necesitan improvisadas \u201cconsultas populares\u201d para determinar la actitud que se debe asumir, lo que se necesita es firmeza y recordar que, m\u00e1s que nadie, el gobierno nacional est\u00e1 comprometido a respetar y hacer cumplir nuestras leyes. Al rendir protesta, el pasado 1 de diciembre, el presidente Andr\u00e9s Manuel L\u00f3pez Obrador, jur\u00f3 el respeto a la Constituci\u00f3n y las leyes que de ella emanen.<\/p>\n<p>Esto es lo que se debe hacer entender al belicoso mandatario de los Estados Unidos, las leyes mexicanas garantizan y ordenan hacer cumplir el libre tr\u00e1nsito por todo su territorio, independientemente de qui\u00e9n se trate, nacional o extranjero. Las leyes mexicanas tambi\u00e9n establecen que, en materia migratoria, existe \u201cresponsabilidad compartida con los gobiernos de los diversos pa\u00edses involucrados en el tema migratorio\u201d.<\/p>\n<p>En conclusi\u00f3n, las leyes impiden al gobierno mexicano convertirse, como lo desea Trump, en polic\u00eda al servicio de los Estados Unidos.<\/p>\n<p style=\"text-align: center;\"><strong>La cosecha<\/strong><\/p>\n<p>Por lo pronto, se espera que ma\u00f1ana mismo, el Senado de la Rep\u00fablica -que tiene la responsabilidad de la pol\u00edtica exterior-\u00a0 apruebe una declaraci\u00f3n en respaldo del gobierno del presidente L\u00f3pez Obrador para responder a los embates del beligerante mandatario de la Uni\u00f3n Americana.<\/p>\n<p>Es previsible que la declaraci\u00f3n tenga el respaldo de todas las fracciones representadas en esa c\u00e1mara, aunque al conocerse el borrador preparado por el grupo mayoritario de Morena, legisladores de otros partidos piden asumir una actitud m\u00e1s en\u00e9rgica.<\/p>\n<p>Por ejemplo, el coordinador de la disminuida representaci\u00f3n del PRI, Miguel \u00c1ngel Osorio, asegur\u00f3 que la gente \u201cespera una postura firme de respeto hacia nuestro pa\u00eds\u201d, y en ello, \u201cnosotros vamos a acompa\u00f1ar al Presidente si es que la decide tomar\u201d. De paso, advirti\u00f3 que la \u201cconsulta popular\u201d como la organizada por L\u00f3pez Obrador en Poza Rica, Veracruz, \u201cno es el camino\u201d, pues el Presidente est\u00e1 para tomar decisiones.<\/p>\n<p>Por separado, el vicecoordinador de la bancada del PAN en el Senado, Jos\u00e9 Erandi Berm\u00fadez M\u00e9ndez, pidi\u00f3 a la Secretar\u00eda de Relaciones Exteriores asumir una posici\u00f3n firme ante los insultos del presidente Donald Trump.<\/p>\n<p>En tanto, el Instituto Nacional de Migraci\u00f3n (INM) anunci\u00f3 que hoy lunes, reiniciar\u00e1 la entrega de visas humanitarias a migrantes centroamericanos ubicados en el municipio de Mapastepec, Chiapas.<\/p>\n<p>Este servicio estar\u00e1 limitado a las personas cuya situaci\u00f3n amerite recibir la Tarjeta de Visitante por Razones Humanitarias (TVRH), con prioridad para mujeres, ni\u00f1as, ni\u00f1os y mayores de 65 a\u00f1os.<\/p>\n<p>Aunque todas las encuestas indican que, en Puebla, la lucha por el gobierno estatal en las elecciones extraordinarias que se realizar\u00e1n el 2 de junio venidero, ser\u00e1 entre la alianza PAN-PRD-MC, que lleva como candidato al ex rector de la UDLAP, Enrique C\u00e1rdenas, y Morena, que postul\u00f3 nuevamente al ex senador Miguel Barbosa -quien en los pasados comicios de 2018 fue superado por Martha Erika Alonso- en el PRI todav\u00eda hay confianza en que podr\u00e1n entrar en la disputa por el poder.<\/p>\n<p>Por ello, la dirigente nacional del PRI, Claudia Ruiz Massieu, y el secretario general, Arturo Zamora, estuvieron en Puebla para el inicio de la campa\u00f1a electoral de su candidato, Alberto Jim\u00e9nez Merino. El sitio elegido para el arranque fue el poblado de San Andr\u00e9s Azumiatla, en el municipio de la capital del estado.<\/p>\n<p>Entre los partidos de oposici\u00f3n, se mantiene la suposici\u00f3n de que Morena se ha debilitado en Puebla, debido a la inconformidad de un sector de ese partido, porque se margin\u00f3 al actual senador, Alejandro Armenta Mier.<\/p>\n<p>La divisi\u00f3n interna derivada de la lucha por la candidatura de Puebla ya tuvo como efecto colateral la renuncia del senador suplente Alejandro Rojas D\u00edaz Dur\u00e1n, como jefe de asesores del coordinador de la fracci\u00f3n de Morena en el Senado, Ricardo Monreal.<\/p>\n<p>Rojas encabez\u00f3 la insurrecci\u00f3n contra la presidenta de Morena, Yeidckol Polevnsky, por considerar que manipul\u00f3 la supuesta consulta que confirm\u00f3 como candidato a Barbosa. Para evitar que su levantamiento se viera como inducido u organizado por su jefe, Ricardo Monreal, el senador suplente opt\u00f3 por renunciar a su cargo y, de paso, anunci\u00f3 que buscar\u00e1 ser presidente del partido una vez que concluya el mandato de Polevnsky, en noviembre pr\u00f3ximo.<\/p>\n<p>Rojas acus\u00f3 a la dirigente Polevnsky de tener como \u201cmaestro y gur\u00fa\u201d a Ra\u00fal Salinas de Gortari, como se evidenci\u00f3 en la reciente celebraci\u00f3n del cumplea\u00f1os de Diego Fern\u00e1ndez de Cevallos.<\/p>\n<p>El Senado aprob\u00f3 recientemente modificaciones constitucionales para ampliar la relaci\u00f3n de presuntos delitos por los cuales se puede juzgar al Presidente de la Rep\u00fablica en funciones, as\u00ed como a los propios legisladores. Esa reforma fue presentada por la fracci\u00f3n mayoritaria de Morena, como una forma de quietarle el fuero al primer mandatario y para que el cambio entre en vigor debe ser confirmado por la C\u00e1mara de Diputados.<\/p>\n<p>En la C\u00e1mara baja se inform\u00f3 que todav\u00eda no reciben la minuta del Senado, pero el coordinador de los diputados de Morena y presidente de la Junta de Coordinaci\u00f3n Pol\u00edtica (Jucopo), Mario Delgado, adelant\u00f3 que le har\u00e1n modificaciones a lo aprobado por los senadores, para incluir a los gobernadores como sujetos de ser sometidos a juicio. Este eventual cambio responde en realidad a una recomendaci\u00f3n hecha por el presidente L\u00f3pez Obrador el pasado 28 de marzo.<\/p>\n<p>La Cuarta Transformaci\u00f3n nos demanda urgentemente dar pasos contundentes para desterrar la corrupci\u00f3n y la impunidad; en la minuta, el Senado agreg\u00f3 a los legisladores, y ahora el Presidente propuso que tambi\u00e9n a los gobernadores, vamos a caminar en ese sentido y en Morena atenderemos esta a\u00f1eja petici\u00f3n del pueblo de M\u00e9xico, para que no exista nadie por encima de la ley, que no haya privilegios\u201d.<\/p>\n<p><a href=\"mailto:riverapaz@infinitummail.com\" target=\"_blank\" rel=\"noopener noreferrer\"><em>riverapaz@infinitummail.com<\/em><\/a><\/p>\n","protected":false},"excerpt":{"rendered":"<p><span style=\"color: #005497;\"><strong>Miguel \u00c1ngel Rivera<\/strong><\/span><\/p>\n","protected":false},"author":3,"featured_media":0,"comment_status":"open","ping_status":"open","sticky":false,"template":"","format":"standard","meta":{"_monsterinsights_skip_tracking":false,"_monsterinsights_sitenote_active":false,"_monsterinsights_sitenote_note":"","_monsterinsights_sitenote_category":0,"footnotes":""},"categories":[84119],"tags":[84120,84121,43674],"class_list":["post-421689","post","type-post","status-publish","format-standard","hentry","category-miguel-angel-rivera","tag-clase-politica","tag-miguel-angel-rivera","tag-opinion"],"_links":{"self":[{"href":"https:\/\/www.diarioimagen.net\/index.php?rest_route=\/wp\/v2\/posts\/421689","targetHints":{"allow":["GET"]}}],"collection":[{"href":"https:\/\/www.diarioimagen.net\/index.php?rest_route=\/wp\/v2\/posts"}],"about":[{"href":"https:\/\/www.diarioimagen.net\/index.php?rest_route=\/wp\/v2\/types\/post"}],"author":[{"embeddable":true,"href":"https:\/\/www.diarioimagen.net\/index.php?rest_route=\/wp\/v2\/users\/3"}],"replies":[{"embeddable":true,"href":"https:\/\/www.diarioimagen.net\/index.php?rest_route=%2Fwp%2Fv2%2Fcomments&post=421689"}],"version-history":[{"count":0,"href":"https:\/\/www.diarioimagen.net\/index.php?rest_route=\/wp\/v2\/posts\/421689\/revisions"}],"wp:attachment":[{"href":"https:\/\/www.diarioimagen.net\/index.php?rest_route=%2Fwp%2Fv2%2Fmedia&parent=421689"}],"wp:term":[{"taxonomy":"category","embeddable":true,"href":"https:\/\/www.diarioimagen.net\/index.php?rest_route=%2Fwp%2Fv2%2Fcategories&post=421689"},{"taxonomy":"post_tag","embeddable":true,"href":"https:\/\/www.diarioimagen.net\/index.php?rest_route=%2Fwp%2Fv2%2Ftags&post=421689"}],"curies":[{"name":"wp","href":"https:\/\/api.w.org\/{rel}","templated":true}]}}