{"id":421712,"date":"2019-04-01T00:11:54","date_gmt":"2019-04-01T06:11:54","guid":{"rendered":"https:\/\/www.diarioimagen.net\/?p=421712"},"modified":"2019-04-01T06:39:09","modified_gmt":"2019-04-01T12:39:09","slug":"poder-legislativo-sin-respiro-monreal-va-por-un-extraordinario","status":"publish","type":"post","link":"https:\/\/www.diarioimagen.net\/?p=421712","title":{"rendered":"Poder Legislativo sin respiro; Monreal va por un extraordinario"},"content":{"rendered":"<h2>Tras la puerta del poder<\/h2>\n<h5>Roberto Vizca\u00edno<\/h5>\n<p>&nbsp;<\/p>\n<div id=\"attachment_421766\" style=\"width: 470px\" class=\"wp-caption aligncenter\"><a href=\"https:\/\/www.diarioimagen.net\/?attachment_id=421766\" rel=\"attachment wp-att-421766\"><img loading=\"lazy\" decoding=\"async\" aria-describedby=\"caption-attachment-421766\" class=\"size-large wp-image-421766\" src=\"https:\/\/www.diarioimagen.net\/wp-content\/uploads\/2019\/04\/pen-osa-realidad-LUIS-XAVIER-460x358.jpg\" alt=\"\" width=\"460\" height=\"358\" srcset=\"https:\/\/www.diarioimagen.net\/wp-content\/uploads\/2019\/04\/pen-osa-realidad-LUIS-XAVIER-460x358.jpg 460w, https:\/\/www.diarioimagen.net\/wp-content\/uploads\/2019\/04\/pen-osa-realidad-LUIS-XAVIER-240x187.jpg 240w, https:\/\/www.diarioimagen.net\/wp-content\/uploads\/2019\/04\/pen-osa-realidad-LUIS-XAVIER-768x598.jpg 768w, https:\/\/www.diarioimagen.net\/wp-content\/uploads\/2019\/04\/pen-osa-realidad-LUIS-XAVIER.jpg 1200w\" sizes=\"auto, (max-width: 460px) 100vw, 460px\" \/><\/a><p id=\"caption-attachment-421766\" class=\"wp-caption-text\">Pen&#8230;osa realidad&#8230; | Luis Xavier<\/p><\/div>\n<p>&nbsp;<\/p>\n<p>Con una agenda de cambios y reformas sin precedente en curso, <strong>Ricardo Monreal<\/strong> no se da tregua y ya negocia con el Bloque Opositor en el Senado un extraordinario para mayo o junio.<\/p>\n<p>Aun cuando se ha avanzado en forma importante, indica, quedan pendientes esenciales.<\/p>\n<p>\u201cEs pesado, no es f\u00e1cil, porque es de acto por acto. Cada reforma constitucional requiere una negociaci\u00f3n particular y, es muy desgastante, es muy pesado\u2026 pero vamos a intentar hacerlo\u201d, hab\u00eda adelantado ya al inicio del per\u00edodo.<\/p>\n<p>Presidente de la Junta de Coordinaci\u00f3n Pol\u00edtica y coordinador de la bancada mayoritaria de Morena, el zacatecano indica que del 1 de febrero al momento, a dos meses de distancia, se ha cumplido ya con un tramo legislativo m\u00e1s que esencial para el gobierno de la 4ta Transformaci\u00f3n.<\/p>\n<p>Sin duda la reforma m\u00e1s importante, advierte, ha sido la creaci\u00f3n de la <strong>Guardia Nacional, <\/strong>esencial para cumplir una de las promesas m\u00e1s importantes del presidente <strong>Andr\u00e9s Manuel L\u00f3pez Obrador:<\/strong> acabar con la violencia en el pa\u00eds y alcanzar la tan anhelada pacificaci\u00f3n del pa\u00eds.<\/p>\n<p>Y ha salido lo de revocaci\u00f3n de mandato y fuero constitucional.<\/p>\n<p>Quedan en curso la ley de confianza ciudadana y la nueva reforma educativa, \u201cdonde actuamos como C\u00e1mara revisora\u201d.<\/p>\n<p>Vienen las reformas en materia laboral y las Leyes secundarias de la Guardia Nacional.<\/p>\n<p>\u201cY aqu\u00ed (en el Senado) tenemos dos importantes: el sistema anticorrupci\u00f3n y el de la despenalizaci\u00f3n del uso de la mariguana\u2026<\/p>\n<p>\u201c\u2026 y le agregar\u00eda una, que es un inter\u00e9s personal pero que a veces no me gusta repetirlo, lo de las comisiones bancarias\u201d, se\u00f1al\u00f3.<\/p>\n<p>A eso, dice, agrega la de modificaciones a leyes reglamentarias a la Ley Org\u00e1nica del Poder Judicial, que tiene que ver con la rotaci\u00f3n de jueces\u201d.<\/p>\n<p>Este es un tema que ya se ha platicado, revela, \u201cde manera informal, con el nuevo presidente de la Corte\u201d.<\/p>\n<p>Resume:<\/p>\n<p>\u201cUna agenda impresionante, pesada, dif\u00edcil, ha requerido de mucha paciencia y de mucha prudencia; porque en su mayor\u00eda son reformas constitucionales que requieren de mayor\u00edas calificadas, es decir, de dos terceras partes de votos de los 128 senadores\u201d.<\/p>\n<p>En abril, que inicia hoy y que es el mes en que se celebra la Semana Santa entre el domingo 14 al domingo 21, s\u00f3lo habr\u00e1 8 sesiones que son insuficientes para sacar adelante todo lo pendiente, advierte.<\/p>\n<p>Por ello, y para cumplir con agenda del presidente <strong>Andr\u00e9s Manuel L\u00f3pez Obrador,<\/strong> se va a ir a la celebraci\u00f3n de un per\u00edodo extraordinario quiz\u00e1 a fines de mayo o de junio.<\/p>\n<p>Falta votar de nuevo a los comisionados de la CRE y la nueva forma educativa junto con la reforma al 35 Constitucional para avanzar en lo de Confianza Ciudadana, as\u00ed como en lo de la ley de Extinci\u00f3n de Dominio.<\/p>\n<p>Solo en lo que corresponde a las leyes secundarias de la Guardia Nacional se tienen, dijo, 4 normativas que son:<\/p>\n<p>&#8211; La Org\u00e1nica de la Guardia Nacional,<\/p>\n<p>&#8211; La Ley del Uso de la Fuerza,<\/p>\n<p>&#8211; La Ley de Detenidos y,<\/p>\n<p>&#8211; Reformas necesarias al C\u00f3digo Penal y de Procedimientos Penales.<\/p>\n<p>La proyecci\u00f3n no es nada f\u00e1cil, pues adem\u00e1s de Semana Santa, se cruzan las elecciones a gobernador nada f\u00e1ciles de Puebla y Baja California y las otras del 2 de junio que amenazan con crear fuertes tensiones que seguramente terminar\u00e1n por repercutir en las tareas legislativas.<\/p>\n<p>El caso es que, cuando menos <strong>Monreal<\/strong> y su grupo, no tendr\u00e1n vacaciones.<\/p>\n<p style=\"text-align: center;\"><strong>Migrantes-Trump-CNTE<\/strong><\/p>\n<p>Fuera del Senado y del resto del legislativo, los temas nacionales e internacionales no plantean cosas nada f\u00e1ciles.<\/p>\n<p>Sin duda los dos m\u00e1s \u00e1lgidos esta primera semana de abril ser\u00e1n:<\/p>\n<p>&#8211; Lo de la nueva caravana de migrantes centroamericanos con la amenaza del presidente <strong>Donald Trump<\/strong> de no s\u00f3lo cerrar la frontera de EU con M\u00e9xico, sino retirar todas las ayudas y planes de inversi\u00f3n que suman unos 900 millones de d\u00f3lares en toda la regi\u00f3n.<\/p>\n<p>&#8211; Y las movilizaciones de la CNTE porque en el proyecto de la nueva reforma educativa de la 4ta Transformaci\u00f3n la han excluido de meter las manos en la enorme bolsa p\u00fablica del gasto educativo.<\/p>\n<p>No es s\u00f3lo que no les de derechos para repartir nuevas plazas, sino que no les aprobaron meterse en el reparto del dinero a educaci\u00f3n en los estados como antes lo hac\u00edan en Oaxaca.<\/p>\n<p>Por ello esta semana ser\u00e1n decisivas las negociaciones que realice por un lado el canciller <strong>Marcelo Ebrard<\/strong> en Washington y por el otro el titular de la SEP <strong>Esteban Moctezuma<\/strong> acompa\u00f1ado por el coordinador de Morena en San L\u00e1zaro, el itamista <strong>Mario Delgado<\/strong> en la mesa de negociaciones con los duros de la CNTE.<\/p>\n<p>En el primer caso, <strong>AMLO <\/strong>ya no se puede hacer el muerto, ni que la Virgen le habla, y va a tener que entrarle directo a la negociaci\u00f3n con Donald Trump y los presidentes de El Salvador, Guatemala y Honduras.<\/p>\n<p>Y encima de todo eso establecer un cerco policiaco que no parezca policiaco en el Itsmo para impedirle el avance a no s\u00f3lo la nueva caravana de migrantes que, dice la secretaria de Gobernaci\u00f3n<strong> Olga S\u00e1nchez Cordero<\/strong> suma unos 20 mil, sino a los que vienen en solitario y que suman quiz\u00e1 otros 80 mil aspirantes a entrar como sea a Estados Unidos.<\/p>\n<p>Y es que <strong>Trump<\/strong> no s\u00f3lo suspendi\u00f3 ya la ayuda de 500 millones de d\u00f3lares destinada a programas de desarrollo y empleo en El Salvador, Guatemala y Honduras, sino que ya adelant\u00f3 que cerrar\u00e1 la frontera con M\u00e9xico.<\/p>\n<p>\u201cNinguno hace nada para frenar la migraci\u00f3n\u201d, se quej\u00f3 el mandatario.<\/p>\n<p>En especial acus\u00f3 de no cerrar el paso a migrantes ilegales al gobierno de <strong>Andr\u00e9s Manuel L\u00f3pez Obrador,<\/strong> quien todav\u00eda el fin de la semana dec\u00eda que no se iba a confrontar con el norteamericano.<\/p>\n<p>Frente a este escenario la titular de Gobernaci\u00f3n, la ex ministra S\u00e1nchez Cordero adelant\u00f3 que a pesar de que no le gusta a su jefe, ella va a intentar darle orden a la caravana de migrantes y al resto de quienes pretendan ir hasta la frontera norte para cruzar hacia EU.<\/p>\n<p>Es decir, convertir en serio a M\u00e9xico en la aduana de control del flujo ilegal de migrantes a EU, lo que tanto le reprocharon al Gobierno de <strong>Enrique Pe\u00f1a Nieto.<\/strong><\/p>\n<p>Buenos para la excusa, AMLO y su secretaria han comenzado a se\u00f1alar que \u201cM\u00e9xico no provoca el fen\u00f3meno de la migraci\u00f3n\u201d y por el contrario coopera para solucionarlo.<\/p>\n<p>Ambos insisten en que la causa de este flujo migratorio es la pobreza y la violencia, o ambas, para lo cual el desarrollo, la justicia y la seguridad son la soluci\u00f3n.<\/p>\n<p>En cuanto a la CNTE, la instrucci\u00f3n de <strong>AMLO<\/strong> a <strong>Moctezuma<\/strong> es ir a una negociaci\u00f3n clara y directa con los l\u00edderes de la secci\u00f3n 22 de Oaxaca, pero que excluya cualquier efecto corruptor.<\/p>\n<p>Nada de que metan la mano en las finanzas destinadas a la educaci\u00f3n. Acostumbrados a obtener todo por la v\u00eda de la movilizaci\u00f3n y el chantaje de la presi\u00f3n, los dirigentes de la CNTE ya anunciaron que echar\u00e1n a andar la maquinaria ya mil veces probada de desquiciar a la Ciudad de M\u00e9xico y a la c\u00e1mara de Diputados y otras instituciones.<\/p>\n<p>As\u00ed que hay que prepararse a vivir de nuevo a los bloqueos, marchas y plantones de la CNTE en la CDMX.<\/p>\n<p><em><a href=\"http:\/\/endirecto.mx\" target=\"_blank\" rel=\"noopener noreferrer\">www.endirecto.mx<\/a><\/em><br \/>\n<em><a href=\"https:\/\/twitter.com\/_rvizcaino\" target=\"_blank\" rel=\"noopener noreferrer\">@_RVizcaino<\/a><\/em><br \/>\n<a href=\"https:\/\/www.facebook.com\/rvizcainoa\" target=\"_blank\" rel=\"noopener noreferrer\">f<em>acebook.com\/rvizcainoa<\/em><\/a><\/p>\n","protected":false},"excerpt":{"rendered":"<p><span style=\"color: #005497;\"><strong>Roberto Vizca\u00edno<\/strong><\/span><br \/>\n<br \/>\nCon una agenda de cambios y reformas sin precedente en curso, <strong>Ricardo Monreal<\/strong> no se da tregua y ya negocia con el Bloque Opositor en el Senado un extraordinario para mayo o junio.<\/p>\n","protected":false},"author":3,"featured_media":421766,"comment_status":"open","ping_status":"open","sticky":false,"template":"","format":"standard","meta":{"_monsterinsights_skip_tracking":false,"_monsterinsights_sitenote_active":false,"_monsterinsights_sitenote_note":"","_monsterinsights_sitenote_category":0,"footnotes":""},"categories":[136],"tags":[],"class_list":["post-421712","post","type-post","status-publish","format-standard","has-post-thumbnail","hentry","category-roberto-vizcaino-opinion"],"_links":{"self":[{"href":"https:\/\/www.diarioimagen.net\/index.php?rest_route=\/wp\/v2\/posts\/421712","targetHints":{"allow":["GET"]}}],"collection":[{"href":"https:\/\/www.diarioimagen.net\/index.php?rest_route=\/wp\/v2\/posts"}],"about":[{"href":"https:\/\/www.diarioimagen.net\/index.php?rest_route=\/wp\/v2\/types\/post"}],"author":[{"embeddable":true,"href":"https:\/\/www.diarioimagen.net\/index.php?rest_route=\/wp\/v2\/users\/3"}],"replies":[{"embeddable":true,"href":"https:\/\/www.diarioimagen.net\/index.php?rest_route=%2Fwp%2Fv2%2Fcomments&post=421712"}],"version-history":[{"count":0,"href":"https:\/\/www.diarioimagen.net\/index.php?rest_route=\/wp\/v2\/posts\/421712\/revisions"}],"wp:featuredmedia":[{"embeddable":true,"href":"https:\/\/www.diarioimagen.net\/index.php?rest_route=\/wp\/v2\/media\/421766"}],"wp:attachment":[{"href":"https:\/\/www.diarioimagen.net\/index.php?rest_route=%2Fwp%2Fv2%2Fmedia&parent=421712"}],"wp:term":[{"taxonomy":"category","embeddable":true,"href":"https:\/\/www.diarioimagen.net\/index.php?rest_route=%2Fwp%2Fv2%2Fcategories&post=421712"},{"taxonomy":"post_tag","embeddable":true,"href":"https:\/\/www.diarioimagen.net\/index.php?rest_route=%2Fwp%2Fv2%2Ftags&post=421712"}],"curies":[{"name":"wp","href":"https:\/\/api.w.org\/{rel}","templated":true}]}}