{"id":421811,"date":"2019-04-02T00:08:56","date_gmt":"2019-04-02T06:08:56","guid":{"rendered":"https:\/\/www.diarioimagen.net\/?p=421811"},"modified":"2019-04-02T02:22:57","modified_gmt":"2019-04-02T08:22:57","slug":"matute-armo-la-guerra-de-los-80s-en-el-plaza-condesa","status":"publish","type":"post","link":"https:\/\/www.diarioimagen.net\/?p=421811","title":{"rendered":"Matute arm\u00f3 \u201cLa guerra de los 80\u2019s\u201d en El Plaza Condesa"},"content":{"rendered":"<ul>\n<li><em><strong>Un espect\u00e1culo que enfrent\u00f3 a tres tribus con diferentes gustos musicales: los rockeros, los fresas y finalmente los gammers, grupos que se transportaron a una de las \u00e9pocas m\u00e1s emocionantes de la m\u00fasica: los 80\u2019s, en una experiencia interactiva que regres\u00f3 al p\u00fablico a vivir la experiencia<\/strong><\/em><\/li>\n<li><em><strong>Regresar\u00e1n el 12 y 13 de abril<\/strong><\/em><\/li>\n<\/ul>\n<h6>Asael Grande<\/h6>\n<p><strong>\u00a0<\/strong><\/p>\n<div id=\"attachment_421812\" style=\"width: 470px\" class=\"wp-caption aligncenter\"><img loading=\"lazy\" decoding=\"async\" aria-describedby=\"caption-attachment-421812\" class=\"size-large wp-image-421812\" src=\"https:\/\/www.diarioimagen.net\/wp-content\/uploads\/2019\/04\/matute-portal-460x268.jpg\" alt=\"\" width=\"460\" height=\"268\" srcset=\"https:\/\/www.diarioimagen.net\/wp-content\/uploads\/2019\/04\/matute-portal-460x268.jpg 460w, https:\/\/www.diarioimagen.net\/wp-content\/uploads\/2019\/04\/matute-portal-240x140.jpg 240w, https:\/\/www.diarioimagen.net\/wp-content\/uploads\/2019\/04\/matute-portal.jpg 480w\" sizes=\"auto, (max-width: 460px) 100vw, 460px\" \/><p id=\"caption-attachment-421812\" class=\"wp-caption-text\">El grupo llevar\u00e1 su nueva gira al Auditorio Nacional a finales de a\u00f1o. <em>(Foto: Asael Grande)<\/em><\/p><\/div>\n<p>&nbsp;<\/p>\n<p>Jorge, Tana, Pepe, Nacho y Oso, regresaron al escenario de El Plaza Condesa, en esta ocasi\u00f3n para presentar a sus fans su nueva experiencia musical, misma que reconquist\u00f3 a sus fieles seguidores, en lo que fue una fiesta llamada \u201cLa guerra de los 80\u2019s\u201d, un espect\u00e1culo que enfrent\u00f3 a tres tribus con diferentes gustos musicales: los rockeros, los fresas y finalmente los gammers, grupos que se transportaron a una de las \u00e9pocas m\u00e1s emocionantes de la m\u00fasica: los 80\u2019s, en una experiencia interactiva que regres\u00f3 al p\u00fablico a vivir la experiencia que revolucion\u00f3 la escena musical de nuestro pa\u00eds.<\/p>\n<p>Los integrantes de la banda Matute, Jorge D\u2019Alessio (productor, vocalista, teclado), \u00a0Ignacio \u201cNacho\u201d Izeta (guitarra el\u00e9ctrica, vocalista),\u00a0 Pepe S\u00e1nchez (teclado), Irving Regalado (bater\u00eda), Tana Planter (vocalista, coros), y Paco \u201cEl Oso\u201d Morales (bajo), presentaron un concierto completamente interactivo, pues el p\u00fablico se dividi\u00f3 en las secciones: Preparatoria Atari (Zona General, defendieron a los gamers), Preparatoria Trapper Keeper (Zona General, defendieron a los fresas), e Instituto Poison (Glam Lounge Poison: Disfrutaron la experiencia en mesas).<\/p>\n<p>Ante un escenario especial para la noche, en la que una pasarela central tuvo a los integrantes de Matute muy cerca de sus fans durante todo el concierto, el p\u00fablico se enfrent\u00f3 a una guerra de preparatorias, donde Matute puso pruebas entre cada canci\u00f3n del show, bajaron un tablero gigante y las preparatorias hicieron los retos, declar\u00e1ndose como ganador de \u201cLa guerra de los 80\u2019s\u201d, el bando Atari.<\/p>\n<p>Cl\u00e1sicos de los 80\u2019s de Timbiriche, Luis Miguel, Juan Gabriel, Mijares, Michael Jackson, Jos\u00e9 Jos\u00e9, Parch\u00eds, Mecano, Flans, Marco Antonio Sol\u00eds, Yuri, sonaron durante la noche, que tuvo en lo alto del escenario, y a los laterales, pantallas de televisi\u00f3n que proyectaban im\u00e1genes de programas televisivos cl\u00e1sicos de los a\u00f1os ochenta: \u201cConde P\u00e1tula\u201d, \u201cPap\u00e1 Soltero\u201d, \u201cBaby\u2019s Muppets\u201d, \u201cLos Cazafantasmas\u201d, \u201cQuincea\u00f1era\u201d, \u201cCuna de lobos\u201d.<\/p>\n<p>La velada comenz\u00f3 con temas como \u201cFootloose\u201d, \u201cTake on me. Obsesi\u00f3n\u201d,. \u201cT\u00fa y yo somos uno mismo\u201d,\u00a0 y \u201cNothing gonna stop us\u201d, canciones que el p\u00fablico asistente no dej\u00f3 de cantar y bailar, en el encuentro nacional de prepas 1988: \u201cbienvenidos a nuestro aniversario, bienvenidos todos a \u201cLa guerra de los 80\u2019s\u201d, durante todo el concierto, los vamos a hacer cantar, a echar desmadre y mil cosas m\u00e1s, \u00e9ste es un buen momento para respirar un poquito, que est\u00e9n aqu\u00ed significa todo para nosotros, trabajamos con mucha fe y amor, hoy estamos cumpliendo 12 a\u00f1os, gracias por venir a nuestro cumplea\u00f1os, nos sentimos bendecidos por ser su entretenimiento\u201d, fueron las palabras de bienvendia de Jorge D\u00b4Alessio. Algunos de los momentos especiales de la noche, fueron los 12 personajes interactuando con Matute, adem\u00e1s de bailarines, y referencias de la d\u00e9cada de los ochentas por todos lados del recinto, como la bater\u00eda de Irving, que se torn\u00f3 en Ecto 1 cuando son\u00f3 en tema de la pel\u00edcula de<em>Los Cazafantasmas<\/em>, perseguido por \u201cMarshmallow Manen\u201d. Durante la celebraci\u00f3n de 12 a\u00f1os de Matute, en la experiencia ochentera aparecieron zombies durante el tema Thriller de Michael Jackson; en \u201cPower of Love\u201d, la bater\u00eda se volvi\u00f3 el Delorean cuando tocaron el tema principal de <em>Back to the future<\/em>.<\/p>\n<p>Otro momento especial, fue cuando Matute baj\u00f3 una tarima especial de percusiones, para tocar canciones de Hombres G, y el tema \u201cDon\u2019t Worry Be Happy\u201d, de Bobby McFerrin. Se se escucharon melod\u00edas como \u201cBazar\u201d, \u201cYo no te pido la luna\u201d, \u201cEse hombre no se toca\u201d, \u201cCelos\u201d, \u201cS\u00e9 c\u00f3mo duele\u201d, \u201cSoldado del amor\u201d, \u201cSuena tremendo\u201d, \u201cEl Noa Noa\u201d, \u201cRadio Ga Ga\u201d, \u201cCelos\u201d-<\/p>\n<p>Para finalizar, Matute toc\u00f3 \u201cCulpable o no\u201d (mi\u00e9nteme como siempre), \u201cAy amor\u201d, \u201cLo pasado pasado\u201d, \u201cCuando calienta el sol\u201d, \u201cCruz de navajas\u201d, \u201cMil y una noches\u201d, \u201cTu c\u00e1rcel\u201d, \u201cEl apag\u00f3n\u201d y \u201cProv\u00f3came\u201d.<\/p>\n<p>Jorge D`Alessio, Tana, Pepe, Irving, Nacho y Oso, ofrecieron una velada llena de est\u00edmulos de los a\u00f1os 80\u2019s, una experiencia m\u00e1s all\u00e1 de un concierto m\u00e1s, para lo cual renovaron su espect\u00e1culo con algunos temas que no hab\u00edan interpretado antes. Matute continuar\u00e1 su Boombox Tour el 10 de abril en San Luis Potos\u00ed, el 24\u00a0 de abril en Zacatecas, 28 de abril en Hermosillo, 2 de mayo en Puebla y el 11 de mayo en Metepec. A mediados de a\u00f1o, comenzar\u00e1n con su nueva gira Planeta Retro, la cual llevar\u00e1n al Auditorio Nacional.<\/p>\n<p>Repetir\u00e1n su \u201cGuerra de los 80\u2019s\u201d en El Plaza Condesa, 12 y 13 de abril.<\/p>\n","protected":false},"excerpt":{"rendered":"<p>Jorge, Tana, Pepe, Nacho y Oso, regresaron al escenario de El Plaza Condesa, en esta ocasi\u00f3n para presentar a sus fans su nueva experiencia musical, misma que reconquist\u00f3 a sus fieles seguidores, en lo que fue una fiesta llamada \u201cLa guerra de los 80\u2019s\u201d, <\/p>\n","protected":false},"author":5,"featured_media":421812,"comment_status":"open","ping_status":"open","sticky":false,"template":"","format":"standard","meta":{"_monsterinsights_skip_tracking":false,"_monsterinsights_sitenote_active":false,"_monsterinsights_sitenote_note":"","_monsterinsights_sitenote_category":0,"footnotes":""},"categories":[12],"tags":[20374,43682,73231,72784,74270,74268,78484,83565],"class_list":["post-421811","post","type-post","status-publish","format-standard","has-post-thumbnail","hentry","category-espectaculos","tag-el-plaza-condesa","tag-espectaculos","tag-jorge","tag-matute","tag-nacho-y-oso","tag-pepe","tag-tana","tag-la-guerra-de-los-80s"],"_links":{"self":[{"href":"https:\/\/www.diarioimagen.net\/index.php?rest_route=\/wp\/v2\/posts\/421811","targetHints":{"allow":["GET"]}}],"collection":[{"href":"https:\/\/www.diarioimagen.net\/index.php?rest_route=\/wp\/v2\/posts"}],"about":[{"href":"https:\/\/www.diarioimagen.net\/index.php?rest_route=\/wp\/v2\/types\/post"}],"author":[{"embeddable":true,"href":"https:\/\/www.diarioimagen.net\/index.php?rest_route=\/wp\/v2\/users\/5"}],"replies":[{"embeddable":true,"href":"https:\/\/www.diarioimagen.net\/index.php?rest_route=%2Fwp%2Fv2%2Fcomments&post=421811"}],"version-history":[{"count":0,"href":"https:\/\/www.diarioimagen.net\/index.php?rest_route=\/wp\/v2\/posts\/421811\/revisions"}],"wp:featuredmedia":[{"embeddable":true,"href":"https:\/\/www.diarioimagen.net\/index.php?rest_route=\/wp\/v2\/media\/421812"}],"wp:attachment":[{"href":"https:\/\/www.diarioimagen.net\/index.php?rest_route=%2Fwp%2Fv2%2Fmedia&parent=421811"}],"wp:term":[{"taxonomy":"category","embeddable":true,"href":"https:\/\/www.diarioimagen.net\/index.php?rest_route=%2Fwp%2Fv2%2Fcategories&post=421811"},{"taxonomy":"post_tag","embeddable":true,"href":"https:\/\/www.diarioimagen.net\/index.php?rest_route=%2Fwp%2Fv2%2Ftags&post=421811"}],"curies":[{"name":"wp","href":"https:\/\/api.w.org\/{rel}","templated":true}]}}