{"id":421826,"date":"2019-04-02T00:11:26","date_gmt":"2019-04-02T06:11:26","guid":{"rendered":"https:\/\/www.diarioimagen.net\/?p=421826"},"modified":"2019-04-02T04:43:42","modified_gmt":"2019-04-02T10:43:42","slug":"apuesta-uaem-por-empoderamiento-de-la-mujer","status":"publish","type":"post","link":"https:\/\/www.diarioimagen.net\/?p=421826","title":{"rendered":"Apuesta UAEM por empoderamiento de la mujer"},"content":{"rendered":"<ul>\n<li><strong><em>Se refuerza la lucha contra su marginaci\u00f3n y exclusi\u00f3n<\/em><\/strong><\/li>\n<\/ul>\n<p>&nbsp;<\/p>\n<div id=\"attachment_421911\" style=\"width: 470px\" class=\"wp-caption aligncenter\"><a href=\"https:\/\/www.diarioimagen.net\/?attachment_id=421911\" rel=\"attachment wp-att-421911\"><img loading=\"lazy\" decoding=\"async\" aria-describedby=\"caption-attachment-421911\" class=\"size-large wp-image-421911\" src=\"https:\/\/www.diarioimagen.net\/wp-content\/uploads\/2019\/04\/UAEM-2-460x259.jpg\" alt=\"\" width=\"460\" height=\"259\" srcset=\"https:\/\/www.diarioimagen.net\/wp-content\/uploads\/2019\/04\/UAEM-2-460x259.jpg 460w, https:\/\/www.diarioimagen.net\/wp-content\/uploads\/2019\/04\/UAEM-2-240x135.jpg 240w, https:\/\/www.diarioimagen.net\/wp-content\/uploads\/2019\/04\/UAEM-2-235x132.jpg 235w, https:\/\/www.diarioimagen.net\/wp-content\/uploads\/2019\/04\/UAEM-2-202x114.jpg 202w, https:\/\/www.diarioimagen.net\/wp-content\/uploads\/2019\/04\/UAEM-2-350x196.jpg 350w, https:\/\/www.diarioimagen.net\/wp-content\/uploads\/2019\/04\/UAEM-2-220x123.jpg 220w, https:\/\/www.diarioimagen.net\/wp-content\/uploads\/2019\/04\/UAEM-2-237x132.jpg 237w, https:\/\/www.diarioimagen.net\/wp-content\/uploads\/2019\/04\/UAEM-2.jpg 480w\" sizes=\"auto, (max-width: 460px) 100vw, 460px\" \/><\/a><p id=\"caption-attachment-421911\" class=\"wp-caption-text\">El rector Alfredo Barrera Baca anunci\u00f3 que se intensificar\u00e1 \u201cla colaboraci\u00f3n con instituciones para que la mujer conquiste nuevas oportunidades intelectuales y laborales\u201d.<\/p><\/div>\n<p>&nbsp;<\/p>\n<p><strong>Toluca, Estado de M\u00e9xico<\/strong>.- Capacitar a servidores p\u00fablicos del gobierno estatal en materia de perspectiva de g\u00e9nero permite a la Universidad Aut\u00f3noma del Estado de M\u00e9xico contribuir en la construcci\u00f3n de una gesti\u00f3n p\u00fablica m\u00e1s sensible, emp\u00e1tica y eficiente, afirm\u00f3 el rector Alfredo Barrera Baca.<\/p>\n<p>Ante los 32 servidores p\u00fablicos de 25 dependencias del gobierno mexiquense egresados del Diplomado en Perspectiva de G\u00e9nero en las \u00c1reas de Comunicaci\u00f3n de la Administraci\u00f3n P\u00fablica Estatal y los 77 servidores adscritos a las Unidades de G\u00e9nero y Erradicaci\u00f3n de la Violencia de 23 dependencias, secretarias y \u00e1reas como el Poder Judicial, Desarrollo Agropecuario, Contralor\u00eda, Movilidad, Turismo, Justicia, Derechos Humanos, el DIFEM y el sector salud que cursaron el Diplomado en Dise\u00f1o y Aplicaci\u00f3n de Pol\u00edticas P\u00fablicas con Perspectiva de G\u00e9nero, Barrera Baca enfatiz\u00f3 que la educaci\u00f3n en esta materia refuerza la lucha de la mujer contra su marginaci\u00f3n y exclusi\u00f3n.<\/p>\n<p>Acompa\u00f1ado del secretario de Desarrollo Social, Eric Sevilla Montes de Oca, y la titular del Consejo Estatal de la Mujer y Bienestar Social (CEMyBS), Melissa Estefan\u00eda Vargas Camacho, el rector asever\u00f3 que conscientes de que prevalecen los estereotipos machistas, es al hombre a quien se deben dirigir todos los esfuerzos para crear una nueva cultura en esta materia.<\/p>\n<p>En la Sala \u201cBenito Ju\u00e1rez\u201d del Edificio de Rector\u00eda, Alfredo Barrera Baca adelant\u00f3 que la Aut\u00f3noma mexiquense trabaja en el dise\u00f1o de cursos y programas dirigidos a sensibilizar a la poblaci\u00f3n masculina para que reconozca las conductas naturalizadas y vistas como normales pero que lastiman a las mujeres.<\/p>\n<p>\u201cIntensificaremos la colaboraci\u00f3n con instituciones para que la mujer conquiste nuevas oportunidades intelectuales y laborales y para que abandone factores culturales que la subordinan al hombre. Nos interesa el empoderamiento de la mujer, su rol activo y participativo en contra de la violencia de g\u00e9nero, pero nuestro prop\u00f3sito \u00faltimo es crear nuevas relaciones entre ambos g\u00e9neros basadas en el respeto, la igualdad de oportunidades y el cultivo de un amor sano, libre de distorsiones enfermizas que reproduzcan el c\u00edrculo vicioso de la desigualdad\u201d.<\/p>\n<p>Ante la secretaria de Rector\u00eda, Jannet Valero Vilchis, y la titular de la Coordinaci\u00f3n de Equidad de G\u00e9nero de la UAEM, Roc\u00edo \u00c1lvarez Miranda, Eric Sevilla Montes de Oca indic\u00f3 que la violencia hacia la mujer es uno de los actos m\u00e1s deleznables contra los derechos humanos y debe combatirse a partir de diversas din\u00e1micas, pol\u00edticas p\u00fablicas y servidores p\u00fablicos capacitados que resuelvan problemas y no revictimicen.<\/p>\n","protected":false},"excerpt":{"rendered":"<p>Capacitar a servidores p\u00fablicos del gobierno estatal en materia de perspectiva de g\u00e9nero permite a la Universidad Aut\u00f3noma del Estado de M\u00e9xico contribuir en la construcci\u00f3n de una gesti\u00f3n p\u00fablica m\u00e1s sensible, emp\u00e1tica y eficiente,<\/p>\n","protected":false},"author":3,"featured_media":421911,"comment_status":"open","ping_status":"open","sticky":false,"template":"","format":"standard","meta":{"_monsterinsights_skip_tracking":false,"_monsterinsights_sitenote_active":false,"_monsterinsights_sitenote_note":"","_monsterinsights_sitenote_category":0,"footnotes":""},"categories":[5],"tags":[58572,66529,43675,7254,452],"class_list":["post-421826","post","type-post","status-publish","format-standard","has-post-thumbnail","hentry","category-estado-de-mexico","tag-alfredo-barrera-baca","tag-empoderamiento","tag-estado-de-mexico","tag-mujer","tag-toluca"],"_links":{"self":[{"href":"https:\/\/www.diarioimagen.net\/index.php?rest_route=\/wp\/v2\/posts\/421826","targetHints":{"allow":["GET"]}}],"collection":[{"href":"https:\/\/www.diarioimagen.net\/index.php?rest_route=\/wp\/v2\/posts"}],"about":[{"href":"https:\/\/www.diarioimagen.net\/index.php?rest_route=\/wp\/v2\/types\/post"}],"author":[{"embeddable":true,"href":"https:\/\/www.diarioimagen.net\/index.php?rest_route=\/wp\/v2\/users\/3"}],"replies":[{"embeddable":true,"href":"https:\/\/www.diarioimagen.net\/index.php?rest_route=%2Fwp%2Fv2%2Fcomments&post=421826"}],"version-history":[{"count":0,"href":"https:\/\/www.diarioimagen.net\/index.php?rest_route=\/wp\/v2\/posts\/421826\/revisions"}],"wp:featuredmedia":[{"embeddable":true,"href":"https:\/\/www.diarioimagen.net\/index.php?rest_route=\/wp\/v2\/media\/421911"}],"wp:attachment":[{"href":"https:\/\/www.diarioimagen.net\/index.php?rest_route=%2Fwp%2Fv2%2Fmedia&parent=421826"}],"wp:term":[{"taxonomy":"category","embeddable":true,"href":"https:\/\/www.diarioimagen.net\/index.php?rest_route=%2Fwp%2Fv2%2Fcategories&post=421826"},{"taxonomy":"post_tag","embeddable":true,"href":"https:\/\/www.diarioimagen.net\/index.php?rest_route=%2Fwp%2Fv2%2Ftags&post=421826"}],"curies":[{"name":"wp","href":"https:\/\/api.w.org\/{rel}","templated":true}]}}