{"id":421834,"date":"2019-04-02T00:09:57","date_gmt":"2019-04-02T06:09:57","guid":{"rendered":"https:\/\/www.diarioimagen.net\/?p=421834"},"modified":"2019-04-02T23:04:33","modified_gmt":"2019-04-03T05:04:33","slug":"mexico-recibira-a-migrantes-pero-de-forma-ordenada-sg","status":"publish","type":"post","link":"https:\/\/www.diarioimagen.net\/?p=421834","title":{"rendered":"M\u00e9xico recibir\u00e1 a migrantes, pero de forma ordenada: SG"},"content":{"rendered":"<ul>\n<li><em><strong>No los detendr\u00e1, sino que los atender\u00e1<\/strong><\/em><\/li>\n<li><em><strong>Trump puede hacer lo que guste en su territorio, afirma S\u00e1nchez Cordero<\/strong><\/em><\/li>\n<\/ul>\n<h6>Jos\u00e9 Luis Monta\u00f1ez<\/h6>\n<p>&nbsp;<\/p>\n<div id=\"attachment_421917\" style=\"width: 470px\" class=\"wp-caption aligncenter\"><a href=\"https:\/\/www.diarioimagen.net\/?attachment_id=421917\" rel=\"attachment wp-att-421917\"><img loading=\"lazy\" decoding=\"async\" aria-describedby=\"caption-attachment-421917\" class=\"size-large wp-image-421917\" src=\"https:\/\/www.diarioimagen.net\/wp-content\/uploads\/2019\/04\/OLGA2-460x259.jpg\" alt=\"\" width=\"460\" height=\"259\" srcset=\"https:\/\/www.diarioimagen.net\/wp-content\/uploads\/2019\/04\/OLGA2-460x259.jpg 460w, https:\/\/www.diarioimagen.net\/wp-content\/uploads\/2019\/04\/OLGA2-240x135.jpg 240w, https:\/\/www.diarioimagen.net\/wp-content\/uploads\/2019\/04\/OLGA2-235x132.jpg 235w, https:\/\/www.diarioimagen.net\/wp-content\/uploads\/2019\/04\/OLGA2-202x114.jpg 202w, https:\/\/www.diarioimagen.net\/wp-content\/uploads\/2019\/04\/OLGA2-350x196.jpg 350w, https:\/\/www.diarioimagen.net\/wp-content\/uploads\/2019\/04\/OLGA2-220x123.jpg 220w, https:\/\/www.diarioimagen.net\/wp-content\/uploads\/2019\/04\/OLGA2-237x132.jpg 237w, https:\/\/www.diarioimagen.net\/wp-content\/uploads\/2019\/04\/OLGA2.jpg 480w\" sizes=\"auto, (max-width: 460px) 100vw, 460px\" \/><\/a><p id=\"caption-attachment-421917\" class=\"wp-caption-text\">Olga S\u00e1nchez Cordero, secretaria de Gobernaci\u00f3n, se\u00f1al\u00f3 que M\u00e9xico no detendr\u00e1 a los centroamericanos, sino que los regularizar\u00e1.<\/p><\/div>\n<p>&nbsp;<\/p>\n<p>Las caravanas de migrantes son una realidad y no un mito, advirti\u00f3 la secretaria de Gobernaci\u00f3n, Olga S\u00e1nchez Cordero, al se\u00f1alar que M\u00e9xico no detendr\u00e1 a los centroamericanos, sino que los regularizar\u00e1.<\/p>\n<p>Entrevistada luego de dar posesi\u00f3n de su cargo a Pl\u00e1cido Humberto Morales V\u00e1zquez como presidente del Tribunal Federal de Conciliaci\u00f3n y Arbitraje (TFCA), la funcionaria federal sostuvo que el presidente de Estados Unidos, Donald Trump, puede hacer lo que guste en su territorio.<\/p>\n<p>\u201cLas caravanas son una realidad, no son un mito. Han estado entrando constantemente caravanas, ustedes pueden ver las im\u00e1genes de los mismos medios de comunicaci\u00f3n cuando las caravanas se van formando y van caminando.<\/p>\n<p>\u201cEsta es una realidad, por m\u00e1s que digan que no es una aut\u00e9ntica realidad y es la nueva forma de hacer la migraci\u00f3n y de unirse, para su seguridad personal\u201d, se\u00f1al\u00f3.<\/p>\n<p>S\u00e1nchez Cordero rechaz\u00f3 que la contenci\u00f3n a los grupos de migrantes deba interpretarse como una militarizaci\u00f3n de la frontera o que se deje de atender a quienes llegan de las distintas naciones de la regi\u00f3n sur.<\/p>\n<p>Este no es un gobierno represivo, no es un gobierno que quiera militarizar la frontera, estaremos todas las instancias y puntos migratorios regulares atendiendo a todos flujos migratorios\u201d.<\/p>\n<p>Respecto a la amenaza del presidente de Estados Unidos, Donald Trump, de cerrar la frontera com\u00fan por la inacci\u00f3n de nuestro pa\u00eds frente a los flujos migratorios, la secretaria S\u00e1nchez Cordero afirm\u00f3 que se trata de una decisi\u00f3n unilateral, sin calificarla de alg\u00fan modo, aunque sin sustento porque M\u00e9xico cumple su parte al atender este fen\u00f3meno de manera coordinada.<\/p>\n<p>El presidente Trump es el presidente Trump y nosotros tenemos que regular nuestra frontera. Son decisiones unilaterales y como ha dicho el presidente (L\u00f3pez Obrador) peace and love\u201d, expres\u00f3.<\/p>\n<p>En este mismo sentido, reiter\u00f3 que los migrantes que cruzan de manera ilegal la frontera norte hacia la Uni\u00f3n Americana, son apenas el 10 por ciento mexicanos, el 90 por ciento son de diversos pa\u00edses de Centroam\u00e9rica y de otras naciones del mundo.<\/p>\n<p>Por lo que toca a nuestra frontera sur, estamos muy conscientes de que la migraci\u00f3n debe cambiar, ser regulada y segura, ellos tendr\u00e1n que hacer su parte. El secretario de relaciones exteriores seguramente ya est\u00e1 en una relaci\u00f3n bilateral con Guatemala, con Honduras, El Salvador y Belice\u201d.<\/p>\n","protected":false},"excerpt":{"rendered":"<p><span style=\"color: #005497;\">Jos\u00e9 Luis Monta\u00f1ez<\/span><br \/>\n<br \/>\nLas caravanas de migrantes son una realidad y no un mito, advirti\u00f3 la secretaria de Gobernaci\u00f3n, Olga S\u00e1nchez Cordero, al se\u00f1alar que M\u00e9xico no detendr\u00e1 a los centroamericanos, sino que los regularizar\u00e1.<\/p>\n","protected":false},"author":3,"featured_media":421917,"comment_status":"open","ping_status":"open","sticky":false,"template":"","format":"standard","meta":{"_monsterinsights_skip_tracking":false,"_monsterinsights_sitenote_active":false,"_monsterinsights_sitenote_note":"","_monsterinsights_sitenote_category":0,"footnotes":""},"categories":[3],"tags":[84151,10383,43673,10638,442],"class_list":["post-421834","post","type-post","status-publish","format-standard","has-post-thumbnail","hentry","category-nacional","tag-aceptacion","tag-migrantes","tag-nacional","tag-olga-sanchez-cordero","tag-secretaria-de-gobernacion"],"_links":{"self":[{"href":"https:\/\/www.diarioimagen.net\/index.php?rest_route=\/wp\/v2\/posts\/421834","targetHints":{"allow":["GET"]}}],"collection":[{"href":"https:\/\/www.diarioimagen.net\/index.php?rest_route=\/wp\/v2\/posts"}],"about":[{"href":"https:\/\/www.diarioimagen.net\/index.php?rest_route=\/wp\/v2\/types\/post"}],"author":[{"embeddable":true,"href":"https:\/\/www.diarioimagen.net\/index.php?rest_route=\/wp\/v2\/users\/3"}],"replies":[{"embeddable":true,"href":"https:\/\/www.diarioimagen.net\/index.php?rest_route=%2Fwp%2Fv2%2Fcomments&post=421834"}],"version-history":[{"count":0,"href":"https:\/\/www.diarioimagen.net\/index.php?rest_route=\/wp\/v2\/posts\/421834\/revisions"}],"wp:featuredmedia":[{"embeddable":true,"href":"https:\/\/www.diarioimagen.net\/index.php?rest_route=\/wp\/v2\/media\/421917"}],"wp:attachment":[{"href":"https:\/\/www.diarioimagen.net\/index.php?rest_route=%2Fwp%2Fv2%2Fmedia&parent=421834"}],"wp:term":[{"taxonomy":"category","embeddable":true,"href":"https:\/\/www.diarioimagen.net\/index.php?rest_route=%2Fwp%2Fv2%2Fcategories&post=421834"},{"taxonomy":"post_tag","embeddable":true,"href":"https:\/\/www.diarioimagen.net\/index.php?rest_route=%2Fwp%2Fv2%2Ftags&post=421834"}],"curies":[{"name":"wp","href":"https:\/\/api.w.org\/{rel}","templated":true}]}}