{"id":421855,"date":"2019-04-02T00:08:32","date_gmt":"2019-04-02T06:08:32","guid":{"rendered":"https:\/\/www.diarioimagen.net\/?p=421855"},"modified":"2019-04-02T06:05:59","modified_gmt":"2019-04-02T12:05:59","slug":"suman-los-gobiernos-municipal-y-estatal-por-familias-de-tlalnepantla","status":"publish","type":"post","link":"https:\/\/www.diarioimagen.net\/?p=421855","title":{"rendered":"Suman los gobiernos municipal y estatal por familias de Tlalnepantla"},"content":{"rendered":"<ul>\n<li><strong><em>Rehabilitan el Teatro Eugenia Le\u00f3n<\/em><\/strong><\/li>\n<\/ul>\n<p>&nbsp;<\/p>\n<div id=\"attachment_421928\" style=\"width: 470px\" class=\"wp-caption aligncenter\"><a href=\"https:\/\/www.diarioimagen.net\/?attachment_id=421928\" rel=\"attachment wp-att-421928\"><img loading=\"lazy\" decoding=\"async\" aria-describedby=\"caption-attachment-421928\" class=\"size-large wp-image-421928\" src=\"https:\/\/www.diarioimagen.net\/wp-content\/uploads\/2019\/04\/TLALNEPANTLA-2-460x306.jpg\" alt=\"\" width=\"460\" height=\"306\" srcset=\"https:\/\/www.diarioimagen.net\/wp-content\/uploads\/2019\/04\/TLALNEPANTLA-2-460x306.jpg 460w, https:\/\/www.diarioimagen.net\/wp-content\/uploads\/2019\/04\/TLALNEPANTLA-2-240x160.jpg 240w, https:\/\/www.diarioimagen.net\/wp-content\/uploads\/2019\/04\/TLALNEPANTLA-2.jpg 700w\" sizes=\"auto, (max-width: 460px) 100vw, 460px\" \/><\/a><p id=\"caption-attachment-421928\" class=\"wp-caption-text\">El gobierno de Tlalnepantla de Baz se propone desarrollar actividades culturales y deportivas, que permitan el esparcimiento y la convivencia familiar, porque s\u00f3lo as\u00ed se podr\u00e1 restituir el tejido social, dijo su alcalde Raciel P\u00e9rez Cruz.<\/p><\/div>\n<p>&nbsp;<\/p>\n<p><strong>Tlalnepantla, Estado de M\u00e9xico<\/strong>.- El gobierno local est\u00e1 firmemente comprometido en promover una cultura incluyente, ya que \u00e9sta es una herramienta poderosa para la transformaci\u00f3n social, afirm\u00f3 el presidente municipal, Raciel P\u00e9rez Cruz, al tiempo que destac\u00f3 el trabajo coordinado con el gobierno del estado en beneficio de la ciudadan\u00eda, durante la entrega de la rehabilitaci\u00f3n del Teatro Eugenia Le\u00f3n.<\/p>\n<p>Ante el gobernador Alfredo del Mazo Maza, el edil indic\u00f3 que muestra de la coordinaci\u00f3n entre las administraciones municipal y estatal, es la entrega de esta obra, de las rehabilitaciones, ampliaciones y modernizaciones de los deportivos Bosques Ceyl\u00e1n, Tlalnepantla, Santa Cecilia, Zona de Lagos; los parques Adolfo L\u00f3pez Mateos y CRI-CRI, as\u00ed como la Casa de Cultura San Pablo Xalpa.<\/p>\n<p>\u201cReconocemos en usted se\u00f1or gobernador, su voluntad de avanzar en la tarea de cumplir con la ciudadan\u00eda que tiene expectativas muy elevadas; con esta entrega de obras en todo el territorio municipal, se demuestra precisamente la voluntad y se demuestra el compromiso\u201d, asever\u00f3 Raciel P\u00e9rez Cruz.<\/p>\n<p>Se\u00f1al\u00f3 que en 1982 se construy\u00f3 el Centro Cultural Sor Juana In\u00e9s de la Cruz y posteriormente, en su interior, el teatro que originalmente se denomin\u00f3 Ignacio L\u00f3pez Tarso, pero como \u201cun tributo a la hija predilecta de Tlalnepantla, que naci\u00f3 a unas cuadras de este lugar\u201d, hoy lleva el nombre de Eugenia Le\u00f3n.<\/p>\n<p>Expres\u00f3 que el gobierno de Tlalnepantla de Baz se propone desarrollar actividades culturales y deportivas, que permitan el esparcimiento y la convivencia familiar, porque s\u00f3lo as\u00ed se podr\u00e1 restituir el tejido social; adem\u00e1s de anunciar que se preservar\u00e1n las 30 casas de cultura, las 25 bibliotecas p\u00fablicas, el Centro Municipal de la Cultura y las Artes, 3 teatros, Centro de Convenciones y las dos escuelas de iniciaci\u00f3n art\u00edstica, con las que cuenta la demarcaci\u00f3n.<\/p>\n<p>Por su parte, el Gobernador Alfredo del Mazo reconoci\u00f3 y agradeci\u00f3 la labor que realiza el Alcalde, Raciel P\u00e9rez Cruz, ya que la administraci\u00f3n que preside trabaja en la conservaci\u00f3n de los espacios p\u00fablicos rehabilitados con mantenimiento constante y genera las condiciones para su buen uso, \u201c\u00e9ste es el trabajo que hacemos de manera conjunta\u201d en beneficio de las familias de Tlalnepantla.<\/p>\n","protected":false},"excerpt":{"rendered":"<p>El gobierno local est\u00e1 firmemente comprometido en promover<\/p>\n","protected":false},"author":3,"featured_media":421928,"comment_status":"open","ping_status":"open","sticky":false,"template":"","format":"standard","meta":{"_monsterinsights_skip_tracking":false,"_monsterinsights_sitenote_active":false,"_monsterinsights_sitenote_note":"","_monsterinsights_sitenote_category":0,"footnotes":""},"categories":[35155],"tags":[43675,16411,81517,169],"class_list":["post-421855","post","type-post","status-publish","format-standard","has-post-thumbnail","hentry","category-estado-de-mexico-estado-de-mexico","tag-estado-de-mexico","tag-familias","tag-raciel-perez-cruz","tag-tlalnepantla"],"_links":{"self":[{"href":"https:\/\/www.diarioimagen.net\/index.php?rest_route=\/wp\/v2\/posts\/421855","targetHints":{"allow":["GET"]}}],"collection":[{"href":"https:\/\/www.diarioimagen.net\/index.php?rest_route=\/wp\/v2\/posts"}],"about":[{"href":"https:\/\/www.diarioimagen.net\/index.php?rest_route=\/wp\/v2\/types\/post"}],"author":[{"embeddable":true,"href":"https:\/\/www.diarioimagen.net\/index.php?rest_route=\/wp\/v2\/users\/3"}],"replies":[{"embeddable":true,"href":"https:\/\/www.diarioimagen.net\/index.php?rest_route=%2Fwp%2Fv2%2Fcomments&post=421855"}],"version-history":[{"count":0,"href":"https:\/\/www.diarioimagen.net\/index.php?rest_route=\/wp\/v2\/posts\/421855\/revisions"}],"wp:featuredmedia":[{"embeddable":true,"href":"https:\/\/www.diarioimagen.net\/index.php?rest_route=\/wp\/v2\/media\/421928"}],"wp:attachment":[{"href":"https:\/\/www.diarioimagen.net\/index.php?rest_route=%2Fwp%2Fv2%2Fmedia&parent=421855"}],"wp:term":[{"taxonomy":"category","embeddable":true,"href":"https:\/\/www.diarioimagen.net\/index.php?rest_route=%2Fwp%2Fv2%2Fcategories&post=421855"},{"taxonomy":"post_tag","embeddable":true,"href":"https:\/\/www.diarioimagen.net\/index.php?rest_route=%2Fwp%2Fv2%2Ftags&post=421855"}],"curies":[{"name":"wp","href":"https:\/\/api.w.org\/{rel}","templated":true}]}}