{"id":421857,"date":"2019-04-02T00:07:01","date_gmt":"2019-04-02T06:07:01","guid":{"rendered":"https:\/\/www.diarioimagen.net\/?p=421857"},"modified":"2019-04-02T06:06:28","modified_gmt":"2019-04-02T12:06:28","slug":"presentaran-iniciativa-para-aplicar-alcoholimetro-en-cuautitlan-izcalli","status":"publish","type":"post","link":"https:\/\/www.diarioimagen.net\/?p=421857","title":{"rendered":"Presentar\u00e1n iniciativa para aplicar alcohol\u00edmetro en Cuautitl\u00e1n Izcalli"},"content":{"rendered":"<ul>\n<li><strong><em>Anuncia el regidor Arturo Del Moral Castro<\/em><\/strong><\/li>\n<\/ul>\n<p>&nbsp;<\/p>\n<div id=\"attachment_421931\" style=\"width: 470px\" class=\"wp-caption aligncenter\"><a href=\"https:\/\/www.diarioimagen.net\/?attachment_id=421931\" rel=\"attachment wp-att-421931\"><img loading=\"lazy\" decoding=\"async\" aria-describedby=\"caption-attachment-421931\" class=\"size-large wp-image-421931\" src=\"https:\/\/www.diarioimagen.net\/wp-content\/uploads\/2019\/04\/CUAUTITLAN-2-460x259.jpg\" alt=\"\" width=\"460\" height=\"259\" srcset=\"https:\/\/www.diarioimagen.net\/wp-content\/uploads\/2019\/04\/CUAUTITLAN-2-460x259.jpg 460w, https:\/\/www.diarioimagen.net\/wp-content\/uploads\/2019\/04\/CUAUTITLAN-2-240x135.jpg 240w, https:\/\/www.diarioimagen.net\/wp-content\/uploads\/2019\/04\/CUAUTITLAN-2-235x132.jpg 235w, https:\/\/www.diarioimagen.net\/wp-content\/uploads\/2019\/04\/CUAUTITLAN-2-202x114.jpg 202w, https:\/\/www.diarioimagen.net\/wp-content\/uploads\/2019\/04\/CUAUTITLAN-2-350x196.jpg 350w, https:\/\/www.diarioimagen.net\/wp-content\/uploads\/2019\/04\/CUAUTITLAN-2-220x123.jpg 220w, https:\/\/www.diarioimagen.net\/wp-content\/uploads\/2019\/04\/CUAUTITLAN-2-237x132.jpg 237w, https:\/\/www.diarioimagen.net\/wp-content\/uploads\/2019\/04\/CUAUTITLAN-2.jpg 480w\" sizes=\"auto, (max-width: 460px) 100vw, 460px\" \/><\/a><p id=\"caption-attachment-421931\" class=\"wp-caption-text\">El regidor Arturo Del Moral Castro explic\u00f3 que la aplicaci\u00f3n de este programa s\u00f3lo de manera preventiva, sin sancionar a los conductores en estado de ebriedad.<\/p><\/div>\n<p>&nbsp;<\/p>\n<p><strong>Cuautitl\u00e1n Izcalli, Estado de M\u00e9xico<\/strong>.- El d\u00e9cimo quinto regidor y presidente de la Comisi\u00f3n Edilicia de Salud P\u00fablica de Cuautitl\u00e1n Izcalli, adelant\u00f3 que ya se est\u00e1 en pl\u00e1ticas con el Instituto Mexiquense Contra las\u00a0 Adicciones, para que en breve se aplique en este municipio el alcohol\u00edmetro como parte del Programa Nacional \u201cConduce Sin Alcohol\u201d.<\/p>\n<p>El edil, de extracci\u00f3n pri\u00edsta, declar\u00f3 lo anterior en entrevista posterior a la sesi\u00f3n en la que present\u00f3 el Primer Informe Trimestral de Actividades de esa comisi\u00f3n edilicia; puntualizando que para tal efecto se presentar\u00e1 la iniciativa en cabildo para que se autorice la aplicaci\u00f3n de este programa s\u00f3lo de manera preventiva, sin sancionar a los conductores en estado de ebriedad; s\u00f3lo invitarlos a que ya no lo hagan y si reinciden, entices si se har\u00e1n acreedores a la multa correspondiente.<\/p>\n<p>Por otra parte, Arturo Del Moral inform\u00f3 que durante febrero y marzo, a trav\u00e9s de la gesti\u00f3n de la comisi\u00f3n que preside, el Instituto de Salud del Estado de M\u00e9xico (ISEM) aplic\u00f3 mil 257 mastograf\u00edas gratuitas a igual n\u00famero de mujeres izcallenses de diversas comunidades.<\/p>\n<p>Aunado a ello, con el apoyo de DiF, adem\u00e1s de otras instancias estatales municipales se efectu\u00f3 una jornada m\u00e9dico asistencial que se tiene contemplado efectuar varias m\u00e1s con cada vez m\u00e1s y mejores servicios que brindar a la poblaci\u00f3n.<\/p>\n<p>Finalmente, Arturo Del Moral Castro agradeci\u00f3 a sus compa\u00f1eros integrantes de la Comisi\u00f3n Edilicia de Salud P\u00fablica de Cuautitl\u00e1n Izcalli: Luis Trejo Hern\u00e1ndez, Guadalupe Rivera y Santiago, Miguel \u00c1ngel Huesca Santiago y Fabi\u00e1n Enr\u00edquez G\u00e1miz, por el incansable trabajo que est\u00e1n realizado; adem\u00e1s de reconocer p\u00fablicamente el invaluable apoyo de las dependencias municipales y estatales; para lograr estos resultados, \u201cque sin duda ser\u00e1n multiplicados en m\u00e1s beneficios para la comunidad a la que nos debemos y que confiri\u00f3 su confianza en nosotros\u201d.<\/p>\n","protected":false},"excerpt":{"rendered":"<p>El d\u00e9cimo quinto regidor y presidente de la Comisi\u00f3n<\/p>\n","protected":false},"author":3,"featured_media":421931,"comment_status":"open","ping_status":"open","sticky":false,"template":"","format":"standard","meta":{"_monsterinsights_skip_tracking":false,"_monsterinsights_sitenote_active":false,"_monsterinsights_sitenote_note":"","_monsterinsights_sitenote_category":0,"footnotes":""},"categories":[35155],"tags":[985,79998,971,43675],"class_list":["post-421857","post","type-post","status-publish","format-standard","has-post-thumbnail","hentry","category-estado-de-mexico-estado-de-mexico","tag-alcoholimetro","tag-arturo-del-moral-castro","tag-cuautitlan-izcalli","tag-estado-de-mexico"],"_links":{"self":[{"href":"https:\/\/www.diarioimagen.net\/index.php?rest_route=\/wp\/v2\/posts\/421857","targetHints":{"allow":["GET"]}}],"collection":[{"href":"https:\/\/www.diarioimagen.net\/index.php?rest_route=\/wp\/v2\/posts"}],"about":[{"href":"https:\/\/www.diarioimagen.net\/index.php?rest_route=\/wp\/v2\/types\/post"}],"author":[{"embeddable":true,"href":"https:\/\/www.diarioimagen.net\/index.php?rest_route=\/wp\/v2\/users\/3"}],"replies":[{"embeddable":true,"href":"https:\/\/www.diarioimagen.net\/index.php?rest_route=%2Fwp%2Fv2%2Fcomments&post=421857"}],"version-history":[{"count":0,"href":"https:\/\/www.diarioimagen.net\/index.php?rest_route=\/wp\/v2\/posts\/421857\/revisions"}],"wp:featuredmedia":[{"embeddable":true,"href":"https:\/\/www.diarioimagen.net\/index.php?rest_route=\/wp\/v2\/media\/421931"}],"wp:attachment":[{"href":"https:\/\/www.diarioimagen.net\/index.php?rest_route=%2Fwp%2Fv2%2Fmedia&parent=421857"}],"wp:term":[{"taxonomy":"category","embeddable":true,"href":"https:\/\/www.diarioimagen.net\/index.php?rest_route=%2Fwp%2Fv2%2Fcategories&post=421857"},{"taxonomy":"post_tag","embeddable":true,"href":"https:\/\/www.diarioimagen.net\/index.php?rest_route=%2Fwp%2Fv2%2Ftags&post=421857"}],"curies":[{"name":"wp","href":"https:\/\/api.w.org\/{rel}","templated":true}]}}