{"id":421883,"date":"2019-04-02T00:01:10","date_gmt":"2019-04-02T06:01:10","guid":{"rendered":"https:\/\/www.diarioimagen.net\/?p=421883"},"modified":"2019-04-02T01:59:50","modified_gmt":"2019-04-02T07:59:50","slug":"reforma-educativa-el-sueno-de-los-justos","status":"publish","type":"post","link":"https:\/\/www.diarioimagen.net\/?p=421883","title":{"rendered":"Reforma educativa, el sue\u00f1o de los justos"},"content":{"rendered":"<h2>La Retaguardia<\/h2>\n<h5>Adriana Moreno Cordero<\/h5>\n<p><em>\u00a0<\/em><\/p>\n<ul>\n<li><strong><em>Palacios y su incompetencia en Cofece<\/em><\/strong><\/li>\n<li><strong><em>Femeleche, condenada a desaparecer<\/em><\/strong><\/li>\n<\/ul>\n<p>&nbsp;<\/p>\n<p>Fue el mism\u00edsimo coordinador de la bancada de Morena en la C\u00e1mara de Diputados, <strong>Mario Mart\u00edn Delgado<\/strong>, el que decret\u00f3 que la reforma educativa propuesta por el presidente <strong>Andr\u00e9s Manuel L\u00f3pez Obrador<\/strong>, tiene alt\u00edsimas probabilidades de irse a \u201cdormir el sue\u00f1o de los justos\u201d a la congeladora, o de qu\u00e9 otra forma podr\u00eda interpretarse que el tambi\u00e9n presidente de la Junta de Coordinaci\u00f3n Pol\u00edtica de la C\u00e1mara Baja, haya dicho que\u00a0 no hay fecha para llevar al pleno la reforma educativa, ya que el acuerdo es no votarla hasta que se agote el di\u00e1logo con el magisterio.<\/p>\n<p>Visto lo anterior, habr\u00eda que precisar que nunca ha habido di\u00e1logo con los \u201cmaestros\u201d de la Coordinadora Nacional de Trabajadores de la Educaci\u00f3n, que qui\u00e9n sabe de d\u00f3nde tendr\u00e1n agarrado al diputado Delgado y al resto de la fracci\u00f3n parlamentaria, o qu\u00e9 les sabr\u00e1n, ya que la CNTE no tiene m\u00e1s que presionar para que sus \u00f3rdenes sean cumplidas.<\/p>\n<p>Y para no \u201cquemarse\u201d todav\u00eda m\u00e1s, el coordinador morenista, al igual que su jefe, cubre su incapacidad para negociar con la Coordinadora argumentando que trabaja para construir \u201cun equilibrio muy fino, muy delicado\u201d, que se supone que Delgado est\u00e1 armando \u201ccon mucha inteligencia y mucha paciencia\u201d. \u00bfSer\u00e1?, porque es otra cosa muy diferente la que hasta el momento se puede apreciar; son otros los que tienen \u201cla sart\u00e9n por el mango\u201d.<\/p>\n<p>As\u00ed, habr\u00e1 sesiones en el Palacio Legislativo de San L\u00e1zaro, hoy martes, mi\u00e9rcoles y jueves sin problema, porque obviamente, los \u201cmaestros\u201d de la CNTE no estar\u00e1n bloqueando la sede de la C\u00e1mara Baja, pero s\u00ed observar\u00e1n el comportamiento de Delgado y compa\u00f1\u00eda que ya est\u00e1n m\u00e1s que sometidos.<\/p>\n<p style=\"text-align: center;\"><strong>Municiones<\/strong><\/p>\n<p>*** Impartici\u00f3n de justicia pronta y expedita<strong>\u00a0<\/strong>es la exigencia ciudadana m\u00e1s sensible para garantizar un verdadero estado de Derecho, pero cuando \u00e9sta se da despu\u00e9s de casi una d\u00e9cada, resulta una burla al intelecto humano, o mejor dicho, el m\u00e1s claro ejemplo de ineficacia, burocracia e incompetencia en el ejercicio del servicio p\u00fablico.<\/p>\n<p>Esto es lo que ocurre en la Comisi\u00f3n Federal de Competencia (Cofece), que comanda <strong>Alejandra Palacios<\/strong>, que ayer lunes emiti\u00f3 un comunicado para sancionar supuestos hechos ocurridos\u00a0entre 2008 y 2010, a las aerol\u00edneas\u00a0Aerom\u00e9xico y Mexicana de Aviaci\u00f3n, toda vez que incurrieron en pr\u00e1cticas monop\u00f3licas absolutas en el mercado de los servicios al p\u00fablico, de transporte a\u00e9reo de pasajeros con origen y destino en el territorio nacional.<\/p>\n<p>Analistas del sector coinciden que sancionar a una empresa en concurso mercantil como Mexicana de Aviaci\u00f3n, que est\u00e1 por iniciar un proceso de quiebra, resulta totalmente in\u00fatil ya que no recupera recursos para el erario, adem\u00e1s de que dicho delito si as\u00ed fuera, habr\u00eda prescrito en el a\u00f1o 2015. No cabe duda que en la Cofece no hay piloto que lleve a tiempo y a\u00a0\u00a0buen destino temas tan importantes para la inversi\u00f3n y el crecimiento del pa\u00eds.<\/p>\n<p>Hasta cu\u00e1ndo el Ejecutivo y el Legislativo tomar\u00e1n la justificada decisi\u00f3n de remover a la se\u00f1ora Palacios al frente de la Cofece, quien todos los d\u00edas da nota por su incompetencia, cuyos afectados son los inversionistas y los millones de mexicanos.<\/p>\n<p>*** Nada bien cay\u00f3 en el Poder Judicial la noticia de que fueron enga\u00f1ados por el Centro Mexicano de Derecho Ambiental, de <strong>Gustavo Alan\u00eds<\/strong>, toda vez que \u00e9ste present\u00f3 informaci\u00f3n falsa para que el segundo tribunal colegiado en materia administrativa fallara en su favor por una demanda presentada contra la Profepa, la Comisi\u00f3n Nacional de \u00c1reas Protegidas y la Semarnat.<\/p>\n<p>La organizaci\u00f3n ambientalista acus\u00f3 que dichas dependencias no han elaborado un plan para el cuidado de la cuenca Valle de Bravo- Amanalco; no obstante, desde noviembre pasado existe el denominado Programa de Manejo del \u00c1rea Natural Protegida con la categor\u00eda de \u00c1rea de Protecci\u00f3n de Recursos Naturales Cuencas de los r\u00edos Valle de Bravo, Malacatepec, Tilostoc y Temascaltepec, Estado de M\u00e9xico, mismo que incluso se encuentra publicado en el Diario Oficial de la Federaci\u00f3n.<\/p>\n<p>*** Para nadie es un secreto que el actual dirigente de la Federaci\u00f3n Mexicana de Lecher\u00eda, <strong>Vicente G\u00f3mez Cobo<\/strong>, ha sido cuestionado por su actuar al frente de organizaciones de productores, primero porque como l\u00edder de la Asociaci\u00f3n Nacional de Ganaderos Lecheros (ANGLAC) que pertenec\u00eda a la CNOG,\u00a0 fue sacado pr\u00e1cticamente a patadas\u00a0 por los malos manejos en la organizaci\u00f3n; de ah\u00ed la conformaci\u00f3n de Femeleche y su cercan\u00eda con el PAN,\u00a0 en donde los resultados no fueron nada buenos.<\/p>\n<p>Seg\u00fan se sabe y despu\u00e9s de que le apostara al candidato equivocado, G\u00f3mez Cobo busca ahora posicionar nuevamente su asociaci\u00f3n como referente, para tratar de ser beneficiado con los apoyos del gobierno federal en su programa \u201cCr\u00e9dito Ganadero a la Palabra\u201d con el que en el fondo, pretende ya no fortalecer su organizaci\u00f3n sino el negocio familiar.<\/p>\n<p>Por ello, la pregunta es, \u00bfhasta d\u00f3nde resistir\u00e1 una organizaci\u00f3n como \u00e9sta que en poco o m\u00e1s bien en nada beneficia a los productores? Muy probablemente, si se hace realidad la advertencia del gobierno federal de que los recursos llegar\u00e1n directamente a los productores, la organizaci\u00f3n de Femeleche estar\u00e1 condenada a desaparecer.<\/p>\n<p>*** Pues los aspirantes a ocupar un lugar en la CRE, demostraron ayer por lo menos dos cosas en su comparecencia en el Senado: que tienen la piel muy delgadita y que no saben \u201cni la O por lo redondo\u201d en materia de Energ\u00eda.<\/p>\n<p><strong>Jorge Amaya<\/strong> fue el primero y asegur\u00f3 que ya se hab\u00eda puesto a estudiar. Sin que nadie le preguntara, dio la respuesta de qu\u00e9 es un CEL. Sin embargo, en el resto de las preguntas no supo ni qu\u00e9 contestar, por ejemplo, en cuanto a las energ\u00edas renovables.<\/p>\n<p>Bueno, Amaya Mend\u00edvil no supo ni cu\u00e1nto cuesta un cilindro de gas en su natal Monterrey: \u201cdepende del, del\u2026\u201d, dijo sudoroso y nervioso.<\/p>\n<p>Los legisladores le permitieron sacar \u201cel acorde\u00f3n\u201d. \u201cNo traigo\u201d, contest\u00f3, y ni a\u00fan buscando entre sus anotaciones pudo responder al resto de las preguntas.<\/p>\n<p>Eso s\u00ed, muy digno, Amaya dijo que pudo haberse negado a presentarse en el Senado, \u201cpero habr\u00eda sido un desatino al presidente (L\u00f3pez Obrador)\u201d. Tambi\u00e9n se dio tiempo para decir que los comentarios sobre el desastroso resultado en su primera comparecencia, no lo lastimaron a \u00e9l, sino a su familia y a sus seres queridos\u201d.<\/p>\n<p>*** Lo bueno es que el senador <strong>Julen Rementer\u00eda<\/strong>, integrante de la Comisi\u00f3n de Energ\u00eda,\u00a0 presentar\u00e1 un amparo directo en contra de las ternas presentadas por el presidente que, vehemente como suele ser, quiere imponer bajo la ley del \u201cme canso, ganso\u201d. \u00a1Qu\u00e9 tal!.<\/p>\n<p><a href=\"mailto:morcora@gmail.com\" target=\"_blank\" rel=\"noopener noreferrer\"><em>morcora@gmail.com<\/em><\/a><\/p>\n","protected":false},"excerpt":{"rendered":"<p><span style=\"color: #005497;\"><strong>Adriana Moreno Cordero<\/strong><\/span><\/p>\n","protected":false},"author":3,"featured_media":0,"comment_status":"open","ping_status":"open","sticky":false,"template":"","format":"standard","meta":{"_monsterinsights_skip_tracking":false,"_monsterinsights_sitenote_active":false,"_monsterinsights_sitenote_note":"","_monsterinsights_sitenote_category":0,"footnotes":""},"categories":[69370],"tags":[69369,69368,43674],"class_list":["post-421883","post","type-post","status-publish","format-standard","hentry","category-adriana-moreno-cordero","tag-adriana-moreno-cordero","tag-la-retaguardia","tag-opinion"],"_links":{"self":[{"href":"https:\/\/www.diarioimagen.net\/index.php?rest_route=\/wp\/v2\/posts\/421883","targetHints":{"allow":["GET"]}}],"collection":[{"href":"https:\/\/www.diarioimagen.net\/index.php?rest_route=\/wp\/v2\/posts"}],"about":[{"href":"https:\/\/www.diarioimagen.net\/index.php?rest_route=\/wp\/v2\/types\/post"}],"author":[{"embeddable":true,"href":"https:\/\/www.diarioimagen.net\/index.php?rest_route=\/wp\/v2\/users\/3"}],"replies":[{"embeddable":true,"href":"https:\/\/www.diarioimagen.net\/index.php?rest_route=%2Fwp%2Fv2%2Fcomments&post=421883"}],"version-history":[{"count":0,"href":"https:\/\/www.diarioimagen.net\/index.php?rest_route=\/wp\/v2\/posts\/421883\/revisions"}],"wp:attachment":[{"href":"https:\/\/www.diarioimagen.net\/index.php?rest_route=%2Fwp%2Fv2%2Fmedia&parent=421883"}],"wp:term":[{"taxonomy":"category","embeddable":true,"href":"https:\/\/www.diarioimagen.net\/index.php?rest_route=%2Fwp%2Fv2%2Fcategories&post=421883"},{"taxonomy":"post_tag","embeddable":true,"href":"https:\/\/www.diarioimagen.net\/index.php?rest_route=%2Fwp%2Fv2%2Ftags&post=421883"}],"curies":[{"name":"wp","href":"https:\/\/api.w.org\/{rel}","templated":true}]}}