{"id":421885,"date":"2019-04-02T00:04:54","date_gmt":"2019-04-02T06:04:54","guid":{"rendered":"https:\/\/www.diarioimagen.net\/?p=421885"},"modified":"2019-04-02T02:01:54","modified_gmt":"2019-04-02T08:01:54","slug":"reves-a-la-cuarta-transformacion","status":"publish","type":"post","link":"https:\/\/www.diarioimagen.net\/?p=421885","title":{"rendered":"Rev\u00e9s a la Cuarta Transformaci\u00f3n"},"content":{"rendered":"<h2>Espacio Electoral<\/h2>\n<h5>Eleazar Flores<\/h5>\n<p>&nbsp;<\/p>\n<p>ES TODO POR HOY.- Para los de la cuarta transformaci\u00f3n y aliados el primero de abril (I-IV-19) deber\u00e1 registrarse como adverso, luego de que el diputado Mario tendido, perd\u00f3n, Delgado, anunci\u00f3 el congelamiento de la nueva ley educativa, as\u00ed como la negativa de la SEP para reconocer la existencia legal de una decena de \u201cUniversidades para el Bienestar Benito Ju\u00e1rez\u201d.<\/p>\n<p>Se trata de las que muchos conocen desde siempre como \u201cuniversidades patito\u201d, anunciadas por el padre de la cuarta transformaci\u00f3n, pero que carecen de infraestructura y planes de estudios.<\/p>\n<p>Informaci\u00f3n del diario digital \u201cAnimal Pol\u00edtico\u201d detalla ampliamente los motivos por los que la propia Secretar\u00eda de Educaci\u00f3n P\u00fablica neg\u00f3 el reconocimiento legal a una decena de planteles de ense\u00f1anza superior, por no reunir los requisitos de la Ley General de Educaci\u00f3n, lo que no es asunto menor, por el contrario, es de vital importancia para efectos de legalizaci\u00f3n.<\/p>\n<p>Por esos motivos, la Direcci\u00f3n General de Acreditaci\u00f3n, Incorporaci\u00f3n y Revalidaci\u00f3n, (DEGAIR), neg\u00f3 el Registro de Validez Oficial de Estudios Superiores (REVOES), a instituciones como la Escuela de Administraci\u00f3n P\u00fablica Leona Vicario, la de Ingenier\u00eda Heberto Castillo, la de Agronom\u00eda de Zaachila, una de Medicina Integral, la Normal Jos\u00e9 Santos Vald\u00e9s y la intercultural biling\u00fce de Valladolid.<\/p>\n<p>Las instituciones que s\u00ed obtuvieron reconocimiento fueron la Jos\u00e9 Ponciano Arriaga, la de Educaci\u00f3n Superior de Comalcalco y la de Agricultura y Agronom\u00eda Calkin\u00ed.<\/p>\n<p>Pero la negativa no cruza de brazos a los de la cuarta transformaci\u00f3n, pues anuncian que buscar\u00e1n un reconocimiento internacional, adelantando que de esa manera no estar\u00e1n sujetos a supervisiones ni a rendici\u00f3n de cuentas, medidas que gustan y practican los de la 4T.<\/p>\n<p>CONGELADORA.- Por angas, por mangas o por la CNTE, lo cierto es que la C\u00e1mara de Diputados anunci\u00f3 meter a la congeladora la nueva ley general de educaci\u00f3n, esa a la que no se le cambiar\u00eda ni una coma, seg\u00fan pregon\u00f3 a los cuatro vientos el diputado incondicional al \u201cPeje\u201d, Mario Delgado, el d\u00eda de ayer, enterado de que este fin de semana organizar\u00e1 una megamanifestaci\u00f3n la CNTE.<\/p>\n<p>De no aprobarse esta nueva ley, la vigente ser\u00e1 observada hasta el inicio del pr\u00f3ximo ciclo escolar, pues debe considerarse que trat\u00e1ndose de reforma constitucional, adem\u00e1s de la C\u00e1mara baja, el documento tendr\u00eda que peregrinar por las 32 legislaturas locales y considerarse aprobada con la anuencia de 17 de ellas, lo que llevar\u00e1 cuando menos dos meses.<\/p>\n<p>Claro, que habiendo voluntad pol\u00edtica, pero sobre todo una instrucci\u00f3n superior de ya saben qui\u00e9n, esta discutida iniciativa se podr\u00eda aprobar en menos que cante un gallo, \u201cme canso ganso\u201d.<\/p>\n<p><a href=\"mailto:elefa44@gmail.com\" target=\"_blank\" rel=\"noopener noreferrer\"><em>elefa44@gmail.com<\/em><\/a><\/p>\n","protected":false},"excerpt":{"rendered":"<p><span style=\"color: #005497;\"><strong>Eleazar Flores<\/strong><\/span><\/p>\n","protected":false},"author":3,"featured_media":0,"comment_status":"open","ping_status":"open","sticky":false,"template":"","format":"standard","meta":{"_monsterinsights_skip_tracking":false,"_monsterinsights_sitenote_active":false,"_monsterinsights_sitenote_note":"","_monsterinsights_sitenote_category":0,"footnotes":""},"categories":[81743],"tags":[81744,81776,43674],"class_list":["post-421885","post","type-post","status-publish","format-standard","hentry","category-eleazar-flores","tag-eleazar-flores","tag-espacio-electoral","tag-opinion"],"_links":{"self":[{"href":"https:\/\/www.diarioimagen.net\/index.php?rest_route=\/wp\/v2\/posts\/421885","targetHints":{"allow":["GET"]}}],"collection":[{"href":"https:\/\/www.diarioimagen.net\/index.php?rest_route=\/wp\/v2\/posts"}],"about":[{"href":"https:\/\/www.diarioimagen.net\/index.php?rest_route=\/wp\/v2\/types\/post"}],"author":[{"embeddable":true,"href":"https:\/\/www.diarioimagen.net\/index.php?rest_route=\/wp\/v2\/users\/3"}],"replies":[{"embeddable":true,"href":"https:\/\/www.diarioimagen.net\/index.php?rest_route=%2Fwp%2Fv2%2Fcomments&post=421885"}],"version-history":[{"count":0,"href":"https:\/\/www.diarioimagen.net\/index.php?rest_route=\/wp\/v2\/posts\/421885\/revisions"}],"wp:attachment":[{"href":"https:\/\/www.diarioimagen.net\/index.php?rest_route=%2Fwp%2Fv2%2Fmedia&parent=421885"}],"wp:term":[{"taxonomy":"category","embeddable":true,"href":"https:\/\/www.diarioimagen.net\/index.php?rest_route=%2Fwp%2Fv2%2Fcategories&post=421885"},{"taxonomy":"post_tag","embeddable":true,"href":"https:\/\/www.diarioimagen.net\/index.php?rest_route=%2Fwp%2Fv2%2Ftags&post=421885"}],"curies":[{"name":"wp","href":"https:\/\/api.w.org\/{rel}","templated":true}]}}