{"id":421894,"date":"2019-04-02T00:08:43","date_gmt":"2019-04-02T06:08:43","guid":{"rendered":"https:\/\/www.diarioimagen.net\/?p=421894"},"modified":"2019-04-02T02:08:20","modified_gmt":"2019-04-02T08:08:20","slug":"el-desden-al-foro-nacional-de-turismo","status":"publish","type":"post","link":"https:\/\/www.diarioimagen.net\/?p=421894","title":{"rendered":"El desd\u00e9n al Foro Nacional de Turismo"},"content":{"rendered":"<h2>Detr\u00e1s del Poder<\/h2>\n<h5>Jos\u00e9 Antonio L\u00f3pez Sosa<\/h5>\n<p><strong>\u00a0<\/strong><\/p>\n<p>Ayer arranc\u00f3 el XVII Foro Nacional en el Museo Nacional de Antropolog\u00eda, como ayer comentamos en esta columna, hace un a\u00f1o el candidato Andr\u00e9s Manuel L\u00f3pez Obrador qued\u00f3 muy formalmente de visitar este foro si ganaba la elecci\u00f3n, cosa que ocurri\u00f3, sin embargo L\u00f3pez Obrador no asisti\u00f3.<\/p>\n<p>Sabemos que ayer por la ma\u00f1ana tuvo una reuni\u00f3n con parlamentarios de la Uni\u00f3n Americana, que adem\u00e1s el foro primeramente planeado en Palenque se cancel\u00f3, pero fuentes cercanas nos confirman que nunca se dio respuesta a la carta que Fernando Mart\u00ed, presidente del foro, le envi\u00f3 al presidente de la rep\u00fablica.<\/p>\n<p>Sorprendi\u00f3 que Miguel Torruco, secretario de turismo federal tampoco asistiera, en su lugar estuvo el subsecretario Humberto Hern\u00e1ndez Haddad, no logr\u00f3 una respuesta positiva de Torruco para asistir al foro.<\/p>\n<p>La primera mesa ser\u00eda con la presencia de tres gobernadores, no asistieron y la mesa se cancel\u00f3.<\/p>\n<p>\u00bfQu\u00e9 sucede en el fondo?, \u00bfhay un desd\u00e9n al Foro Nacional de Turismo?, \u00bfel error est\u00e1 dentro o fuera del mismo?, interrogantes que quedan en el aire.<\/p>\n<p>El auditorio del Museo estuvo lleno, pr\u00e1cticamente todos los asistentes alumnos de la Escuela Superior de Turismo del Instituto Polit\u00e9cnico Nacional, algunos periodistas y algunos funcionarios y empresarios del sector.<\/p>\n<p>Me parece que es un momento para que el propio Fernando Mart\u00ed replantee la naturaleza del foro. En el caso de Torruco y L\u00f3pez Obrador, si fue un acto de ignorarlo que lo d\u00e9 a conocer, si hay otras razones de fondo creo que se deben revelar.<\/p>\n<p>As\u00ed como vimos el foro, se vislumbra el turismo en el pa\u00eds: poco claro y dif\u00edcil de entender.<\/p>\n<p><em><a href=\"http:\/\/www.lopezsosa.com\" target=\"_blank\" rel=\"noopener noreferrer\">www.lopezsosa.com<\/a><\/em><br \/>\n<em><a href=\"mailto:joseantonio@lopezsosa.com\" target=\"_blank\" rel=\"noopener noreferrer\">joseantonio@lopezsosa.com<\/a><\/em><br \/>\n<em><a href=\"http:\/\/twitter.com\/joseantonio1977\" target=\"_blank\" rel=\"noopener noreferrer\">@joseantonio197<\/a><\/em><\/p>\n","protected":false},"excerpt":{"rendered":"<p><span style=\"color: #005497;\"><strong>Jos\u00e9 Antonio L\u00f3pez Sosa<\/strong><\/span><\/p>\n","protected":false},"author":3,"featured_media":0,"comment_status":"open","ping_status":"open","sticky":false,"template":"","format":"standard","meta":{"_monsterinsights_skip_tracking":false,"_monsterinsights_sitenote_active":false,"_monsterinsights_sitenote_note":"","_monsterinsights_sitenote_category":0,"footnotes":""},"categories":[637],"tags":[638,43690,43674],"class_list":["post-421894","post","type-post","status-publish","format-standard","hentry","category-jose-antonio-lopez-sosa","tag-detras-del-poder","tag-jose-antonio-lopez-sosa","tag-opinion"],"_links":{"self":[{"href":"https:\/\/www.diarioimagen.net\/index.php?rest_route=\/wp\/v2\/posts\/421894","targetHints":{"allow":["GET"]}}],"collection":[{"href":"https:\/\/www.diarioimagen.net\/index.php?rest_route=\/wp\/v2\/posts"}],"about":[{"href":"https:\/\/www.diarioimagen.net\/index.php?rest_route=\/wp\/v2\/types\/post"}],"author":[{"embeddable":true,"href":"https:\/\/www.diarioimagen.net\/index.php?rest_route=\/wp\/v2\/users\/3"}],"replies":[{"embeddable":true,"href":"https:\/\/www.diarioimagen.net\/index.php?rest_route=%2Fwp%2Fv2%2Fcomments&post=421894"}],"version-history":[{"count":0,"href":"https:\/\/www.diarioimagen.net\/index.php?rest_route=\/wp\/v2\/posts\/421894\/revisions"}],"wp:attachment":[{"href":"https:\/\/www.diarioimagen.net\/index.php?rest_route=%2Fwp%2Fv2%2Fmedia&parent=421894"}],"wp:term":[{"taxonomy":"category","embeddable":true,"href":"https:\/\/www.diarioimagen.net\/index.php?rest_route=%2Fwp%2Fv2%2Fcategories&post=421894"},{"taxonomy":"post_tag","embeddable":true,"href":"https:\/\/www.diarioimagen.net\/index.php?rest_route=%2Fwp%2Fv2%2Ftags&post=421894"}],"curies":[{"name":"wp","href":"https:\/\/api.w.org\/{rel}","templated":true}]}}