{"id":421976,"date":"2019-04-03T00:08:52","date_gmt":"2019-04-03T06:08:52","guid":{"rendered":"https:\/\/www.diarioimagen.net\/?p=421976"},"modified":"2019-04-03T23:20:49","modified_gmt":"2019-04-04T05:20:49","slug":"inaugura-alfredo-del-mazo-planta-de-embotelladora-de-agua-mas-grande-del-mundo","status":"publish","type":"post","link":"https:\/\/www.diarioimagen.net\/?p=421976","title":{"rendered":"Inaugura Del Mazo planta embotelladora de agua"},"content":{"rendered":"<ul>\n<li><strong><em>Ventajas del Edomex por ubicaci\u00f3n estrat\u00e9gica<\/em><\/strong><\/li>\n<li><strong><em>Reconoce compromiso de esta compa\u00f1\u00eda con el medio ambiente<\/em><\/strong><\/li>\n<\/ul>\n<p>&nbsp;<\/p>\n<div id=\"attachment_421977\" style=\"width: 470px\" class=\"wp-caption aligncenter\"><img loading=\"lazy\" decoding=\"async\" aria-describedby=\"caption-attachment-421977\" class=\"size-large wp-image-421977\" src=\"https:\/\/www.diarioimagen.net\/wp-content\/uploads\/2019\/04\/DEL-MAZO3-portal-460x268.jpg\" alt=\"\" width=\"460\" height=\"268\" srcset=\"https:\/\/www.diarioimagen.net\/wp-content\/uploads\/2019\/04\/DEL-MAZO3-portal-460x268.jpg 460w, https:\/\/www.diarioimagen.net\/wp-content\/uploads\/2019\/04\/DEL-MAZO3-portal-240x140.jpg 240w, https:\/\/www.diarioimagen.net\/wp-content\/uploads\/2019\/04\/DEL-MAZO3-portal.jpg 480w\" sizes=\"auto, (max-width: 460px) 100vw, 460px\" \/><p id=\"caption-attachment-421977\" class=\"wp-caption-text\">Alfredo Del Mazo Maza inaugur\u00f3 en Soyaniquilpan una planta de Niagara Bottling, la embotelladora de agua m\u00e1s grande del mundo.<\/p><\/div>\n<p>&nbsp;<\/p>\n<p><strong>Soyaniquilpan, Estado de M\u00e9xico<\/strong>.- El gobernador Alfredo Del Mazo Maza inaugur\u00f3 en este municipio una planta de Niagara Bottling, donde destac\u00f3 que esta empresa es la embotelladora de agua m\u00e1s grande del mundo, y que decidi\u00f3 instalarse en la regi\u00f3n norte del Estado de M\u00e9xico, debido a ventajas como la ubicaci\u00f3n estrat\u00e9gica, la gran conectividad con otras regiones del pa\u00eds y la infraestructura que existe en esta regi\u00f3n.<\/p>\n<p>\u201cEs la empresa embotelladora de agua m\u00e1s grande del mundo y que nos da much\u00edsimo gusto que tenga la confianza de venirse a instalar al Estado de M\u00e9xico, en particular a esta regi\u00f3n del norte del estado, en donde por la ubicaci\u00f3n geogr\u00e1fica, la conectividad que tiene, la infraestructura, es que ha decidido venirse a instalar aqu\u00ed. Es la segunda planta que tiene en M\u00e9xico porque inici\u00f3 adem\u00e1s en Monterrey y que el d\u00eda de hoy conf\u00ede en el Estado de M\u00e9xico, en donde los recibimos con los brazos abiertos y les damos la m\u00e1s cordial bienvenida\u201d.<\/p>\n<p>En Soyaniquilpan, Alfredo Del Mazo explic\u00f3 que esta compa\u00f1\u00eda tambi\u00e9n consider\u00f3 otros factores para destinar su inversi\u00f3n en este lugar, como el acceso a mercados de alta densidad poblacional, la fuerza laborar calificada, el acompa\u00f1amiento de las autoridades y una conectividad eficiente y segura, para lo cual los empresarios recorrieron regiones de varios estados del centro del pa\u00eds, para finalmente encontrar la mejor ubicaci\u00f3n en territorio mexiquense.<\/p>\n<p>Ante los alcaldes de Jilotepec y Soyaniquilpan, Jorge Espinosa Arciniega, y Agust\u00edn Bonilla Rodr\u00edguez, respectivamente, el gobernador reconoci\u00f3 la confianza de los empresarios en el Estado de M\u00e9xico, e inform\u00f3 que esta planta embotelladora requiri\u00f3 una inversi\u00f3n de 80 millones de d\u00f3lares, y que cuenta con una capacidad para producir 23 unidades por segundo y aproximadamente 456 millones de botellas anualmente.<\/p>\n<p>\u201cGracias a la confianza, a la inversi\u00f3n de m\u00e1s de 80 millones de d\u00f3lares, aqu\u00ed, en el Estado de M\u00e9xico, hoy genera e impulsar\u00e1, en los pr\u00f3ximos d\u00edas, porque adem\u00e1s est\u00e1 a d\u00edas de iniciar operaciones, la producci\u00f3n m\u00e1s r\u00e1pida de botellas de agua del mundo, tendr\u00e1 la l\u00ednea de producci\u00f3n m\u00e1s r\u00e1pida del mundo y esto le permitir\u00e1 estar produciendo, por lo que nos platicaban hace un momento, 23 unidades por segundo, lo que equivale a cerca de 456 millones de botellas al a\u00f1o\u201d, subray\u00f3.<\/p>\n<p>Asimismo, Del Mazo Maza reconoci\u00f3 la firme responsabilidad social y con el medio ambiente que tiene esta compa\u00f1\u00eda, ya que del total de su planta laboral, un 30 por ciento son mujeres y el 90 por ciento de los trabajadores viven en Soyaniquilpan, adem\u00e1s de que todas las botellas y tapas que utiliza son 100 por ciento reciclables.<\/p>\n<p>En su oportunidad, Enrique Jacob Rocha, secretario de Desarrollo Econ\u00f3mico, recalc\u00f3 que proyectos como los de Niagara Bottling llevan prosperidad econ\u00f3mica a esta zona, y consolidan sus grandes ventajas.<\/p>\n<p>El vicepresidente y Country Manager de Niagara Bottling, Miguel \u00c1ngel Flores Moreno, dio a conocer que en su apertura, esta planta dar\u00e1 empleo a 125 personas, y que una vez que inicie la distribuci\u00f3n de su producto se lograr\u00e1n crear cerca de mil plazas laborales.<\/p>\n<p>A\u00f1adi\u00f3 que un factor imprescindible en el desarrollo de esta empresa es la innovaci\u00f3n tecnol\u00f3gica que, aunada a precios competitivos y est\u00e1ndares de calidad, han hecho de Niagara Bottling un referente de \u00e9xito en el sector empresarial y reconoci\u00f3 el trabajo en equipo con las autoridades del Estado de M\u00e9xico para la apertura de esta planta.<\/p>\n<p>Previo al evento, el gobernador, acompa\u00f1ado por el secretario de Desarrollo Econ\u00f3mico, Enrique Jacob Rocha, y empresarios, recorri\u00f3 las instalaciones de esta planta, donde conoci\u00f3 el laboratorio de calidad, la granja de agua y las \u00e1reas de inyecci\u00f3n, embotellado y paletizado.<\/p>\n","protected":false},"excerpt":{"rendered":"<p>El gobernador Alfredo Del Mazo Maza inaugur\u00f3 en este municipio una planta de Niagara Bottling, donde destac\u00f3 que esta empresa es la embotelladora de agua m\u00e1s grande del mundo, y que decidi\u00f3 instalarse en la regi\u00f3n norte del Estado de M\u00e9xico, debido a ventajas como la ubicaci\u00f3n estrat\u00e9gica, la gran conectividad con otras regiones del pa\u00eds y la infraestructura que existe en esta regi\u00f3n.<\/p>\n","protected":false},"author":5,"featured_media":421977,"comment_status":"open","ping_status":"open","sticky":false,"template":"","format":"standard","meta":{"_monsterinsights_skip_tracking":false,"_monsterinsights_sitenote_active":false,"_monsterinsights_sitenote_note":"","_monsterinsights_sitenote_category":0,"footnotes":""},"categories":[5],"tags":[84168,81909,84169,43675,79087,17979],"class_list":["post-421976","post","type-post","status-publish","format-standard","has-post-thumbnail","hentry","category-estado-de-mexico","tag-agua-mas-grande-del-mundo","tag-alfredo-del-mazo","tag-embotelladora-de-agua","tag-estado-de-mexico","tag-mex","tag-soyaniquilpan"],"_links":{"self":[{"href":"https:\/\/www.diarioimagen.net\/index.php?rest_route=\/wp\/v2\/posts\/421976","targetHints":{"allow":["GET"]}}],"collection":[{"href":"https:\/\/www.diarioimagen.net\/index.php?rest_route=\/wp\/v2\/posts"}],"about":[{"href":"https:\/\/www.diarioimagen.net\/index.php?rest_route=\/wp\/v2\/types\/post"}],"author":[{"embeddable":true,"href":"https:\/\/www.diarioimagen.net\/index.php?rest_route=\/wp\/v2\/users\/5"}],"replies":[{"embeddable":true,"href":"https:\/\/www.diarioimagen.net\/index.php?rest_route=%2Fwp%2Fv2%2Fcomments&post=421976"}],"version-history":[{"count":0,"href":"https:\/\/www.diarioimagen.net\/index.php?rest_route=\/wp\/v2\/posts\/421976\/revisions"}],"wp:featuredmedia":[{"embeddable":true,"href":"https:\/\/www.diarioimagen.net\/index.php?rest_route=\/wp\/v2\/media\/421977"}],"wp:attachment":[{"href":"https:\/\/www.diarioimagen.net\/index.php?rest_route=%2Fwp%2Fv2%2Fmedia&parent=421976"}],"wp:term":[{"taxonomy":"category","embeddable":true,"href":"https:\/\/www.diarioimagen.net\/index.php?rest_route=%2Fwp%2Fv2%2Fcategories&post=421976"},{"taxonomy":"post_tag","embeddable":true,"href":"https:\/\/www.diarioimagen.net\/index.php?rest_route=%2Fwp%2Fv2%2Ftags&post=421976"}],"curies":[{"name":"wp","href":"https:\/\/api.w.org\/{rel}","templated":true}]}}