{"id":422009,"date":"2019-04-03T00:11:21","date_gmt":"2019-04-03T06:11:21","guid":{"rendered":"https:\/\/www.diarioimagen.net\/?p=422009"},"modified":"2019-04-03T06:55:07","modified_gmt":"2019-04-03T12:55:07","slug":"libro-arma-mas-efectiva-contra-el-fanatismo-barrera","status":"publish","type":"post","link":"https:\/\/www.diarioimagen.net\/?p=422009","title":{"rendered":"Libro, arma m\u00e1s efectiva contra el fanatismo: Barrera"},"content":{"rendered":"<ul>\n<li><strong><em>Inaugura la edici\u00f3n 2019 de \u201cAbril, mes de la lectura\u201d<\/em><\/strong><\/li>\n<\/ul>\n<p>&nbsp;<\/p>\n<div id=\"attachment_422132\" style=\"width: 470px\" class=\"wp-caption aligncenter\"><a href=\"https:\/\/www.diarioimagen.net\/?attachment_id=422132\" rel=\"attachment wp-att-422132\"><img loading=\"lazy\" decoding=\"async\" aria-describedby=\"caption-attachment-422132\" class=\"size-large wp-image-422132\" src=\"https:\/\/www.diarioimagen.net\/wp-content\/uploads\/2019\/04\/UAEM-3-460x259.jpg\" alt=\"\" width=\"460\" height=\"259\" srcset=\"https:\/\/www.diarioimagen.net\/wp-content\/uploads\/2019\/04\/UAEM-3-460x259.jpg 460w, https:\/\/www.diarioimagen.net\/wp-content\/uploads\/2019\/04\/UAEM-3-240x135.jpg 240w, https:\/\/www.diarioimagen.net\/wp-content\/uploads\/2019\/04\/UAEM-3-235x132.jpg 235w, https:\/\/www.diarioimagen.net\/wp-content\/uploads\/2019\/04\/UAEM-3-202x114.jpg 202w, https:\/\/www.diarioimagen.net\/wp-content\/uploads\/2019\/04\/UAEM-3-350x196.jpg 350w, https:\/\/www.diarioimagen.net\/wp-content\/uploads\/2019\/04\/UAEM-3-220x123.jpg 220w, https:\/\/www.diarioimagen.net\/wp-content\/uploads\/2019\/04\/UAEM-3-237x132.jpg 237w, https:\/\/www.diarioimagen.net\/wp-content\/uploads\/2019\/04\/UAEM-3.jpg 480w\" sizes=\"auto, (max-width: 460px) 100vw, 460px\" \/><\/a><p id=\"caption-attachment-422132\" class=\"wp-caption-text\">El rector de la Universidad Aut\u00f3noma del Estado de M\u00e9xico inaugur\u00f3 la edici\u00f3n 2019 de \u201cAbril, mes de la lectura\u201d, en el Centro Universitario UAEM Valle de M\u00e9xico.<\/p><\/div>\n<p>&nbsp;<\/p>\n<p><strong>Atizap\u00e1n, Estado de M\u00e9xico<\/strong>.\u2013 Los universitarios somos ejemplo para la sociedad y apostamos por la recuperaci\u00f3n del libro como instrumento integrador de la vida acad\u00e9mica, afirm\u00f3 el rector de la Universidad Aut\u00f3noma del Estado de M\u00e9xico, Alfredo Barrera Baca, al inaugurar la edici\u00f3n 2019 de \u201cAbril, mes de la lectura\u201d.<\/p>\n<p>El rector subray\u00f3 que el libro es el arma m\u00e1s efectiva de las civilizaciones en contra del fanatismo y la ignorancia. \u201cA trav\u00e9s del libro y la lectura, los alumnos se rebelan contra las inercias que pretenden robotizar las actividades juveniles\u201d.<\/p>\n<p>En el Centro Universitario UAEM Valle de M\u00e9xico, ubicado en el municipio de Atizap\u00e1n, donde oficialmente iniciaron las actividades de dicho programa institucional, puntualiz\u00f3 que, por sus innovaciones est\u00e9ticas, Fernando del Paso, a quien la UAEM rinde homenaje a trav\u00e9s de \u201cAbril, mes de la lectura\u201d, es un escritor monumental.\u00a0\u201cReescribi\u00f3 nuestras ra\u00edces al profundizar en la \u00e9poca de Ju\u00e1rez, el Segundo Imperio, as\u00ed como los movimientos ferrocarrileros y estudiantiles\u201d.<\/p>\n<p>En este marco, reiter\u00f3 la invitaci\u00f3n a los acad\u00e9micos de la Aut\u00f3noma mexiquense que forman parte del Sistema Nacional de Investigadores (SNI) para impartir clases en los planteles de la Escuela Preparatoria.<\/p>\n<p>\u201cBuscamos que los m\u00e1s prominentes acad\u00e9micos se acerquen a los estudiantes que est\u00e1n por tomar unas de las decisiones m\u00e1s importantes de su vida: elegir su carrera profesional\u201d.<\/p>\n<p>Queremos, dijo Barrera Baca, que, con base en el profundo dominio y la desinteresada pasi\u00f3n por la ciencia, sean gu\u00edas de los j\u00f3venes que no se conforman y exigen ejemplos para elegir entre ciencia, arte, tecnolog\u00eda o humanidades.<\/p>\n<p>Por su parte, el secretario de Docencia de la m\u00e1xima casa de estudios mexiquense, Marco Antonio Luna Pichardo, indic\u00f3 que la lectura promueve el conocimiento, fomenta la creatividad y estimula la imaginaci\u00f3n, dando como resultado mejores aptitudes personales para expresarse, comunicarse, aprender y comprender el mundo.<\/p>\n<p>En su momento, el director del Centro Universitario UAEM Valle de M\u00e9xico, V\u00edctor Manuel Landassuri Moreno, destac\u00f3 que la lectura, la educaci\u00f3n y la cultura permiten subsanar el tejido social e impulsar el desarrollo de toda naci\u00f3n. \u201cSon las mejores armas para combatir los problemas que aquejan a la sociedad\u201d.<\/p>\n","protected":false},"excerpt":{"rendered":"<p>Los universitarios somos ejemplo para la sociedad y apostamos por la recuperaci\u00f3n del libro como instrumento integrador de la vida acad\u00e9mica, afirm\u00f3 el rector de la Universidad Aut\u00f3noma del Estado de M\u00e9xico, Alfredo Barrera Baca, al inaugurar la edici\u00f3n 2019 de \u201cAbril, mes de la lectura\u201d.<\/p>\n","protected":false},"author":3,"featured_media":422132,"comment_status":"open","ping_status":"open","sticky":false,"template":"","format":"standard","meta":{"_monsterinsights_skip_tracking":false,"_monsterinsights_sitenote_active":false,"_monsterinsights_sitenote_note":"","_monsterinsights_sitenote_category":0,"footnotes":""},"categories":[5],"tags":[58572,969,43675,84184],"class_list":["post-422009","post","type-post","status-publish","format-standard","has-post-thumbnail","hentry","category-estado-de-mexico","tag-alfredo-barrera-baca","tag-atizapan","tag-estado-de-mexico","tag-fanatismo"],"_links":{"self":[{"href":"https:\/\/www.diarioimagen.net\/index.php?rest_route=\/wp\/v2\/posts\/422009","targetHints":{"allow":["GET"]}}],"collection":[{"href":"https:\/\/www.diarioimagen.net\/index.php?rest_route=\/wp\/v2\/posts"}],"about":[{"href":"https:\/\/www.diarioimagen.net\/index.php?rest_route=\/wp\/v2\/types\/post"}],"author":[{"embeddable":true,"href":"https:\/\/www.diarioimagen.net\/index.php?rest_route=\/wp\/v2\/users\/3"}],"replies":[{"embeddable":true,"href":"https:\/\/www.diarioimagen.net\/index.php?rest_route=%2Fwp%2Fv2%2Fcomments&post=422009"}],"version-history":[{"count":0,"href":"https:\/\/www.diarioimagen.net\/index.php?rest_route=\/wp\/v2\/posts\/422009\/revisions"}],"wp:featuredmedia":[{"embeddable":true,"href":"https:\/\/www.diarioimagen.net\/index.php?rest_route=\/wp\/v2\/media\/422132"}],"wp:attachment":[{"href":"https:\/\/www.diarioimagen.net\/index.php?rest_route=%2Fwp%2Fv2%2Fmedia&parent=422009"}],"wp:term":[{"taxonomy":"category","embeddable":true,"href":"https:\/\/www.diarioimagen.net\/index.php?rest_route=%2Fwp%2Fv2%2Fcategories&post=422009"},{"taxonomy":"post_tag","embeddable":true,"href":"https:\/\/www.diarioimagen.net\/index.php?rest_route=%2Fwp%2Fv2%2Ftags&post=422009"}],"curies":[{"name":"wp","href":"https:\/\/api.w.org\/{rel}","templated":true}]}}