{"id":422015,"date":"2019-04-03T00:10:13","date_gmt":"2019-04-03T06:10:13","guid":{"rendered":"https:\/\/www.diarioimagen.net\/?p=422015"},"modified":"2019-04-03T06:53:58","modified_gmt":"2019-04-03T12:53:58","slug":"atencion-a-pacientes-con-autismo","status":"publish","type":"post","link":"https:\/\/www.diarioimagen.net\/?p=422015","title":{"rendered":"Atenci\u00f3n a pacientes con autismo"},"content":{"rendered":"<h2>Arco Norte<\/h2>\n<h5>Jos\u00e9 Luis Monta\u00f1ez Aguilar<\/h5>\n<p>&nbsp;<\/p>\n<p><a href=\"https:\/\/www.diarioimagen.net\/?attachment_id=422129\" rel=\"attachment wp-att-422129\"><img loading=\"lazy\" decoding=\"async\" class=\"aligncenter size-large wp-image-422129\" src=\"https:\/\/www.diarioimagen.net\/wp-content\/uploads\/2019\/04\/arco-460x259.jpg\" alt=\"\" width=\"460\" height=\"259\" srcset=\"https:\/\/www.diarioimagen.net\/wp-content\/uploads\/2019\/04\/arco-460x259.jpg 460w, https:\/\/www.diarioimagen.net\/wp-content\/uploads\/2019\/04\/arco-240x135.jpg 240w, https:\/\/www.diarioimagen.net\/wp-content\/uploads\/2019\/04\/arco-235x132.jpg 235w, https:\/\/www.diarioimagen.net\/wp-content\/uploads\/2019\/04\/arco-202x114.jpg 202w, https:\/\/www.diarioimagen.net\/wp-content\/uploads\/2019\/04\/arco-350x196.jpg 350w, https:\/\/www.diarioimagen.net\/wp-content\/uploads\/2019\/04\/arco-220x123.jpg 220w, https:\/\/www.diarioimagen.net\/wp-content\/uploads\/2019\/04\/arco-237x132.jpg 237w, https:\/\/www.diarioimagen.net\/wp-content\/uploads\/2019\/04\/arco.jpg 480w\" sizes=\"auto, (max-width: 460px) 100vw, 460px\" \/><\/a><\/p>\n<p>&nbsp;<\/p>\n<p>Con el objetivo de ayudar a mejorar el desarrollo integral de pacientes con espectro autista, el Sistema para el Desarrollo Integral de la Familia del Estado de M\u00e9xico (DIFEM) ofrece, a trav\u00e9s de la Cl\u00ednica de Salud Mental \u201cRam\u00f3n de la Fuente\u201d, terapia psicol\u00f3gica y atenci\u00f3n paidopsiqui\u00e1trica a m\u00e1s de 250 pacientes que aqu\u00ed se atienden.<\/p>\n<p>La poblaci\u00f3n que atienden en esta Cl\u00ednica son ni\u00f1os de entre cinco y nueve a\u00f1os de edad, aproximadamente, en su mayor\u00eda varones, quienes son valorados para poder precisar el diagn\u00f3stico y con base en \u00e9l trabajar la atenci\u00f3n m\u00e9dica.<\/p>\n<p>Cabe mencionar que la atenci\u00f3n tambi\u00e9n va dirigida a los padres de familia a trav\u00e9s del reforzamiento en la consulta externa, donde se les orienta sobre el manejo f\u00edsico y cognitivo dentro del n\u00facleo familiar, as\u00ed como en los dem\u00e1s entornos sociales y escolares en donde se desarrollan.<\/p>\n<p>Adem\u00e1s, para contar con una atenci\u00f3n integral que incluya servicios educativos y de rehabilitaci\u00f3n,\u00a0 los pacientes son canalizados al Centro de Rehabilitaci\u00f3n y Educaci\u00f3n Especial (CREE) en donde aprende a manejar sus alteraciones visuales, sensitivas y cognitivas dentro del \u00c1rea Multisensorial que cuenta con tecnolog\u00eda de \u00faltima generaci\u00f3n.<\/p>\n<p>De igual forma, en los\u00a0 Centros de Atenci\u00f3n M\u00faltiple (CAM) 5, 6 y 61, ubicados dentro del CREE, ni\u00f1as, ni\u00f1os y adolescentes con autismo pueden cursar el nivel de educaci\u00f3n b\u00e1sico en el cual trabajan con metodolog\u00edas espec\u00edficas de acuerdo con cada caracter\u00edstica, en esta materia las especialistas desarrollan un enfoque preventivo, manejo conductivo y habilidades sociales.<\/p>\n<p>Para quienes son mayores de 13 a\u00f1os de edad, los CAM ofrecen talleres de capacitaci\u00f3n laboral, donde aprenden oficios de panader\u00eda, carpinter\u00eda, jardiner\u00eda, manualidades y cocina, con el objetivo de fomentar el autoempleo.<\/p>\n<p>De acuerdo con la Organizaci\u00f3n Mundial de la Salud, a nivel mundial uno de cada 160 ni\u00f1os presentan trastorno del espectro autista, condici\u00f3n que no tiene cura, por lo que, para el organismo internacional, resulta fundamental ofrecer al ni\u00f1o y a su familia informaci\u00f3n, servicios pertinentes, derivaci\u00f3n a especialistas, as\u00ed como ayuda pr\u00e1ctica acorde a las necesidades de cada individuo.<\/p>\n<p><em><a href=\"mailto:montanezaguilar@gmail.com\" target=\"_blank\" rel=\"noopener noreferrer\">montanezaguilar@gmail.com<\/a><\/em><\/p>\n","protected":false},"excerpt":{"rendered":"<p><span style=\"color: #005497;\">Jos\u00e9 Luis Monta\u00f1ez Aguilar<\/span><br \/>\n<br \/>\nCon el objetivo de ayudar a mejorar el desarrollo integral de pacientes con espectro autista, el Sistema para el Desarrollo Integral de la Familia del Estado de M\u00e9xico (DIFEM) ofrece, a trav\u00e9s de la Cl\u00ednica de Salud Mental \u201cRam\u00f3n de la Fuente\u201d, terapia psicol\u00f3gica y atenci\u00f3n paidopsiqui\u00e1trica a m\u00e1s de 250 pacientes que aqu\u00ed se atienden.<\/p>\n","protected":false},"author":3,"featured_media":422129,"comment_status":"open","ping_status":"open","sticky":false,"template":"","format":"standard","meta":{"_monsterinsights_skip_tracking":false,"_monsterinsights_sitenote_active":false,"_monsterinsights_sitenote_note":"","_monsterinsights_sitenote_category":0,"footnotes":""},"categories":[5],"tags":[13284,43704,43674],"class_list":["post-422015","post","type-post","status-publish","format-standard","has-post-thumbnail","hentry","category-estado-de-mexico","tag-arco-norte","tag-jose-luis-montanez-aguilar","tag-opinion"],"_links":{"self":[{"href":"https:\/\/www.diarioimagen.net\/index.php?rest_route=\/wp\/v2\/posts\/422015","targetHints":{"allow":["GET"]}}],"collection":[{"href":"https:\/\/www.diarioimagen.net\/index.php?rest_route=\/wp\/v2\/posts"}],"about":[{"href":"https:\/\/www.diarioimagen.net\/index.php?rest_route=\/wp\/v2\/types\/post"}],"author":[{"embeddable":true,"href":"https:\/\/www.diarioimagen.net\/index.php?rest_route=\/wp\/v2\/users\/3"}],"replies":[{"embeddable":true,"href":"https:\/\/www.diarioimagen.net\/index.php?rest_route=%2Fwp%2Fv2%2Fcomments&post=422015"}],"version-history":[{"count":0,"href":"https:\/\/www.diarioimagen.net\/index.php?rest_route=\/wp\/v2\/posts\/422015\/revisions"}],"wp:featuredmedia":[{"embeddable":true,"href":"https:\/\/www.diarioimagen.net\/index.php?rest_route=\/wp\/v2\/media\/422129"}],"wp:attachment":[{"href":"https:\/\/www.diarioimagen.net\/index.php?rest_route=%2Fwp%2Fv2%2Fmedia&parent=422015"}],"wp:term":[{"taxonomy":"category","embeddable":true,"href":"https:\/\/www.diarioimagen.net\/index.php?rest_route=%2Fwp%2Fv2%2Fcategories&post=422015"},{"taxonomy":"post_tag","embeddable":true,"href":"https:\/\/www.diarioimagen.net\/index.php?rest_route=%2Fwp%2Fv2%2Ftags&post=422015"}],"curies":[{"name":"wp","href":"https:\/\/api.w.org\/{rel}","templated":true}]}}