{"id":422037,"date":"2019-04-03T00:07:56","date_gmt":"2019-04-03T06:07:56","guid":{"rendered":"https:\/\/www.diarioimagen.net\/?p=422037"},"modified":"2019-04-03T06:06:13","modified_gmt":"2019-04-03T12:06:13","slug":"reitera-la-60-legislatura-su-compromiso-para-transitar-a-una-sociedad-incluyente","status":"publish","type":"post","link":"https:\/\/www.diarioimagen.net\/?p=422037","title":{"rendered":"Reitera la 60 Legislatura su compromiso para transitar a una sociedad incluyente"},"content":{"rendered":"<ul>\n<li><strong><em>Con las personas con autismo<\/em><\/strong><\/li>\n<\/ul>\n<p>&nbsp;<\/p>\n<div id=\"attachment_422108\" style=\"width: 470px\" class=\"wp-caption aligncenter\"><a href=\"https:\/\/www.diarioimagen.net\/?attachment_id=422108\" rel=\"attachment wp-att-422108\"><img loading=\"lazy\" decoding=\"async\" aria-describedby=\"caption-attachment-422108\" class=\"size-large wp-image-422108\" src=\"https:\/\/www.diarioimagen.net\/wp-content\/uploads\/2019\/04\/LEGISLATURA-3-460x259.jpg\" alt=\"\" width=\"460\" height=\"259\" srcset=\"https:\/\/www.diarioimagen.net\/wp-content\/uploads\/2019\/04\/LEGISLATURA-3-460x259.jpg 460w, https:\/\/www.diarioimagen.net\/wp-content\/uploads\/2019\/04\/LEGISLATURA-3-240x135.jpg 240w, https:\/\/www.diarioimagen.net\/wp-content\/uploads\/2019\/04\/LEGISLATURA-3-235x132.jpg 235w, https:\/\/www.diarioimagen.net\/wp-content\/uploads\/2019\/04\/LEGISLATURA-3-202x114.jpg 202w, https:\/\/www.diarioimagen.net\/wp-content\/uploads\/2019\/04\/LEGISLATURA-3-350x196.jpg 350w, https:\/\/www.diarioimagen.net\/wp-content\/uploads\/2019\/04\/LEGISLATURA-3-220x123.jpg 220w, https:\/\/www.diarioimagen.net\/wp-content\/uploads\/2019\/04\/LEGISLATURA-3-237x132.jpg 237w, https:\/\/www.diarioimagen.net\/wp-content\/uploads\/2019\/04\/LEGISLATURA-3.jpg 480w\" sizes=\"auto, (max-width: 460px) 100vw, 460px\" \/><\/a><p id=\"caption-attachment-422108\" class=\"wp-caption-text\">La Legislatura mexquense reiter\u00f3 su compromiso para trabajar en el respeto, promoci\u00f3n y garant\u00eda de los derechos de las personas con autismo.<\/p><\/div>\n<p>&nbsp;<\/p>\n<p><strong>Toluca, Estado de M\u00e9xico<\/strong>.- Al reiterar el compromiso de los integrantes de la 60 Legislatura para trabajar en el respeto, promoci\u00f3n y garant\u00eda de los derechos de las personas con autismo, la presidenta de la mesa directiva, Guadalupe Mariana Uribe Bernal (Morena), destac\u00f3 que para transitar a una sociedad con m\u00e1s conciencia sobre el trastorno se requiere de la formulaci\u00f3n y aprobaci\u00f3n de leyes m\u00e1s incluyentes.<\/p>\n<p>En la conmemoraci\u00f3n del D\u00eda Mundial de Concientizaci\u00f3n del Autismo, organizado por el diputado Juan Jaffet Mill\u00e1n M\u00e1rquez (PRI), ante asociaciones civiles dedicadas al tema, la legisladora subray\u00f3 que la generaci\u00f3n actual de diputados est\u00e1 llamada a responder a una sociedad m\u00e1s incluyente, por lo que refrend\u00f3 que desde la C\u00e1mara de Diputados se trabajar\u00e1 por una patria con justicia y democracia para garantizar los derechos de las personas que viven con esta condici\u00f3n, as\u00ed como los de sus familiares.<\/p>\n<p>Mariana Uribe lament\u00f3 la discriminaci\u00f3n involuntaria que padecen las personas con autismo por parte del resto de la sociedad, ya que no se sabe reconocer el trastorno, por lo que resalt\u00f3 el papel de las instituciones de asistencia privada y de las asociaciones que han marcado la pauta para atender la situaci\u00f3n y que se han convertido en alicientes para la sociedad civil.<\/p>\n<p>La fundadora del Centro Educativo Integral del Trastorno del Espectro Autista, CEITEA, A.C., Adriana de la Paz Villagr\u00e1n L\u00f3pez, exhort\u00f3 al Poder Legislativo, al Ejecutivo y a los ayuntamientos a implementar mecanismos de inclusi\u00f3n y desarrollo integral de los ni\u00f1os, ni\u00f1as, adolescentes y adultos con autismo a trav\u00e9s de la generaci\u00f3n de mecanismos de cooperaci\u00f3n entre las autoridades y asociaciones civiles para la realizaci\u00f3n de un censo que permita conocer las condiciones de salud, atenci\u00f3n y econom\u00eda de este sector de la poblaci\u00f3n.<\/p>\n<p>Tambi\u00e9n solicit\u00f3 capacitaci\u00f3n para los profesionales de la salud a fin de que puedan detectar a tiempo las caracter\u00edsticas del trastorno y brindar una atenci\u00f3n oportuna, buscar la cooperaci\u00f3n entre la iniciativa privada y organismos p\u00fablicos para brindar oportunidades de desarrollo y empleo a adultos con autismo, otorgar apoyos econ\u00f3micos a familias con integrantes con este trastorno en situaci\u00f3n severa y que vivan en condiciones vulnerables.<\/p>\n<p>Fabiola Men\u00e9ndez Skertchly, representante de la asociaci\u00f3n Iluminemos de Azul, puntualiz\u00f3 que de manera general falta capacitaci\u00f3n en el sector salud para diagnosticar y atender a personas con autismo, ya que los familiares no saben a qui\u00e9n recurrir o qu\u00e9 hacer luego de que sus ni\u00f1os son diagnosticados.<\/p>\n<p>Posteriormente, se inaugur\u00f3 la expo-venta de pinturas realizadas por ni\u00f1os integrantes de las asociaciones, que permanecer\u00e1 en el vest\u00edbulo de la sede legislativa hasta el pr\u00f3ximo viernes 5 de abril, por lo que las activistas agradecieron al diputado Juan Jaffet Mill\u00e1n el acercamiento con ellas y las facilidades para esta actividad.<\/p>\n","protected":false},"excerpt":{"rendered":"<p>Al reiterar el compromiso de los integrantes de la 60 Legislatura para trabajar en el respeto, promoci\u00f3n y garant\u00eda de los derechos de las personas con autismo, la presidenta de la mesa directiva, Guadalupe Mariana Uribe Bernal (Morena), destac\u00f3 que para transitar a una sociedad con m\u00e1s conciencia sobre el trastorno se requiere de la formulaci\u00f3n y aprobaci\u00f3n de leyes m\u00e1s incluyentes.<\/p>\n","protected":false},"author":3,"featured_media":422108,"comment_status":"open","ping_status":"open","sticky":false,"template":"","format":"standard","meta":{"_monsterinsights_skip_tracking":false,"_monsterinsights_sitenote_active":false,"_monsterinsights_sitenote_note":"","_monsterinsights_sitenote_category":0,"footnotes":""},"categories":[35155],"tags":[43675,50480,1752,4302,452],"class_list":["post-422037","post","type-post","status-publish","format-standard","has-post-thumbnail","hentry","category-estado-de-mexico-estado-de-mexico","tag-estado-de-mexico","tag-incluyente","tag-legislatura","tag-sociedad","tag-toluca"],"_links":{"self":[{"href":"https:\/\/www.diarioimagen.net\/index.php?rest_route=\/wp\/v2\/posts\/422037","targetHints":{"allow":["GET"]}}],"collection":[{"href":"https:\/\/www.diarioimagen.net\/index.php?rest_route=\/wp\/v2\/posts"}],"about":[{"href":"https:\/\/www.diarioimagen.net\/index.php?rest_route=\/wp\/v2\/types\/post"}],"author":[{"embeddable":true,"href":"https:\/\/www.diarioimagen.net\/index.php?rest_route=\/wp\/v2\/users\/3"}],"replies":[{"embeddable":true,"href":"https:\/\/www.diarioimagen.net\/index.php?rest_route=%2Fwp%2Fv2%2Fcomments&post=422037"}],"version-history":[{"count":0,"href":"https:\/\/www.diarioimagen.net\/index.php?rest_route=\/wp\/v2\/posts\/422037\/revisions"}],"wp:featuredmedia":[{"embeddable":true,"href":"https:\/\/www.diarioimagen.net\/index.php?rest_route=\/wp\/v2\/media\/422108"}],"wp:attachment":[{"href":"https:\/\/www.diarioimagen.net\/index.php?rest_route=%2Fwp%2Fv2%2Fmedia&parent=422037"}],"wp:term":[{"taxonomy":"category","embeddable":true,"href":"https:\/\/www.diarioimagen.net\/index.php?rest_route=%2Fwp%2Fv2%2Fcategories&post=422037"},{"taxonomy":"post_tag","embeddable":true,"href":"https:\/\/www.diarioimagen.net\/index.php?rest_route=%2Fwp%2Fv2%2Ftags&post=422037"}],"curies":[{"name":"wp","href":"https:\/\/api.w.org\/{rel}","templated":true}]}}