{"id":422148,"date":"2019-04-04T00:10:30","date_gmt":"2019-04-04T06:10:30","guid":{"rendered":"https:\/\/www.diarioimagen.net\/?p=422148"},"modified":"2019-04-03T23:54:41","modified_gmt":"2019-04-04T05:54:41","slug":"reinician-trabajos-tecnicos-y-de-obra-del-tren-interurbano-mexico-toluca","status":"publish","type":"post","link":"https:\/\/www.diarioimagen.net\/?p=422148","title":{"rendered":"Reinician trabajos del interurbano M\u00e9xico-Toluca"},"content":{"rendered":"<h2>Arco Norte<\/h2>\n<h5>Jos\u00e9 Luis Monta\u00f1ez Aguilar<\/h5>\n<p>&nbsp;<\/p>\n<div id=\"attachment_422149\" style=\"width: 470px\" class=\"wp-caption aligncenter\"><img loading=\"lazy\" decoding=\"async\" aria-describedby=\"caption-attachment-422149\" class=\"size-large wp-image-422149\" src=\"https:\/\/www.diarioimagen.net\/wp-content\/uploads\/2019\/04\/INTERURBANO4-portal-460x268.jpg\" alt=\"\" width=\"460\" height=\"268\" srcset=\"https:\/\/www.diarioimagen.net\/wp-content\/uploads\/2019\/04\/INTERURBANO4-portal-460x268.jpg 460w, https:\/\/www.diarioimagen.net\/wp-content\/uploads\/2019\/04\/INTERURBANO4-portal-240x140.jpg 240w, https:\/\/www.diarioimagen.net\/wp-content\/uploads\/2019\/04\/INTERURBANO4-portal.jpg 480w\" sizes=\"auto, (max-width: 460px) 100vw, 460px\" \/><p id=\"caption-attachment-422149\" class=\"wp-caption-text\">Reiniciaron los trabajos t\u00e9cnicos y de obra civil del Tren Interurbano M\u00e9xico-Toluca, que registra un avance del 85 por ciento.<\/p><\/div>\n<p>&nbsp;<\/p>\n<p>La Secretar\u00eda de Comunicaciones y Transportes (SCT) reinici\u00f3 los trabajos t\u00e9cnicos y de obra civil del Tren Interurbano M\u00e9xico-Toluca, el cual registra un avance del 85 por ciento.<\/p>\n<p>El director general de Transporte Ferroviario y Multimodal, Manuel G\u00f3mez Parra, declar\u00f3 que los esfuerzos para llevar a cabo este proyecto han enfrentado un gran n\u00famero de retos a lo largo de los \u00faltimos cuatro a\u00f1os, sin embargo, en las seis estaciones de este sistema de transporte, ya se cuenta con un avance total del 40 por ciento, lo que da idea de la importancia de la obra.<\/p>\n<p>En esta obra que atravesar\u00e1 por cinco municipios del Estado de M\u00e9xico y dos alcald\u00edas en la Ciudad de M\u00e9xico se utilizan 308 kil\u00f3metros de pilas de cimentaci\u00f3n, equivalentes a mil 370 veces la altura de la Torre Mayor; el total de concreto representa 75 veces el volumen utilizado en el Estadio Azteca.<\/p>\n<p>Adem\u00e1s, se emplean 736 mil toneladas de acero de refuerzo, lo cual representa 3.5 veces el acero utilizado en la Torre Mayor; en estructuras met\u00e1licas se requieren 8.6 veces la Torre Latinoamericana, y se tendr\u00e1n que mover 2 millones 960 mil metros c\u00fabicos de tierra, que se traducen en 56 veces el volumen de la Plaza de Toros M\u00e9xico, explic\u00f3.<\/p>\n<p>La dependencia precis\u00f3 en un comunicado que entre los principales problemas t\u00e9cnicos que se hallaron para elaborar la obra est\u00e1n: la compleja orograf\u00eda por donde transitar\u00e1 el tren, con condiciones geot\u00e9cnicas dif\u00edciles y restricciones ambientales, sobre todo en las zonas de La Marquesa y El Ocotal.<\/p>\n<p>Tambi\u00e9n se llev\u00f3 a cabo la estabilizaci\u00f3n de taludes y soluciones estructurales; y en las regiones urbanas se enfrentaron situaciones de niveles de ruido, por lo que fue necesaria la instalaci\u00f3n de pantallas ac\u00fasticas a lo largo de 12.5 kil\u00f3metros.<\/p>\n<p>El Tren Interurbano M\u00e9xico-Toluca inici\u00f3 su construcci\u00f3n en la pasada administraci\u00f3n federal y busca comunicar a las ciudades de M\u00e9xico y Toluca mediante dos terminales (Zinacantepec y Observatorio) y cuatro estaciones intermedias (Pino Su\u00e1rez, Tecnol\u00f3gico, Lerma y Santa Fe).<\/p>\n<p><em><a href=\"mailto:montanezaguilar@gmail.com\" target=\"_blank\" rel=\"noopener noreferrer\">montanezaguilar@gmail.com<\/a><\/em><\/p>\n","protected":false},"excerpt":{"rendered":"<p><span style=\"color: #005497;\">Jos\u00e9 Luis Monta\u00f1ez Aguilar<\/span><br \/>\n<br \/>\nLa Secretar\u00eda de Comunicaciones y Transportes (SCT) reinici\u00f3 los trabajos t\u00e9cnicos y de obra civil del Tren Interurbano M\u00e9xico-Toluca, el cual registra un avance del 85 por ciento.<\/p>\n","protected":false},"author":5,"featured_media":422149,"comment_status":"open","ping_status":"open","sticky":false,"template":"","format":"standard","meta":{"_monsterinsights_skip_tracking":false,"_monsterinsights_sitenote_active":false,"_monsterinsights_sitenote_note":"","_monsterinsights_sitenote_category":0,"footnotes":""},"categories":[5],"tags":[13284,43704,43674,84191,68728],"class_list":["post-422148","post","type-post","status-publish","format-standard","has-post-thumbnail","hentry","category-estado-de-mexico","tag-arco-norte","tag-jose-luis-montanez-aguilar","tag-opinion","tag-reinician-trabajos-tecnicos","tag-tren-interurbano-mexico-toluca"],"_links":{"self":[{"href":"https:\/\/www.diarioimagen.net\/index.php?rest_route=\/wp\/v2\/posts\/422148","targetHints":{"allow":["GET"]}}],"collection":[{"href":"https:\/\/www.diarioimagen.net\/index.php?rest_route=\/wp\/v2\/posts"}],"about":[{"href":"https:\/\/www.diarioimagen.net\/index.php?rest_route=\/wp\/v2\/types\/post"}],"author":[{"embeddable":true,"href":"https:\/\/www.diarioimagen.net\/index.php?rest_route=\/wp\/v2\/users\/5"}],"replies":[{"embeddable":true,"href":"https:\/\/www.diarioimagen.net\/index.php?rest_route=%2Fwp%2Fv2%2Fcomments&post=422148"}],"version-history":[{"count":0,"href":"https:\/\/www.diarioimagen.net\/index.php?rest_route=\/wp\/v2\/posts\/422148\/revisions"}],"wp:featuredmedia":[{"embeddable":true,"href":"https:\/\/www.diarioimagen.net\/index.php?rest_route=\/wp\/v2\/media\/422149"}],"wp:attachment":[{"href":"https:\/\/www.diarioimagen.net\/index.php?rest_route=%2Fwp%2Fv2%2Fmedia&parent=422148"}],"wp:term":[{"taxonomy":"category","embeddable":true,"href":"https:\/\/www.diarioimagen.net\/index.php?rest_route=%2Fwp%2Fv2%2Fcategories&post=422148"},{"taxonomy":"post_tag","embeddable":true,"href":"https:\/\/www.diarioimagen.net\/index.php?rest_route=%2Fwp%2Fv2%2Ftags&post=422148"}],"curies":[{"name":"wp","href":"https:\/\/api.w.org\/{rel}","templated":true}]}}