{"id":422214,"date":"2019-04-04T00:11:25","date_gmt":"2019-04-04T06:11:25","guid":{"rendered":"https:\/\/www.diarioimagen.net\/?p=422214"},"modified":"2019-04-04T06:37:07","modified_gmt":"2019-04-04T12:37:07","slug":"detectan-en-estancias-infantiles-mas-de-97-mil-ninos-fantasma","status":"publish","type":"post","link":"https:\/\/www.diarioimagen.net\/?p=422214","title":{"rendered":"Detectan en estancias infantiles m\u00e1s de 97 mil \u201cni\u00f1os fantasma\u201d"},"content":{"rendered":"<ul>\n<li><strong><em>Reitera que se entregar\u00e1n los recursos de manera directa<\/em><\/strong><\/li>\n<li><strong><em>Reconoce el Presidente que no todos los que manejaban el programa lo hac\u00edan mal<\/em><\/strong><\/li>\n<\/ul>\n<p>&nbsp;<\/p>\n<div id=\"attachment_422294\" style=\"width: 470px\" class=\"wp-caption aligncenter\"><a href=\"https:\/\/www.diarioimagen.net\/?attachment_id=422294\" rel=\"attachment wp-att-422294\"><img loading=\"lazy\" decoding=\"async\" aria-describedby=\"caption-attachment-422294\" class=\"size-large wp-image-422294\" src=\"https:\/\/www.diarioimagen.net\/wp-content\/uploads\/2019\/04\/ESTANCIAS4-460x259.jpg\" alt=\"\" width=\"460\" height=\"259\" srcset=\"https:\/\/www.diarioimagen.net\/wp-content\/uploads\/2019\/04\/ESTANCIAS4-460x259.jpg 460w, https:\/\/www.diarioimagen.net\/wp-content\/uploads\/2019\/04\/ESTANCIAS4-240x135.jpg 240w, https:\/\/www.diarioimagen.net\/wp-content\/uploads\/2019\/04\/ESTANCIAS4-235x132.jpg 235w, https:\/\/www.diarioimagen.net\/wp-content\/uploads\/2019\/04\/ESTANCIAS4-202x114.jpg 202w, https:\/\/www.diarioimagen.net\/wp-content\/uploads\/2019\/04\/ESTANCIAS4-350x196.jpg 350w, https:\/\/www.diarioimagen.net\/wp-content\/uploads\/2019\/04\/ESTANCIAS4-220x123.jpg 220w, https:\/\/www.diarioimagen.net\/wp-content\/uploads\/2019\/04\/ESTANCIAS4-237x132.jpg 237w, https:\/\/www.diarioimagen.net\/wp-content\/uploads\/2019\/04\/ESTANCIAS4.jpg 480w\" sizes=\"auto, (max-width: 460px) 100vw, 460px\" \/><\/a><p id=\"caption-attachment-422294\" class=\"wp-caption-text\">La percepci\u00f3n de los habitantes de la Ciudad de M\u00e9xico es que los \u00edndices de violencia aumentan cada a\u00f1o.<\/p><\/div>\n<p>&nbsp;<\/p>\n<p>El presidente Andr\u00e9s Manuel L\u00f3pez Obrador dio a conocer que ya se tiene el diagn\u00f3stico y los resultados del censo sobre el programa de estancias infantiles en el pa\u00eds, los cuales revelan que hay 97 mil 180 \u201cni\u00f1os fantasma\u201d, entre otras irregularidades.<\/p>\n<p>Sin embargo, el mandatario federal dej\u00f3 en claro que estos espacios no desaparecer\u00e1n, aunque si se pondr\u00e1n en orden, adem\u00e1s de que se mantendr\u00e1 abierto el proceso para censar a los padres de familia que a\u00fan no han sido registrados.<\/p>\n<p>Tras aseverar que este tema gener\u00f3 pol\u00e9mica pues \u201cse lleg\u00f3 a mencionar de manera reiterada, como \u2018campa\u00f1a\u2019, que est\u00e1bamos cancelando las estancias infantiles\u201d, refrend\u00f3 que es falso y solo se entregar\u00e1n los recursos de manera directa a los padres de los menores de edad.<\/p>\n<p>L\u00f3pez Obrador reconoci\u00f3 que no todos los que manejaban el programa lo hac\u00edan mal, \u201cno se puede generalizar\u201d, pues hab\u00eda personas que actuaban de manera correcta, con integridad, sin embargo, se tienen que corregir las anomal\u00edas detectadas \u201cy no podemos hacer excepciones, nos llevar\u00eda m\u00e1s tiempo\u201d.<\/p>\n<p>En su conferencia de prensa matutina, L\u00f3pez Obrador refiri\u00f3 que la informaci\u00f3n obtenida sobre el tema se enviar\u00e1 al Instituto Nacional de Transparencia, Acceso a la Informaci\u00f3n y Protecci\u00f3n de Datos Personales (INAI) para garantizar claridad en este tema y que pueda ser consultada por quien lo desee, desde padres de familia hasta legisladores.<\/p>\n<p>El Ejecutivo federal mencion\u00f3 que en el programa de estancias infantiles se organizaban y adecuaban espacios en algunos domicilios para atender a ni\u00f1os de madres trabajadoras, pero no eran instituciones o instalaciones hechas para tal fin, sino lugares adaptados, algo similar con la subrogaci\u00f3n que se hizo en el IMSS de las guarder\u00edas.<\/p>\n<p>Ante ello, indic\u00f3 que su administraci\u00f3n no comparte esa concepci\u00f3n, porque no s\u00f3lo son las irregularidades que puede haber en el manejo del dinero, sino la seguridad de los menores y de los lugares, \u201c\u00bfqui\u00e9n supervisa?, \u00bfc\u00f3mo garantizamos el cuidado del ni\u00f1o?\u201d.<\/p>\n<p>En el Sal\u00f3n Tesorer\u00eda, L\u00f3pez Obrador se\u00f1al\u00f3 que este censo, por el cual hubo protestas, permitir\u00e1 entregar los apoyos de manera directa a los padres de familia y ellos decidir\u00e1n voluntariamente a qui\u00e9nes encargar\u00e1n del cuidado de sus hijos o qu\u00e9 instituci\u00f3n infantil se encargar\u00e1 de ello.<\/p>\n<p>Respecto a los recursos de este programa, el mandatario federal record\u00f3 que el a\u00f1o pasado se ejercieron 3 mil millones de pesos y ahora se calcula una inversi\u00f3n de 2 mil millones de pesos, lo que implica un ahorro importante.<\/p>\n<p>Al reiterar que los recursos se entregar\u00e1n de manera directa a quienes los requieran, se\u00f1al\u00f3 que incluso hay personas que han pedido que sea de esa forma y no mediante organizaciones civiles o del gobierno.<\/p>\n<p>En este marco mencion\u00f3 que hasta el momento se han entregado apoyos de manera directa a m\u00e1s de 13 millones de personas, entre adultos mayores, personas con discapacidad, j\u00f3venes, becarios y campesinos, aunque se prev\u00e9 llegar a los 20 millones de beneficiarios.<\/p>\n<p>Acompa\u00f1ado de la secretaria de Bienestar, Mar\u00eda Luisa Albores, puso como ejemplo que cuando se decidi\u00f3 que adultos mayores pensionados del ISSSTE se integraran al programa, se pidieron los padrones que usan para pagar y hubo un porcentaje importante con nombre y direcciones incompletas por lo que a\u00fan no se ha aclarado, por lo que no se pueden dispersar recursos.<\/p>\n<p>Al referirse al tema de medicamentos, expres\u00f3 que hay todo el apoyo para quienes los necesiten, y record\u00f3 que se realizan compras consolidadas donde participa la ONU para que estas sean transparentes y no haya corrupci\u00f3n, porque es un crimen robarse el dinero de las medicinas.<\/p>\n<p>Insisti\u00f3 que se busca terminar con el \u201cc\u00e1ncer de la corrupci\u00f3n\u201d que destruye a M\u00e9xico y que su gobierno tiene como misi\u00f3n fundamental atender a los despose\u00eddos, necesitados, enfermos, pobres, humillados y marginados, por lo que se atender\u00e1 y escuchar\u00e1 a todos, incluida la oposici\u00f3n que tienen derecho a disentir.<\/p>\n<p>Al ser cuestionado sobre la supuesta suspensi\u00f3n de la prueba del tamiz neonatal, se\u00f1al\u00f3 que en caso de que eso ocurriera, hoy mismo el secretario de Salud, Jorge Alcocer, lo atender\u00e1, \u201cy ahora s\u00ed que disculpen por las molestias que estas obras ocasionan, pero la corrupci\u00f3n la vamos a acabar\u201d.<\/p>\n<p>En ese sentido dijo que la aplicaci\u00f3n de la nueva pol\u00edtica, despu\u00e9s de 36 a\u00f1os del modelo neoliberal, cuesta trabajo, causa molestias, hay protestas y resistencias, pero la transformaci\u00f3n va, \u201cy de ninguna manera es para perjudicar a qui\u00e9n nos necesita, sino para aminorar la desigualdad que existe\u201d.<\/p>\n<p>Sobre el tema de los gasoductos L\u00f3pez Obrador manifest\u00f3 es un tema que le molesta, ya que se entregaron contratos para construir gasoductos, \u201cimag\u00ednense lo que hicieron de entregar, por ejemplo, los contratos para los gasoductos que eso me trae molesto\u201d.<\/p>\n<p style=\"text-align: center;\"><strong>Este jueves inicia entrega de apoyos a padres <\/strong><\/p>\n<p>La secretaria del Bienestar, Mar\u00eda Luisa Albores, asegur\u00f3 que ning\u00fan menor validado para el Programa para el Bienestar de Apoyo para el Bienestar de Ni\u00f1as y Ni\u00f1os Hijos de Madres Trabajadoras ser\u00e1 excluido de los beneficios para el cuidado de la primera infancia.<\/p>\n<p>Al explicar en conferencia de prensa en Palacio Nacional los seis puntos que integran el programa, anunci\u00f3 que ma\u00f1ana inicia en todo el pa\u00eds la entrega a los responsables de los menores de cuatro a\u00f1os de tres mil 200 pesos correspondientes a los meses de enero, febrero, marzo y abril.<\/p>\n<p>Detall\u00f3 que en el caso de los ni\u00f1os con capacidades diferentes, los tutores recibir\u00e1n un apoyo de 7 mil 200 pesos por estos cuatro meses, luego que debido a ajustes en el padr\u00f3n, hubo un retraso en la entrega de recursos y se est\u00e1 haciendo el pago retroactivo, que originalmente es bimensual.<\/p>\n<p>Por su parte, la subsecretaria de Bienestar de la dependencia, Ariadna Montiel Reyes, detall\u00f3 que hasta enero pasado 203 mil 262 madres, padres o tutores fueron incorporados al Programa en beneficio de 213 mil 437 ni\u00f1as y ni\u00f1os.<\/p>\n<p>Se\u00f1al\u00f3 que el retraso en la entrega de recursos se debi\u00f3 a que se encontraron diversas irregularidades en la integraci\u00f3n del padr\u00f3n como domicilios inconsistentes o cambios no reportados, registro de personas o de hijos en un municipio o estados con datos de otros estados, estancias sin funcionamiento y menores que no asisten a las estancias.<\/p>\n","protected":false},"excerpt":{"rendered":"<p>El presidente Andr\u00e9s Manuel L\u00f3pez Obrador dio a conocer que ya se tiene el diagn\u00f3stico y los resultados del censo sobre el programa de estancias infantiles en el pa\u00eds, los cuales revelan que hay 97 mil 180 \u201cni\u00f1os fantasma\u201d, entre otras irregularidades.<\/p>\n","protected":false},"author":3,"featured_media":422294,"comment_status":"open","ping_status":"open","sticky":false,"template":"","format":"standard","meta":{"_monsterinsights_skip_tracking":false,"_monsterinsights_sitenote_active":false,"_monsterinsights_sitenote_note":"","_monsterinsights_sitenote_category":0,"footnotes":""},"categories":[3],"tags":[1352,67774,77303,435,43673],"class_list":["post-422214","post","type-post","status-publish","format-standard","has-post-thumbnail","hentry","category-nacional","tag-andres-manuel-lopez-obrador","tag-detectan","tag-estancias-infantiles","tag-fraude","tag-nacional"],"_links":{"self":[{"href":"https:\/\/www.diarioimagen.net\/index.php?rest_route=\/wp\/v2\/posts\/422214","targetHints":{"allow":["GET"]}}],"collection":[{"href":"https:\/\/www.diarioimagen.net\/index.php?rest_route=\/wp\/v2\/posts"}],"about":[{"href":"https:\/\/www.diarioimagen.net\/index.php?rest_route=\/wp\/v2\/types\/post"}],"author":[{"embeddable":true,"href":"https:\/\/www.diarioimagen.net\/index.php?rest_route=\/wp\/v2\/users\/3"}],"replies":[{"embeddable":true,"href":"https:\/\/www.diarioimagen.net\/index.php?rest_route=%2Fwp%2Fv2%2Fcomments&post=422214"}],"version-history":[{"count":0,"href":"https:\/\/www.diarioimagen.net\/index.php?rest_route=\/wp\/v2\/posts\/422214\/revisions"}],"wp:featuredmedia":[{"embeddable":true,"href":"https:\/\/www.diarioimagen.net\/index.php?rest_route=\/wp\/v2\/media\/422294"}],"wp:attachment":[{"href":"https:\/\/www.diarioimagen.net\/index.php?rest_route=%2Fwp%2Fv2%2Fmedia&parent=422214"}],"wp:term":[{"taxonomy":"category","embeddable":true,"href":"https:\/\/www.diarioimagen.net\/index.php?rest_route=%2Fwp%2Fv2%2Fcategories&post=422214"},{"taxonomy":"post_tag","embeddable":true,"href":"https:\/\/www.diarioimagen.net\/index.php?rest_route=%2Fwp%2Fv2%2Ftags&post=422214"}],"curies":[{"name":"wp","href":"https:\/\/api.w.org\/{rel}","templated":true}]}}