{"id":422221,"date":"2019-04-04T00:09:44","date_gmt":"2019-04-04T06:09:44","guid":{"rendered":"https:\/\/www.diarioimagen.net\/?p=422221"},"modified":"2020-10-15T01:26:42","modified_gmt":"2020-10-15T06:26:42","slug":"abre-sus-puertas-consultorio-medico-periferico-de-san-lucas-tepetlacalco","status":"publish","type":"post","link":"https:\/\/www.diarioimagen.net\/?p=422221","title":{"rendered":"Abre sus puertas Consultorio M\u00e9dico Perif\u00e9rico de San Lucas Tepetlacalco"},"content":{"rendered":"<ul>\n<li><strong><em>Fuera de servicio durante 15 a\u00f1os<\/em><\/strong><\/li>\n<\/ul>\n<p>&nbsp;<\/p>\n<div id=\"attachment_422301\" style=\"width: 470px\" class=\"wp-caption aligncenter\"><a href=\"https:\/\/www.diarioimagen.net\/?attachment_id=422301\" rel=\"attachment wp-att-422301\"><img loading=\"lazy\" decoding=\"async\" aria-describedby=\"caption-attachment-422301\" class=\"size-large wp-image-422301\" src=\"https:\/\/www.diarioimagen.net\/wp-content\/uploads\/2019\/04\/TLALNEPANTLA-4-460x259.jpg\" alt=\"\" width=\"460\" height=\"259\" srcset=\"https:\/\/www.diarioimagen.net\/wp-content\/uploads\/2019\/04\/TLALNEPANTLA-4-460x259.jpg 460w, https:\/\/www.diarioimagen.net\/wp-content\/uploads\/2019\/04\/TLALNEPANTLA-4-240x135.jpg 240w, https:\/\/www.diarioimagen.net\/wp-content\/uploads\/2019\/04\/TLALNEPANTLA-4-235x132.jpg 235w, https:\/\/www.diarioimagen.net\/wp-content\/uploads\/2019\/04\/TLALNEPANTLA-4-202x114.jpg 202w, https:\/\/www.diarioimagen.net\/wp-content\/uploads\/2019\/04\/TLALNEPANTLA-4-350x196.jpg 350w, https:\/\/www.diarioimagen.net\/wp-content\/uploads\/2019\/04\/TLALNEPANTLA-4-220x123.jpg 220w, https:\/\/www.diarioimagen.net\/wp-content\/uploads\/2019\/04\/TLALNEPANTLA-4-237x132.jpg 237w, https:\/\/www.diarioimagen.net\/wp-content\/uploads\/2019\/04\/TLALNEPANTLA-4.jpg 480w\" sizes=\"auto, (max-width: 460px) 100vw, 460px\" \/><\/a><p id=\"caption-attachment-422301\" class=\"wp-caption-text\">Tras la inauguraci\u00f3n, el alcalde Raciel P\u00e9rez Cruz exhort\u00f3 a los vecinos a cuidar las instalaciones.<\/p><\/div>\n<p>&nbsp;<\/p>\n<p><strong>Tlalnepantla, Estado de M\u00e9xico<\/strong>.- El presidente municipal, Raciel P\u00e9rez Cruz inaugur\u00f3 el Consultorio M\u00e9dico Perif\u00e9rico de San Lucas Tepetlacalco, que brindar\u00e1 atenci\u00f3n a los m\u00e1s de 5 mil 700 habitantes de esta colonia y de las comunidades aleda\u00f1as, como ex Hacienda de Santa M\u00f3nica, Magisterial Bellavista y Ampliaci\u00f3n San Lucas Tepetlacalco.<\/p>\n<p>El edil detall\u00f3 que se dar\u00e1n consultas generales, pl\u00e1ticas sobre prevenci\u00f3n de enfermedades, campa\u00f1as de vacunaci\u00f3n, medici\u00f3n de niveles de glucosa, colesterol y triglic\u00e9ridos, pruebas de VIH y ant\u00edgeno prost\u00e1tico, tomas de presi\u00f3n arterial y exploraci\u00f3n de mamas, adem\u00e1s se ofrecer\u00e1 atenci\u00f3n psicol\u00f3gica y nutricional, en un horario de 8:30 a 14:30 horas de lunes a viernes.<\/p>\n<p>Indic\u00f3 que gracias al trabajo conjunto de la Asociaci\u00f3n de Colonos, el Consejo de Participaci\u00f3n Ciudadana y la mesa directiva del mercado municipal de San Lucas, as\u00ed como la jurisdicci\u00f3n sanitaria, se pudo dar de nuevo funcionamiento a este inmueble, que desde hace 15 a\u00f1os qued\u00f3 fuera de servicio por falta de mantenimiento.<\/p>\n<p>Exhort\u00f3 a los vecinos a cuidar estas instalaciones, porque \u201cel gobierno municipal puede invertir en una obra, puede rescatar un espacio p\u00fablico, lo puede habilitar, pero si la ciudadan\u00eda no se lo apropia, no lo hace suyo, seguramente en una o dos semanas estar\u00e1 vandalizado y descuidado\u201d.<\/p>\n<p>Acompa\u00f1aron al Presidente Municipal, Jorge Garc\u00eda S\u00e1nchez, Diputado local; Lilian\u00a0 Rodr\u00edguez Soto, encargada del despacho del Instituto Municipal de Salud; Manuel Salazar Mendoza y Rom\u00e1n Garc\u00eda L\u00f3pez, presidentes de la Asociaci\u00f3n de Colonos y del Consejo de Participaci\u00f3n Ciudadana de esta comunidad, respectivamente; Jaime Carbajal Montes de Oca, Presidente de la Mesa Directiva del mercado municipal, as\u00ed como integrantes del cuerpo edilicio.<\/p>\n","protected":false},"excerpt":{"rendered":"<p>El presidente municipal, Raciel P\u00e9rez Cruz inaugur\u00f3 el Consultorio M\u00e9dico Perif\u00e9rico de San Lucas Tepetlacalco, que brindar\u00e1 atenci\u00f3n a los m\u00e1s de 5 mil 700 habitantes de esta colonia y de las comunidades aleda\u00f1as, como ex Hacienda de Santa M\u00f3nica, Magisterial Bellavista y Ampliaci\u00f3n San Lucas Tepetlacalco.<\/p>\n","protected":false},"author":3,"featured_media":422301,"comment_status":"open","ping_status":"open","sticky":false,"template":"","format":"standard","meta":{"_monsterinsights_skip_tracking":false,"_monsterinsights_sitenote_active":false,"_monsterinsights_sitenote_note":"","_monsterinsights_sitenote_category":0,"footnotes":""},"categories":[5],"tags":[43675,169],"class_list":["post-422221","post","type-post","status-publish","format-standard","has-post-thumbnail","hentry","category-estado-de-mexico","tag-estado-de-mexico","tag-tlalnepantla"],"_links":{"self":[{"href":"https:\/\/www.diarioimagen.net\/index.php?rest_route=\/wp\/v2\/posts\/422221","targetHints":{"allow":["GET"]}}],"collection":[{"href":"https:\/\/www.diarioimagen.net\/index.php?rest_route=\/wp\/v2\/posts"}],"about":[{"href":"https:\/\/www.diarioimagen.net\/index.php?rest_route=\/wp\/v2\/types\/post"}],"author":[{"embeddable":true,"href":"https:\/\/www.diarioimagen.net\/index.php?rest_route=\/wp\/v2\/users\/3"}],"replies":[{"embeddable":true,"href":"https:\/\/www.diarioimagen.net\/index.php?rest_route=%2Fwp%2Fv2%2Fcomments&post=422221"}],"version-history":[{"count":0,"href":"https:\/\/www.diarioimagen.net\/index.php?rest_route=\/wp\/v2\/posts\/422221\/revisions"}],"wp:featuredmedia":[{"embeddable":true,"href":"https:\/\/www.diarioimagen.net\/index.php?rest_route=\/wp\/v2\/media\/422301"}],"wp:attachment":[{"href":"https:\/\/www.diarioimagen.net\/index.php?rest_route=%2Fwp%2Fv2%2Fmedia&parent=422221"}],"wp:term":[{"taxonomy":"category","embeddable":true,"href":"https:\/\/www.diarioimagen.net\/index.php?rest_route=%2Fwp%2Fv2%2Fcategories&post=422221"},{"taxonomy":"post_tag","embeddable":true,"href":"https:\/\/www.diarioimagen.net\/index.php?rest_route=%2Fwp%2Fv2%2Ftags&post=422221"}],"curies":[{"name":"wp","href":"https:\/\/api.w.org\/{rel}","templated":true}]}}