{"id":422225,"date":"2019-04-04T00:07:01","date_gmt":"2019-04-04T06:07:01","guid":{"rendered":"https:\/\/www.diarioimagen.net\/?p=422225"},"modified":"2019-04-04T06:42:22","modified_gmt":"2019-04-04T12:42:22","slug":"tultitlan-aprueba-el-plan-de-desarrollo-municipal-2019-2021","status":"publish","type":"post","link":"https:\/\/www.diarioimagen.net\/?p=422225","title":{"rendered":"Tultitl\u00e1n aprueba el Plan de Desarrollo Municipal 2019-2021"},"content":{"rendered":"<p><a href=\"https:\/\/www.diarioimagen.net\/?attachment_id=422306\" rel=\"attachment wp-att-422306\"><img loading=\"lazy\" decoding=\"async\" class=\"aligncenter size-large wp-image-422306\" src=\"https:\/\/www.diarioimagen.net\/wp-content\/uploads\/2019\/04\/TULTITLAN-4-460x259.jpg\" alt=\"\" width=\"460\" height=\"259\" srcset=\"https:\/\/www.diarioimagen.net\/wp-content\/uploads\/2019\/04\/TULTITLAN-4-460x259.jpg 460w, https:\/\/www.diarioimagen.net\/wp-content\/uploads\/2019\/04\/TULTITLAN-4-240x135.jpg 240w, https:\/\/www.diarioimagen.net\/wp-content\/uploads\/2019\/04\/TULTITLAN-4-235x132.jpg 235w, https:\/\/www.diarioimagen.net\/wp-content\/uploads\/2019\/04\/TULTITLAN-4-202x114.jpg 202w, https:\/\/www.diarioimagen.net\/wp-content\/uploads\/2019\/04\/TULTITLAN-4-350x196.jpg 350w, https:\/\/www.diarioimagen.net\/wp-content\/uploads\/2019\/04\/TULTITLAN-4-220x123.jpg 220w, https:\/\/www.diarioimagen.net\/wp-content\/uploads\/2019\/04\/TULTITLAN-4-237x132.jpg 237w, https:\/\/www.diarioimagen.net\/wp-content\/uploads\/2019\/04\/TULTITLAN-4.jpg 480w\" sizes=\"auto, (max-width: 460px) 100vw, 460px\" \/><\/a><\/p>\n<p>&nbsp;<\/p>\n<p><strong>Tultitl\u00e1n, Estado de M\u00e9xico<\/strong><strong>.- <\/strong>El gobierno local, encabezado por la alcaldesa Elena Garc\u00eda Mart\u00ednez, en coordinaci\u00f3n con el cuerpo edilicio, aprobaron el Plan de Desarrollo Municipal 2019-2021, en el que se establecen 4 pilares, 3 ejes transversales, objetivos espec\u00edficos y l\u00edneas de acci\u00f3n que entrar\u00e1n en operaci\u00f3n durante la actual gesti\u00f3n.<\/p>\n<p>Dicho documento fue aprobado durante sesi\u00f3n de cabildo y a trav\u00e9s del Comit\u00e9 de Planeaci\u00f3n Municipal (COPLADEMUN), que tiene como objetivo establecer los par\u00e1metros para el ejercicio de la administraci\u00f3n p\u00fablica, el cual tiene la facultad de la toma de decisiones de las distintas dependencias que la conforman para atender y dar soluci\u00f3n a las demandas en servicios, desarrollo social, ambiental, econ\u00f3mico y de seguridad, establecidos en la agenda 2030 para el beneficio de las familias tultitlenses.<\/p>\n","protected":false},"excerpt":{"rendered":"<p>El gobierno local, encabezado por la alcaldesa Elena Garc\u00eda Mart\u00ednez, en coordinaci\u00f3n con el cuerpo edilicio, aprobaron el Plan de Desarrollo Municipal 2019-2021, en el que se establecen 4 pilares, 3 ejes transversales, objetivos espec\u00edficos y l\u00edneas de acci\u00f3n que entrar\u00e1n en operaci\u00f3n durante la actual gesti\u00f3n.<\/p>\n","protected":false},"author":3,"featured_media":422306,"comment_status":"open","ping_status":"open","sticky":false,"template":"","format":"standard","meta":{"_monsterinsights_skip_tracking":false,"_monsterinsights_sitenote_active":false,"_monsterinsights_sitenote_note":"","_monsterinsights_sitenote_category":0,"footnotes":""},"categories":[35155],"tags":[43675,578],"class_list":["post-422225","post","type-post","status-publish","format-standard","has-post-thumbnail","hentry","category-estado-de-mexico-estado-de-mexico","tag-estado-de-mexico","tag-tultitlan"],"_links":{"self":[{"href":"https:\/\/www.diarioimagen.net\/index.php?rest_route=\/wp\/v2\/posts\/422225","targetHints":{"allow":["GET"]}}],"collection":[{"href":"https:\/\/www.diarioimagen.net\/index.php?rest_route=\/wp\/v2\/posts"}],"about":[{"href":"https:\/\/www.diarioimagen.net\/index.php?rest_route=\/wp\/v2\/types\/post"}],"author":[{"embeddable":true,"href":"https:\/\/www.diarioimagen.net\/index.php?rest_route=\/wp\/v2\/users\/3"}],"replies":[{"embeddable":true,"href":"https:\/\/www.diarioimagen.net\/index.php?rest_route=%2Fwp%2Fv2%2Fcomments&post=422225"}],"version-history":[{"count":0,"href":"https:\/\/www.diarioimagen.net\/index.php?rest_route=\/wp\/v2\/posts\/422225\/revisions"}],"wp:featuredmedia":[{"embeddable":true,"href":"https:\/\/www.diarioimagen.net\/index.php?rest_route=\/wp\/v2\/media\/422306"}],"wp:attachment":[{"href":"https:\/\/www.diarioimagen.net\/index.php?rest_route=%2Fwp%2Fv2%2Fmedia&parent=422225"}],"wp:term":[{"taxonomy":"category","embeddable":true,"href":"https:\/\/www.diarioimagen.net\/index.php?rest_route=%2Fwp%2Fv2%2Fcategories&post=422225"},{"taxonomy":"post_tag","embeddable":true,"href":"https:\/\/www.diarioimagen.net\/index.php?rest_route=%2Fwp%2Fv2%2Ftags&post=422225"}],"curies":[{"name":"wp","href":"https:\/\/api.w.org\/{rel}","templated":true}]}}