{"id":422227,"date":"2019-04-04T00:06:10","date_gmt":"2019-04-04T06:06:10","guid":{"rendered":"https:\/\/www.diarioimagen.net\/?p=422227"},"modified":"2019-04-04T06:43:17","modified_gmt":"2019-04-04T12:43:17","slug":"fomentan-en-huixquilucan-la-cultura-de-proteccion-civil-con-cursos-en-escuelas","status":"publish","type":"post","link":"https:\/\/www.diarioimagen.net\/?p=422227","title":{"rendered":"Fomentan en Huixquilucan la cultura de protecci\u00f3n civil con cursos en escuelas"},"content":{"rendered":"<ul>\n<li><strong><em>Bomberos capacitan a voluntarios<\/em><\/strong><\/li>\n<\/ul>\n<p>&nbsp;<\/p>\n<div id=\"attachment_422309\" style=\"width: 470px\" class=\"wp-caption aligncenter\"><a href=\"https:\/\/www.diarioimagen.net\/?attachment_id=422309\" rel=\"attachment wp-att-422309\"><img loading=\"lazy\" decoding=\"async\" aria-describedby=\"caption-attachment-422309\" class=\"size-large wp-image-422309\" src=\"https:\/\/www.diarioimagen.net\/wp-content\/uploads\/2019\/04\/HUIXQUILUCAN-4-460x259.jpg\" alt=\"\" width=\"460\" height=\"259\" srcset=\"https:\/\/www.diarioimagen.net\/wp-content\/uploads\/2019\/04\/HUIXQUILUCAN-4-460x259.jpg 460w, https:\/\/www.diarioimagen.net\/wp-content\/uploads\/2019\/04\/HUIXQUILUCAN-4-240x135.jpg 240w, https:\/\/www.diarioimagen.net\/wp-content\/uploads\/2019\/04\/HUIXQUILUCAN-4-235x132.jpg 235w, https:\/\/www.diarioimagen.net\/wp-content\/uploads\/2019\/04\/HUIXQUILUCAN-4-202x114.jpg 202w, https:\/\/www.diarioimagen.net\/wp-content\/uploads\/2019\/04\/HUIXQUILUCAN-4-350x196.jpg 350w, https:\/\/www.diarioimagen.net\/wp-content\/uploads\/2019\/04\/HUIXQUILUCAN-4-220x123.jpg 220w, https:\/\/www.diarioimagen.net\/wp-content\/uploads\/2019\/04\/HUIXQUILUCAN-4-237x132.jpg 237w, https:\/\/www.diarioimagen.net\/wp-content\/uploads\/2019\/04\/HUIXQUILUCAN-4.jpg 480w\" sizes=\"auto, (max-width: 460px) 100vw, 460px\" \/><\/a><p id=\"caption-attachment-422309\" class=\"wp-caption-text\">Ricardo Gonz\u00e1lez, encargado de la Unidad de Capacitaci\u00f3n de Protecci\u00f3n Civil de Huixquilucan, detall\u00f3 que este curso se ha llevado a otras escuelas y oficinas del gobierno municipal.<\/p><\/div>\n<p>&nbsp;<\/p>\n<p><strong>Huixquilucan, Estado de M\u00e9xico<\/strong>.- El Cuerpo de Bomberos de Huixquilucan, imparti\u00f3 el curso de capacitaci\u00f3n a la brigada de Combate y Prevenci\u00f3n Incendios del Colegio Nacional de Educaci\u00f3n Profesional T\u00e9cnica (Conalep), como parte del apoyo a planteles educativos y elaboren su Programa Interno de Protecci\u00f3n Civil.<\/p>\n<p>Ricardo Gonz\u00e1lez, encargado de la Unidad de Capacitaci\u00f3n de Protecci\u00f3n Civil de Huixquilucan, detall\u00f3 que este curso se ha llevado a otras escuelas y oficinas del gobierno municipal, a fin de que las brigadas tengan los conocimientos necesarios para atender de manera adecuada alguna contingencia.<\/p>\n<p>Se trata dijo, de una capacitaci\u00f3n para la unidad interna de Protecci\u00f3n Civil, la cual tiene cuatro brigadas: Primeros Auxilios; B\u00fasqueda y Rescate; Evacuaci\u00f3n de inmuebles, as\u00ed como la de Combate y Prevenci\u00f3n de Incendios. Record\u00f3, que los estudiantes son un apoyo fundamental en la conformaci\u00f3n de las brigadas cuyo personal docente es quien las encabeza. Integrantes de los grupos internos, conocieron la forma de prevenir accidentes por fuego en la escuela, trabajo y hogar y en caso de registrarse saber c\u00f3mo actuar. Se dej\u00f3 en claro que ante cualquier emergencia, la Unidad Interna de Protecci\u00f3n Civil debe saber qu\u00e9 hacer en tanto llega el apoyo de los cuerpos de emergencia y con ello contribuir a salvar vidas<\/p>\n<p>Precis\u00f3, que hasta el momento se han capacitado a los brigadistas del Colegio de bachilleres 9, en Magdalena Chichicaspa y al ubicado en la colonia Loma del Carmen, en tanto que otras instituciones de nivel medio superior est\u00e1n pr\u00f3ximas a recibir el entrenamiento.<\/p>\n<p>El comandante de bomberos Carlos Res\u00e9ndiz Sol\u00eds, instruy\u00f3 a los asistentes en temas como tipos de fuego y de incendio, causas de incendio, materiales combustibles y flamantes, as\u00ed como la pr\u00e1ctica de apagar un cilindro de gas utilizando la vestimenta de los vulcanos.<\/p>\n<p>El encargado de la Unidad de Capacitaci\u00f3n de Protecci\u00f3n Civil de Huixquilucan, reiter\u00f3 que se realizan grandes esfuerzos en materia de prevenci\u00f3n y reducir los riesgos, tal y como ha sido la instrucci\u00f3n del presidente municipal Enrique Vargas del Villar.<\/p>\n","protected":false},"excerpt":{"rendered":"<p>El Cuerpo de Bomberos de Huixquilucan, imparti\u00f3 el curso de capacitaci\u00f3n a la brigada de Combate y Prevenci\u00f3n Incendios del Colegio Nacional de Educaci\u00f3n Profesional T\u00e9cnica (Conalep), como parte del apoyo a planteles educativos y elaboren su Programa Interno de Protecci\u00f3n Civil.<\/p>\n","protected":false},"author":3,"featured_media":422309,"comment_status":"open","ping_status":"open","sticky":false,"template":"","format":"standard","meta":{"_monsterinsights_skip_tracking":false,"_monsterinsights_sitenote_active":false,"_monsterinsights_sitenote_note":"","_monsterinsights_sitenote_category":0,"footnotes":""},"categories":[35155],"tags":[11151,43675,1097],"class_list":["post-422227","post","type-post","status-publish","format-standard","has-post-thumbnail","hentry","category-estado-de-mexico-estado-de-mexico","tag-cuerpo-de-bomberos","tag-estado-de-mexico","tag-huixquilucan"],"_links":{"self":[{"href":"https:\/\/www.diarioimagen.net\/index.php?rest_route=\/wp\/v2\/posts\/422227","targetHints":{"allow":["GET"]}}],"collection":[{"href":"https:\/\/www.diarioimagen.net\/index.php?rest_route=\/wp\/v2\/posts"}],"about":[{"href":"https:\/\/www.diarioimagen.net\/index.php?rest_route=\/wp\/v2\/types\/post"}],"author":[{"embeddable":true,"href":"https:\/\/www.diarioimagen.net\/index.php?rest_route=\/wp\/v2\/users\/3"}],"replies":[{"embeddable":true,"href":"https:\/\/www.diarioimagen.net\/index.php?rest_route=%2Fwp%2Fv2%2Fcomments&post=422227"}],"version-history":[{"count":0,"href":"https:\/\/www.diarioimagen.net\/index.php?rest_route=\/wp\/v2\/posts\/422227\/revisions"}],"wp:featuredmedia":[{"embeddable":true,"href":"https:\/\/www.diarioimagen.net\/index.php?rest_route=\/wp\/v2\/media\/422309"}],"wp:attachment":[{"href":"https:\/\/www.diarioimagen.net\/index.php?rest_route=%2Fwp%2Fv2%2Fmedia&parent=422227"}],"wp:term":[{"taxonomy":"category","embeddable":true,"href":"https:\/\/www.diarioimagen.net\/index.php?rest_route=%2Fwp%2Fv2%2Fcategories&post=422227"},{"taxonomy":"post_tag","embeddable":true,"href":"https:\/\/www.diarioimagen.net\/index.php?rest_route=%2Fwp%2Fv2%2Ftags&post=422227"}],"curies":[{"name":"wp","href":"https:\/\/api.w.org\/{rel}","templated":true}]}}