{"id":422343,"date":"2019-04-05T00:11:36","date_gmt":"2019-04-05T06:11:36","guid":{"rendered":"https:\/\/www.diarioimagen.net\/?p=422343"},"modified":"2019-04-04T23:35:09","modified_gmt":"2019-04-05T05:35:09","slug":"no-dejara-de-aplicarse-tamiz-neonatal-en-el-pais-salud","status":"publish","type":"post","link":"https:\/\/www.diarioimagen.net\/?p=422343","title":{"rendered":"No dejar\u00e1 de aplicarse tamiz neonatal en el pa\u00eds: Salud"},"content":{"rendered":"<ul>\n<li><em><strong>Se revisa el contrato con la empresa<\/strong><\/em><\/li>\n<li><em><strong>\u201cNo hay raz\u00f3n para que los estados interrumpan la atenci\u00f3n\u201d<\/strong><\/em><\/li>\n<\/ul>\n<p>&nbsp;<\/p>\n<div id=\"attachment_422344\" style=\"width: 470px\" class=\"wp-caption aligncenter\"><img loading=\"lazy\" decoding=\"async\" aria-describedby=\"caption-attachment-422344\" class=\"wp-image-422344 size-large\" src=\"https:\/\/www.diarioimagen.net\/wp-content\/uploads\/2019\/04\/tami-portal-460x268.jpg\" alt=\"\" width=\"460\" height=\"268\" srcset=\"https:\/\/www.diarioimagen.net\/wp-content\/uploads\/2019\/04\/tami-portal-460x268.jpg 460w, https:\/\/www.diarioimagen.net\/wp-content\/uploads\/2019\/04\/tami-portal-240x140.jpg 240w, https:\/\/www.diarioimagen.net\/wp-content\/uploads\/2019\/04\/tami-portal.jpg 480w\" sizes=\"auto, (max-width: 460px) 100vw, 460px\" \/><p id=\"caption-attachment-422344\" class=\"wp-caption-text\">La prueba de tamiz neonatal no se suspendi\u00f3 ni se suspender\u00e1, anuncua la Secretar\u00eda de Salud.<\/p><\/div>\n<p>&nbsp;<\/p>\n<p>La Secretar\u00eda de Salud asegr\u00f3 que la prueba de tamiz neonatal no se suspendi\u00f3 ni se suspender\u00e1 en el pa\u00eds. \u201cNunca se dio esa instrucci\u00f3n; nunca optamos por decir paren la aplicaci\u00f3n de esta prueba\u201d, aunque s\u00ed se revisa el contrato que el sistema de salud tiene con la empresa con la que se realiza este servicio, afirm\u00f3 Hugo L\u00f3pez-Gatell Ram\u00edrez.<\/p>\n<p>En conferencia de prensa, el subsecretario de Prevenci\u00f3n y Promoci\u00f3n de la Salud asegur\u00f3 tambi\u00e9n que \u201cno hay raz\u00f3n para que los estados interrumpan y si lo hacen es un incumplimiento\u201d, adem\u00e1s de que se\u00f1al\u00f3 que existe garantia financiera para seguir aplic\u00e1ndola.<\/p>\n<p>Inform\u00f3 que mantuvieron comunicaci\u00f3n con las autoridades de salud en todas las entidades federativas, y \u201cnos comentaron que nunca suspendieron el servicio, adem\u00e1s de que tiene la capacidad de continuar la operaci\u00f3n\u201d.<\/p>\n<p>Coment\u00f3 que en los casos de la Ciudad de M\u00e9xico, Guerrero, Morelos, Puebla, Quintana Roo y Veracruz, las autoridades, sin dejar de aplicar dicha prueba, solicitaron a la Secretar\u00eda de Salud coordinar un mecanismo de apoyo.<\/p>\n<p>Lo anterior, se\u00f1al\u00f3 el funcionario, para resolver la capacidad t\u00e9cnica y de solvencia financiera.<\/p>\n<p>Durante la conferencia en la que destac\u00f3 la importancia del tamiz neonatal, explic\u00f3 que en 2016 se abri\u00f3 una licitaci\u00f3n para elegir la empresa que realizar\u00eda esta prueba, la cual fue asignada a tres. Despu\u00e9s, en 2017, bajo este mismo esquema se realiz\u00f3 una nueva licitaci\u00f3n en donde las autoridades en turno decidieron otrogarla a una de esas tres empresas.<\/p>\n<p>En 2018 se adjudic\u00f3 de manera directa un contrato de 211 millones de pesos a la misma compa\u00f1\u00eda, por lo que determinaron analizar este proceso por indicios de presuntas malas pr\u00e1cticas ocurridas a nivel federal, por parte de la Secretaria de Salud del gobierno que estaba en turno.<\/p>\n<p>No obstante y enfatizando que no es posible parar la operaci\u00f3n de esa prueba a los reci\u00e9n nacidos, Hugo L\u00f3pez-Gatell Ram\u00edrez asegur\u00f3 que para este 2019, se garantiza el uso de 189 millones de pesos para solventar el gasto para la realizaci\u00f3n de pruebas de tamiz neonatal a nivel federal.<\/p>\n<p>Adelant\u00f3 que se abrir\u00e1 una licitaci\u00f3n para que una compa\u00f1\u00eda nueva realice el servicio, de agosto a diciembre del presente a\u00f1o, y coment\u00f3 que analizan la posibilidad de regresar al esquema que ven\u00eda operando de 1973 a 2016, en que el sistema de salud procuraba capacidad t\u00e9cnica y recursos humanos para realizarla en sus centros.<\/p>\n<p>\u201cDesde 1973 el sector p\u00fablico le hab\u00eda invertido a desarrollar capacidades t\u00e9cnicas para hacerlo, entrenar personal, asegurar calidad, estandarizar protocolos, utilizar la red nacional de laboratorios de salud p\u00fablica, cuya cabeza es el Instituto de Diagn\u00f3stico y Referencia Epidemiol\u00f3gicos (INDRE); esto en cuanto a Secretaria de Salud\u201d, se\u00f1al\u00f3.<\/p>\n<p>\u201cEn 2016 se opt\u00f3 por un servicio llamado integrador en donde se concedi\u00f3 a una empresa privada la facultad de hacer estas pruebas, eso llev\u00f3 desafortunadamente a que la parte institucional desmantel\u00f3 su capacidad de realizar este servicio\u201d.<\/p>\n","protected":false},"excerpt":{"rendered":"<p>La Secretar\u00eda de Salud asegr\u00f3 que la prueba de tamiz neonatal no se suspendi\u00f3 ni se suspender\u00e1 en el pa\u00eds. \u201cNunca se dio esa instrucci\u00f3n; nunca optamos por decir paren la aplicaci\u00f3n de esta prueba\u201d, aunque s\u00ed se revisa el contrato que el sistema de salud tiene con la empresa con la que se realiza este servicio, afirm\u00f3 Hugo L\u00f3pez-Gatell Ram\u00edrez.<\/p>\n","protected":false},"author":5,"featured_media":422344,"comment_status":"open","ping_status":"open","sticky":false,"template":"","format":"standard","meta":{"_monsterinsights_skip_tracking":false,"_monsterinsights_sitenote_active":false,"_monsterinsights_sitenote_note":"","_monsterinsights_sitenote_category":0,"footnotes":""},"categories":[877],"tags":[84240,84242,84241,43692,84266],"class_list":["post-422343","post","type-post","status-publish","format-standard","has-post-thumbnail","hentry","category-salud","tag-aplicarse-tamiz","tag-hugo-lopez-gatell-ramirez","tag-neonatal-en-el-pais","tag-salud","tag-tamiz"],"_links":{"self":[{"href":"https:\/\/www.diarioimagen.net\/index.php?rest_route=\/wp\/v2\/posts\/422343","targetHints":{"allow":["GET"]}}],"collection":[{"href":"https:\/\/www.diarioimagen.net\/index.php?rest_route=\/wp\/v2\/posts"}],"about":[{"href":"https:\/\/www.diarioimagen.net\/index.php?rest_route=\/wp\/v2\/types\/post"}],"author":[{"embeddable":true,"href":"https:\/\/www.diarioimagen.net\/index.php?rest_route=\/wp\/v2\/users\/5"}],"replies":[{"embeddable":true,"href":"https:\/\/www.diarioimagen.net\/index.php?rest_route=%2Fwp%2Fv2%2Fcomments&post=422343"}],"version-history":[{"count":0,"href":"https:\/\/www.diarioimagen.net\/index.php?rest_route=\/wp\/v2\/posts\/422343\/revisions"}],"wp:featuredmedia":[{"embeddable":true,"href":"https:\/\/www.diarioimagen.net\/index.php?rest_route=\/wp\/v2\/media\/422344"}],"wp:attachment":[{"href":"https:\/\/www.diarioimagen.net\/index.php?rest_route=%2Fwp%2Fv2%2Fmedia&parent=422343"}],"wp:term":[{"taxonomy":"category","embeddable":true,"href":"https:\/\/www.diarioimagen.net\/index.php?rest_route=%2Fwp%2Fv2%2Fcategories&post=422343"},{"taxonomy":"post_tag","embeddable":true,"href":"https:\/\/www.diarioimagen.net\/index.php?rest_route=%2Fwp%2Fv2%2Ftags&post=422343"}],"curies":[{"name":"wp","href":"https:\/\/api.w.org\/{rel}","templated":true}]}}