{"id":422379,"date":"2019-04-05T00:10:47","date_gmt":"2019-04-05T06:10:47","guid":{"rendered":"https:\/\/www.diarioimagen.net\/?p=422379"},"modified":"2019-04-05T03:01:45","modified_gmt":"2019-04-05T09:01:45","slug":"la-uaem-presidira-por-un-ano-mas-la-red-de-organismos-defensores-de-los-derechos-universitarios","status":"publish","type":"post","link":"https:\/\/www.diarioimagen.net\/?p=422379","title":{"rendered":"La UAEM presidir\u00e1 por un a\u00f1o m\u00e1s la Red de Organismos Defensores de los Derechos Universitarios"},"content":{"rendered":"<div id=\"attachment_422449\" style=\"width: 470px\" class=\"wp-caption aligncenter\"><a href=\"https:\/\/www.diarioimagen.net\/?attachment_id=422449\" target=\"_blank\" rel=\"attachment noopener wp-att-422449 noreferrer\"><img loading=\"lazy\" decoding=\"async\" aria-describedby=\"caption-attachment-422449\" class=\"size-large wp-image-422449\" src=\"https:\/\/www.diarioimagen.net\/wp-content\/uploads\/2019\/04\/UAEM-5-460x259.jpg\" alt=\"\" width=\"460\" height=\"259\" srcset=\"https:\/\/www.diarioimagen.net\/wp-content\/uploads\/2019\/04\/UAEM-5-460x259.jpg 460w, https:\/\/www.diarioimagen.net\/wp-content\/uploads\/2019\/04\/UAEM-5-240x135.jpg 240w, https:\/\/www.diarioimagen.net\/wp-content\/uploads\/2019\/04\/UAEM-5-235x132.jpg 235w, https:\/\/www.diarioimagen.net\/wp-content\/uploads\/2019\/04\/UAEM-5-202x114.jpg 202w, https:\/\/www.diarioimagen.net\/wp-content\/uploads\/2019\/04\/UAEM-5-350x196.jpg 350w, https:\/\/www.diarioimagen.net\/wp-content\/uploads\/2019\/04\/UAEM-5-220x123.jpg 220w, https:\/\/www.diarioimagen.net\/wp-content\/uploads\/2019\/04\/UAEM-5-237x132.jpg 237w, https:\/\/www.diarioimagen.net\/wp-content\/uploads\/2019\/04\/UAEM-5.jpg 480w\" sizes=\"auto, (max-width: 460px) 100vw, 460px\" \/><\/a><p id=\"caption-attachment-422449\" class=\"wp-caption-text\">El rector Alfredo Barrera Baca presidi\u00f3 la sesi\u00f3n ordinaria correspondiente al mes de marzo del H. Consejo Universitario.<\/p><\/div>\n<p>&nbsp;<\/p>\n<p><strong>Toluca, Estado de M\u00e9xico<\/strong>.\u2013 La Defensor\u00eda de los Derechos Universitarios de la Universidad Aut\u00f3noma del Estado de M\u00e9xico presidir\u00e1 por un a\u00f1o m\u00e1s la Red de Organismos Defensores de los Derechos Universitarios (REDDU), conformada por defensor\u00edas y procuradur\u00edas de los derechos universitarios de Australia, Brasil, Espa\u00f1a, El Salvador, Honduras M\u00e9xico, Panam\u00e1 y Per\u00fa.<\/p>\n<p>Al rendir su informe de labores en la sesi\u00f3n ordinaria correspondiente al mes de marzo del H. Consejo Universitario, presidida por el rector Alfredo Barrera Baca, la titular de la Defensor\u00eda de los Derechos Universitarios, Mar\u00eda del Carmen Gayt\u00e1n Brunet, destac\u00f3 que como parte de esta responsabilidad de talla internacional, la UAEM realiza actividades de extensi\u00f3n y vinculaci\u00f3n en los \u00e1mbitos nacional e internacional, en conjunto con los 56 organismos que conforman la Red.<\/p>\n<p>Subray\u00f3 la tendencia creciente de integrantes de la comunidad verde y oro para informarse con respecto a sus derechos y obligaciones, as\u00ed como el exponencial inter\u00e9s de las autoridades universitarias, que realizan acciones para prevenir casos de violaci\u00f3n a los derechos.<\/p>\n<p>Ante el pleno del m\u00e1ximo \u00f3rgano de gobierno de la UAEM, Gayt\u00e1n Brunet abund\u00f3 que en el periodo que se informa se llevaron a cabo 45 sesiones plenarias ordinarias y ocho de car\u00e1cter extraordinaria; asimismo, enfatiz\u00f3 la disminuci\u00f3n de los tiempos de resoluci\u00f3n y que se favorece la mediaci\u00f3n y conciliaci\u00f3n.<\/p>\n<p>Refiri\u00f3 que la Defensor\u00eda de los Derechos Universitarios de la UAEM llev\u00f3 a cabo 40 jornadas de difusi\u00f3n para alumnos de nivel medio superior y superior de 35 espacios acad\u00e9micos, en beneficio de un total de dos mil 716 j\u00f3venes. De la misma manera, 452 docentes fueron beneficiados con las 22 charlas que ofreci\u00f3 este organismo en el mismo n\u00famero de espacios universitarios. El \u00f3rgano garante de los derechos universitarios en la Aut\u00f3noma mexiquense tiene como mandato visibilizar lo invisible, escuchar lo inaudible y franquear lo inexpugnable, a trav\u00e9s del fomento de la cultura de la paz, la legalidad y la denuncia formal, sostuvo Mar\u00eda del Carmen Gayt\u00e1n Brunet.<\/p>\n","protected":false},"excerpt":{"rendered":"<p>La Defensor\u00eda de los Derechos Universitarios de la Universidad Aut\u00f3noma del Estado de M\u00e9xico presidir\u00e1 por un a\u00f1o m\u00e1s la Red de Organismos Defensores de los Derechos Universitarios (REDDU), conformada por defensor\u00edas y procuradur\u00edas de los derechos universitarios de Australia, Brasil, Espa\u00f1a, El Salvador, Honduras M\u00e9xico, Panam\u00e1 y Per\u00fa.\u00a0<\/p>\n","protected":false},"author":3,"featured_media":422449,"comment_status":"open","ping_status":"open","sticky":false,"template":"","format":"standard","meta":{"_monsterinsights_skip_tracking":false,"_monsterinsights_sitenote_active":false,"_monsterinsights_sitenote_note":"","_monsterinsights_sitenote_category":0,"footnotes":""},"categories":[5],"tags":[58572,43675,9934,452,1491],"class_list":["post-422379","post","type-post","status-publish","format-standard","has-post-thumbnail","hentry","category-estado-de-mexico","tag-alfredo-barrera-baca","tag-estado-de-mexico","tag-red","tag-toluca","tag-uaem"],"_links":{"self":[{"href":"https:\/\/www.diarioimagen.net\/index.php?rest_route=\/wp\/v2\/posts\/422379","targetHints":{"allow":["GET"]}}],"collection":[{"href":"https:\/\/www.diarioimagen.net\/index.php?rest_route=\/wp\/v2\/posts"}],"about":[{"href":"https:\/\/www.diarioimagen.net\/index.php?rest_route=\/wp\/v2\/types\/post"}],"author":[{"embeddable":true,"href":"https:\/\/www.diarioimagen.net\/index.php?rest_route=\/wp\/v2\/users\/3"}],"replies":[{"embeddable":true,"href":"https:\/\/www.diarioimagen.net\/index.php?rest_route=%2Fwp%2Fv2%2Fcomments&post=422379"}],"version-history":[{"count":0,"href":"https:\/\/www.diarioimagen.net\/index.php?rest_route=\/wp\/v2\/posts\/422379\/revisions"}],"wp:featuredmedia":[{"embeddable":true,"href":"https:\/\/www.diarioimagen.net\/index.php?rest_route=\/wp\/v2\/media\/422449"}],"wp:attachment":[{"href":"https:\/\/www.diarioimagen.net\/index.php?rest_route=%2Fwp%2Fv2%2Fmedia&parent=422379"}],"wp:term":[{"taxonomy":"category","embeddable":true,"href":"https:\/\/www.diarioimagen.net\/index.php?rest_route=%2Fwp%2Fv2%2Fcategories&post=422379"},{"taxonomy":"post_tag","embeddable":true,"href":"https:\/\/www.diarioimagen.net\/index.php?rest_route=%2Fwp%2Fv2%2Ftags&post=422379"}],"curies":[{"name":"wp","href":"https:\/\/api.w.org\/{rel}","templated":true}]}}