{"id":422387,"date":"2019-04-05T00:11:13","date_gmt":"2019-04-05T06:11:13","guid":{"rendered":"https:\/\/www.diarioimagen.net\/?p=422387"},"modified":"2019-04-05T03:03:04","modified_gmt":"2019-04-05T09:03:04","slug":"rehabilitan-rutas-en-las-zonas-aledanas-al-popocatepetl","status":"publish","type":"post","link":"https:\/\/www.diarioimagen.net\/?p=422387","title":{"rendered":"Rehabilitan rutas en las zonas aleda\u00f1as al Popocat\u00e9petl"},"content":{"rendered":"<h2>Arco Norte<\/h2>\n<h5>Jos\u00e9 Luis Monta\u00f1ez Aguilar<\/h5>\n<p>&nbsp;<\/p>\n<p><a href=\"https:\/\/www.diarioimagen.net\/?attachment_id=422453\" rel=\"attachment wp-att-422453\"><img loading=\"lazy\" decoding=\"async\" class=\"aligncenter size-large wp-image-422453\" src=\"https:\/\/www.diarioimagen.net\/wp-content\/uploads\/2019\/04\/arco-1-460x259.jpg\" alt=\"\" width=\"460\" height=\"259\" srcset=\"https:\/\/www.diarioimagen.net\/wp-content\/uploads\/2019\/04\/arco-1-460x259.jpg 460w, https:\/\/www.diarioimagen.net\/wp-content\/uploads\/2019\/04\/arco-1-240x135.jpg 240w, https:\/\/www.diarioimagen.net\/wp-content\/uploads\/2019\/04\/arco-1-235x132.jpg 235w, https:\/\/www.diarioimagen.net\/wp-content\/uploads\/2019\/04\/arco-1-202x114.jpg 202w, https:\/\/www.diarioimagen.net\/wp-content\/uploads\/2019\/04\/arco-1-350x196.jpg 350w, https:\/\/www.diarioimagen.net\/wp-content\/uploads\/2019\/04\/arco-1-220x123.jpg 220w, https:\/\/www.diarioimagen.net\/wp-content\/uploads\/2019\/04\/arco-1-237x132.jpg 237w, https:\/\/www.diarioimagen.net\/wp-content\/uploads\/2019\/04\/arco-1.jpg 480w\" sizes=\"auto, (max-width: 460px) 100vw, 460px\" \/><\/a><\/p>\n<p>&nbsp;<\/p>\n<p>En cumplimiento con las acciones de prevenci\u00f3n por la contingencia volc\u00e1nica debido a la actividad del Popocat\u00e9petl, la Junta de Caminos del Estado de M\u00e9xico mantiene los trabajos de conservaci\u00f3n de v\u00edas y rutas de evacuaci\u00f3n en las zonas aleda\u00f1as a este coloso.<\/p>\n<p>La Junta de Caminos del Estado de M\u00e9xico inform\u00f3 que se han mantenido los trabajos de conservaci\u00f3n, limpieza en general de zonas laterales de los caminos, desazolve de alcantarillas, divisi\u00f3n de carriles y se\u00f1alizaci\u00f3n preventiva, para evitar percances que pudieran afectar la eficiente operaci\u00f3n de las mismas durante una probable contingencia.<\/p>\n<p>De igual forma, contin\u00faan los trabajos de bacheo, aplicaci\u00f3n de mezcla asf\u00e1ltica y trabajos de limpieza en general en los tramos de las carreteras M\u00e9xico-Cuautla, Atlautla-San Juan Tehuixtitl\u00e1n, Juchitepec-Tepetlixpa, Ozumba-Mamalhuazuca-Tlal\u00e1mac, Tlacotitl\u00e1n-E.C.<\/p>\n<p>(M\u00e9xico-Cuautla), San Juan Tepecoculco (Km 6.0 de la carretera Ozumba-Ecatzingo), Ozumba-Ecatzingo-Tlacotompa y Tlacotompa-Texcala, que pertenecen a la red carretera estatal.<\/p>\n<p>Asimismo, y en atenci\u00f3n a las instrucciones del gobernador Alfredo Del Maza, la Junta de Caminos Local se mantiene en permanente comunicaci\u00f3n con la Coordinaci\u00f3n General de Protecci\u00f3n Civil estatal.<\/p>\n<p style=\"text-align: center;\"><strong>Permanece sem\u00e1foro en amarillo fase 3<\/strong><\/p>\n<p>\u00a0En las \u00faltimas 24 horas, por medio de los sistemas de monitoreo del volc\u00e1n Popocat\u00e9petl, se identificaron 44 exhalaciones acompa\u00f1adas de vapor de agua y gases volc\u00e1nicos.<\/p>\n<p>Adem\u00e1s, ayer a las 20:14 y 22:01 horas, se registraron dos sismos volcanotect\u00f3nicos, con magnitud calculada de 2.2 y 2.1, respectivamente.<\/p>\n<p>Asimismo se registraron segmentos de tremor de baja amplitud, que en total suman 195 minutos, con estos eventos se observ\u00f3 la emisi\u00f3n de gases y ligeras cantidades de ceniza que se dispersaron principalmente al este-noreste.<\/p>\n<p>Durante la noche se observ\u00f3 incandescencia sobre el cr\u00e1ter.<\/p>\n<p>El Cenapred exhorta a NO ACERCARSE al volc\u00e1n ni al cr\u00e1ter, por el peligro que implica la ca\u00edda de fragmentos bal\u00edsticos y, en caso de lluvias fuertes, alejarse de los fondos de barrancas por el peligro de flujos de lodo y escombro.<\/p>\n<p>El Sem\u00e1foro de Alerta Volc\u00e1nica del Popocat\u00e9petl contin\u00faa en AMARILLO FASE 3.<\/p>\n<p><em><a href=\"mailto:montanezaguilar@gmail.com\" target=\"_blank\" rel=\"noopener noreferrer\">montanezaguilar@gmail.com<\/a><\/em><\/p>\n","protected":false},"excerpt":{"rendered":"<p><span style=\"color: #005497;\">Jos\u00e9 Luis Monta\u00f1ez Aguilar<\/span><br \/>\n<br \/>\nEn cumplimiento con las acciones de prevenci\u00f3n por la contingencia volc\u00e1nica debido a la actividad del Popocat\u00e9petl, la Junta de Caminos del Estado de M\u00e9xico mantiene los trabajos de conservaci\u00f3n de v\u00edas y rutas de evacuaci\u00f3n en las zonas aleda\u00f1as a este coloso.<\/p>\n","protected":false},"author":3,"featured_media":422453,"comment_status":"open","ping_status":"open","sticky":false,"template":"","format":"standard","meta":{"_monsterinsights_skip_tracking":false,"_monsterinsights_sitenote_active":false,"_monsterinsights_sitenote_note":"","_monsterinsights_sitenote_category":0,"footnotes":""},"categories":[5],"tags":[13284,43704,43674,5048],"class_list":["post-422387","post","type-post","status-publish","format-standard","has-post-thumbnail","hentry","category-estado-de-mexico","tag-arco-norte","tag-jose-luis-montanez-aguilar","tag-opinion","tag-popocatepetl"],"_links":{"self":[{"href":"https:\/\/www.diarioimagen.net\/index.php?rest_route=\/wp\/v2\/posts\/422387","targetHints":{"allow":["GET"]}}],"collection":[{"href":"https:\/\/www.diarioimagen.net\/index.php?rest_route=\/wp\/v2\/posts"}],"about":[{"href":"https:\/\/www.diarioimagen.net\/index.php?rest_route=\/wp\/v2\/types\/post"}],"author":[{"embeddable":true,"href":"https:\/\/www.diarioimagen.net\/index.php?rest_route=\/wp\/v2\/users\/3"}],"replies":[{"embeddable":true,"href":"https:\/\/www.diarioimagen.net\/index.php?rest_route=%2Fwp%2Fv2%2Fcomments&post=422387"}],"version-history":[{"count":0,"href":"https:\/\/www.diarioimagen.net\/index.php?rest_route=\/wp\/v2\/posts\/422387\/revisions"}],"wp:featuredmedia":[{"embeddable":true,"href":"https:\/\/www.diarioimagen.net\/index.php?rest_route=\/wp\/v2\/media\/422453"}],"wp:attachment":[{"href":"https:\/\/www.diarioimagen.net\/index.php?rest_route=%2Fwp%2Fv2%2Fmedia&parent=422387"}],"wp:term":[{"taxonomy":"category","embeddable":true,"href":"https:\/\/www.diarioimagen.net\/index.php?rest_route=%2Fwp%2Fv2%2Fcategories&post=422387"},{"taxonomy":"post_tag","embeddable":true,"href":"https:\/\/www.diarioimagen.net\/index.php?rest_route=%2Fwp%2Fv2%2Ftags&post=422387"}],"curies":[{"name":"wp","href":"https:\/\/api.w.org\/{rel}","templated":true}]}}