{"id":422424,"date":"2019-04-05T00:09:09","date_gmt":"2019-04-05T06:09:09","guid":{"rendered":"https:\/\/www.diarioimagen.net\/?p=422424"},"modified":"2019-04-05T03:49:40","modified_gmt":"2019-04-05T09:49:40","slug":"inicia-colecta-de-la-cruz-roja-en-huixquilucan-aportan-funcionarios","status":"publish","type":"post","link":"https:\/\/www.diarioimagen.net\/?p=422424","title":{"rendered":"Inicia colecta de la Cruz Roja en Huixquilucan; aportan funcionarios"},"content":{"rendered":"<ul>\n<li><strong><em>Ayuntamiento entrega 300 mil pesos de empleados<\/em><\/strong><\/li>\n<\/ul>\n<p>&nbsp;<\/p>\n<div id=\"attachment_422493\" style=\"width: 470px\" class=\"wp-caption aligncenter\"><a href=\"https:\/\/www.diarioimagen.net\/?attachment_id=422493\" rel=\"attachment wp-att-422493\"><img loading=\"lazy\" decoding=\"async\" aria-describedby=\"caption-attachment-422493\" class=\"size-large wp-image-422493\" src=\"https:\/\/www.diarioimagen.net\/wp-content\/uploads\/2019\/04\/HUIXQUILUCAN-5-460x259.jpg\" alt=\"\" width=\"460\" height=\"259\" srcset=\"https:\/\/www.diarioimagen.net\/wp-content\/uploads\/2019\/04\/HUIXQUILUCAN-5-460x259.jpg 460w, https:\/\/www.diarioimagen.net\/wp-content\/uploads\/2019\/04\/HUIXQUILUCAN-5-240x135.jpg 240w, https:\/\/www.diarioimagen.net\/wp-content\/uploads\/2019\/04\/HUIXQUILUCAN-5-235x132.jpg 235w, https:\/\/www.diarioimagen.net\/wp-content\/uploads\/2019\/04\/HUIXQUILUCAN-5-202x114.jpg 202w, https:\/\/www.diarioimagen.net\/wp-content\/uploads\/2019\/04\/HUIXQUILUCAN-5-350x196.jpg 350w, https:\/\/www.diarioimagen.net\/wp-content\/uploads\/2019\/04\/HUIXQUILUCAN-5-220x123.jpg 220w, https:\/\/www.diarioimagen.net\/wp-content\/uploads\/2019\/04\/HUIXQUILUCAN-5-237x132.jpg 237w, https:\/\/www.diarioimagen.net\/wp-content\/uploads\/2019\/04\/HUIXQUILUCAN-5.jpg 480w\" sizes=\"auto, (max-width: 460px) 100vw, 460px\" \/><\/a><p id=\"caption-attachment-422493\" class=\"wp-caption-text\">El delegado de la Cruz Roja en el Estado de M\u00e9xico, Jorge Forastieri Mu\u00f1oz, precis\u00f3 que el lema de la campa\u00f1a es \u201cLa Cruz Roja te llama\u201d, y se tiene como meta rebasar la cantidad que se recaud\u00f3 en el 2018.<\/p><\/div>\n<p>&nbsp;<\/p>\n<p><strong>Huixquilucan, Estado de M\u00e9xico<\/strong>.- La colecta de la Cruz Roja 2019 inici\u00f3 en Huixquilucan, con la aportaci\u00f3n de 300 mil pesos por parte del gobierno municipal encabezado por Enrique Vargas del Villar y 100 mil m\u00e1s, como donaci\u00f3n de la familia del alcalde.<\/p>\n<p>Teniendo como meta para este a\u00f1o, 1.5 millones de pesos, Vargas del Villar se comprometi\u00f3 a enfocar esfuerzos desde distintos frentes para que la Benem\u00e9rita Instituci\u00f3n alcance esta cifra.<\/p>\n<p>Asimismo, el edil de Huixquilucan hizo un reconocimiento a los param\u00e9dicos y personal voluntario, que todos los d\u00edas trabajan en pro de la gente, principalmente en circunstancias adversas como desastres naturales y accidentes.<\/p>\n<p>El delegado de la Cruz Roja en el Estado de M\u00e9xico, Jorge Forastieri Mu\u00f1oz, precis\u00f3 que este a\u00f1o el lema de la campa\u00f1a es \u201cLa Cruz Roja te llama\u201d, en la que se tiene como meta recaudar m\u00e1s que el a\u00f1o pasado en todo el pa\u00eds.<\/p>\n<p>Tras agradecer el apoyo permanente del presidente municipal, Enrique Vargas del Villar y su esposa Romina Contreras Carrasco, inform\u00f3 que en el caso de Huixquilucan, los trabajos de la colecta lo realizar\u00e1n 40 voluntarios debidamente identificados y se distribuir\u00e1n 150 alcanc\u00edas.<\/p>\n<p>Precis\u00f3 que la Cruz Roja adem\u00e1s de atender situaciones de emergencia, cuenta con los servicios de consulta m\u00e9dica, capacitaci\u00f3n, cursos a empresas y gobierno, as\u00ed como el traslado en ambulancia, servicios por los cuales \u00fanicamente se solicita una cuota de recuperaci\u00f3n.<\/p>\n<p>El menor Santiago, en representaci\u00f3n de los j\u00f3venes voluntarios, asegur\u00f3 que su trabajo es de enorme satisfacci\u00f3n, ya que ayudar es el \u00fanico objetivo de la Cruz Roja.<\/p>\n<p>La campa\u00f1a de ayuda a la Benem\u00e9rita Instituci\u00f3n, concluye el 31 de mayo pr\u00f3ximo.<\/p>\n","protected":false},"excerpt":{"rendered":"<p>La colecta de la Cruz Roja 2019 inici\u00f3 en Huixquilucan, con la aportaci\u00f3n de 300 mil pesos por parte del gobierno municipal encabezado por Enrique Vargas del Villar y 100 mil m\u00e1s, como donaci\u00f3n de la familia del alcalde.<\/p>\n","protected":false},"author":3,"featured_media":422493,"comment_status":"open","ping_status":"open","sticky":false,"template":"","format":"standard","meta":{"_monsterinsights_skip_tracking":false,"_monsterinsights_sitenote_active":false,"_monsterinsights_sitenote_note":"","_monsterinsights_sitenote_category":0,"footnotes":""},"categories":[35155],"tags":[84268,919,43675,10491,1097],"class_list":["post-422424","post","type-post","status-publish","format-standard","has-post-thumbnail","hentry","category-estado-de-mexico-estado-de-mexico","tag-aprtaciones","tag-cruz-roja","tag-estado-de-mexico","tag-funcionarios","tag-huixquilucan"],"_links":{"self":[{"href":"https:\/\/www.diarioimagen.net\/index.php?rest_route=\/wp\/v2\/posts\/422424","targetHints":{"allow":["GET"]}}],"collection":[{"href":"https:\/\/www.diarioimagen.net\/index.php?rest_route=\/wp\/v2\/posts"}],"about":[{"href":"https:\/\/www.diarioimagen.net\/index.php?rest_route=\/wp\/v2\/types\/post"}],"author":[{"embeddable":true,"href":"https:\/\/www.diarioimagen.net\/index.php?rest_route=\/wp\/v2\/users\/3"}],"replies":[{"embeddable":true,"href":"https:\/\/www.diarioimagen.net\/index.php?rest_route=%2Fwp%2Fv2%2Fcomments&post=422424"}],"version-history":[{"count":0,"href":"https:\/\/www.diarioimagen.net\/index.php?rest_route=\/wp\/v2\/posts\/422424\/revisions"}],"wp:featuredmedia":[{"embeddable":true,"href":"https:\/\/www.diarioimagen.net\/index.php?rest_route=\/wp\/v2\/media\/422493"}],"wp:attachment":[{"href":"https:\/\/www.diarioimagen.net\/index.php?rest_route=%2Fwp%2Fv2%2Fmedia&parent=422424"}],"wp:term":[{"taxonomy":"category","embeddable":true,"href":"https:\/\/www.diarioimagen.net\/index.php?rest_route=%2Fwp%2Fv2%2Fcategories&post=422424"},{"taxonomy":"post_tag","embeddable":true,"href":"https:\/\/www.diarioimagen.net\/index.php?rest_route=%2Fwp%2Fv2%2Ftags&post=422424"}],"curies":[{"name":"wp","href":"https:\/\/api.w.org\/{rel}","templated":true}]}}