{"id":422426,"date":"2019-04-05T00:08:53","date_gmt":"2019-04-05T06:08:53","guid":{"rendered":"https:\/\/www.diarioimagen.net\/?p=422426"},"modified":"2019-04-05T03:51:09","modified_gmt":"2019-04-05T09:51:09","slug":"conviven-visitantes-y-vecinos-con-el-arte-sobre-ruedas-en-cuautitlan","status":"publish","type":"post","link":"https:\/\/www.diarioimagen.net\/?p=422426","title":{"rendered":"Conviven visitantes y vecinos con el arte sobre ruedas en Cuautitl\u00e1n"},"content":{"rendered":"<ul>\n<li><strong><em>La decoraci\u00f3n de autom\u00f3viles, g\u00e9nero art\u00edstico de moda<\/em><\/strong><\/li>\n<\/ul>\n<p>&nbsp;<\/p>\n<div id=\"attachment_422496\" style=\"width: 470px\" class=\"wp-caption aligncenter\"><a href=\"https:\/\/www.diarioimagen.net\/?attachment_id=422496\" rel=\"attachment wp-att-422496\"><img loading=\"lazy\" decoding=\"async\" aria-describedby=\"caption-attachment-422496\" class=\"size-large wp-image-422496\" src=\"https:\/\/www.diarioimagen.net\/wp-content\/uploads\/2019\/04\/CUAUTITLAN-5-460x259.jpg\" alt=\"\" width=\"460\" height=\"259\" srcset=\"https:\/\/www.diarioimagen.net\/wp-content\/uploads\/2019\/04\/CUAUTITLAN-5-460x259.jpg 460w, https:\/\/www.diarioimagen.net\/wp-content\/uploads\/2019\/04\/CUAUTITLAN-5-240x135.jpg 240w, https:\/\/www.diarioimagen.net\/wp-content\/uploads\/2019\/04\/CUAUTITLAN-5-235x132.jpg 235w, https:\/\/www.diarioimagen.net\/wp-content\/uploads\/2019\/04\/CUAUTITLAN-5-202x114.jpg 202w, https:\/\/www.diarioimagen.net\/wp-content\/uploads\/2019\/04\/CUAUTITLAN-5-350x196.jpg 350w, https:\/\/www.diarioimagen.net\/wp-content\/uploads\/2019\/04\/CUAUTITLAN-5-220x123.jpg 220w, https:\/\/www.diarioimagen.net\/wp-content\/uploads\/2019\/04\/CUAUTITLAN-5-237x132.jpg 237w, https:\/\/www.diarioimagen.net\/wp-content\/uploads\/2019\/04\/CUAUTITLAN-5.jpg 480w\" sizes=\"auto, (max-width: 460px) 100vw, 460px\" \/><\/a><p id=\"caption-attachment-422496\" class=\"wp-caption-text\">Los asistentes apreciaron a dos \u201cvochos\u201d prehisp\u00e1nicos que est\u00e1n decorados con piedras preciosas y con motivos mayas y teotihuacanos, que han recorrido diversos pa\u00edses, as\u00ed como 50 autos cl\u00e1sicos y de colecci\u00f3n.<\/p><\/div>\n<p>&nbsp;<\/p>\n<p><strong>Cuautitl\u00e1n, Estado de M\u00e9xico<\/strong>.- Con la presentaci\u00f3n de autos cl\u00e1sicos y m\u00fasica de rock en un ambiente familiar, m\u00e1s de 3 mil personas acudieron al jard\u00edn principal para apreciar la exhibici\u00f3n \u201cArte Sobre Ruedas\u201d, evento organizado por el gobierno local, a trav\u00e9s del Instituto Municipal de Cultura y Vestigios Arqueol\u00f3gicos, con la asistencia de clubes de autos.<\/p>\n<p>Al inicio de este evento el presidente municipal, Ariel Ju\u00e1rez Rodr\u00edguez, destac\u00f3 que promover la convivencia de las familias a trav\u00e9s de eventos culturales y art\u00edsticos es parte de las acciones que la administraci\u00f3n lleva a todas las comunidades de forma programada.<\/p>\n<p>La necesidad de atender a toda la poblaci\u00f3n con\u00a0 atractivos y de calidad que hab\u00edan sido olvidados, hoy nos permiten formar una identidad propia, donde las tradiciones, sitios arqueol\u00f3gicos e hist\u00f3ricos sean conocidos y visitados por los mismos vecinos y que fortalezcan parte de los valores que todos tenemos presentes, destac\u00f3 Ju\u00e1rez Rodr\u00edguez ante vecinos y visitantes.<\/p>\n<p>Los asistentes apreciaron a dos \u201cvochos\u201d prehisp\u00e1nicos que est\u00e1n decorados con piedras preciosas y con motivos mayas y teotihuacanos, que han recorrido diversos pa\u00edses, as\u00ed como 50 autos cl\u00e1sicos y de colecci\u00f3n que fueron de gran inter\u00e9s para los paseantes.<\/p>\n<p>Adem\u00e1s, se presentaron 5 bandas de m\u00fasica de rock, ska y blues, en las que se enmarc\u00f3 este evento que fue gratuito para todo el p\u00fablico y con el cual se da seguimiento a una serie de actividades realizadas como el EnamorArte, y el primer Festival de Folklor Nacional que se vienen realizando.<\/p>\n<p>El jard\u00edn principal como primer cuadro del municipio, se ha convertido en uno de los mejores espacios de entretenimiento que visitan miles de personas provenientes de otras entidades los fines de semana, por lo que ya se tiene programado una serie de eventos culturales y art\u00edsticos de calidad que transforman Cuautitl\u00e1n y que lo hacen el mejor lugar para disfrutar.<\/p>\n","protected":false},"excerpt":{"rendered":"<p>Con la presentaci\u00f3n de autos cl\u00e1sicos y m\u00fasica de rock en un ambiente familiar, m\u00e1s de 3 mil personas acudieron al jard\u00edn principal para apreciar la exhibici\u00f3n \u201cArte Sobre Ruedas\u201d, evento organizado por el gobierno local, a trav\u00e9s del Instituto Municipal de Cultura y Vestigios Arqueol\u00f3gicos, con la asistencia de clubes de autos.<\/p>\n","protected":false},"author":3,"featured_media":422496,"comment_status":"open","ping_status":"open","sticky":false,"template":"","format":"standard","meta":{"_monsterinsights_skip_tracking":false,"_monsterinsights_sitenote_active":false,"_monsterinsights_sitenote_note":"","_monsterinsights_sitenote_category":0,"footnotes":""},"categories":[35155],"tags":[26374,681,43675,84269],"class_list":["post-422426","post","type-post","status-publish","format-standard","has-post-thumbnail","hentry","category-estado-de-mexico-estado-de-mexico","tag-arte","tag-cuautitlan","tag-estado-de-mexico","tag-sobre-ruedas"],"_links":{"self":[{"href":"https:\/\/www.diarioimagen.net\/index.php?rest_route=\/wp\/v2\/posts\/422426","targetHints":{"allow":["GET"]}}],"collection":[{"href":"https:\/\/www.diarioimagen.net\/index.php?rest_route=\/wp\/v2\/posts"}],"about":[{"href":"https:\/\/www.diarioimagen.net\/index.php?rest_route=\/wp\/v2\/types\/post"}],"author":[{"embeddable":true,"href":"https:\/\/www.diarioimagen.net\/index.php?rest_route=\/wp\/v2\/users\/3"}],"replies":[{"embeddable":true,"href":"https:\/\/www.diarioimagen.net\/index.php?rest_route=%2Fwp%2Fv2%2Fcomments&post=422426"}],"version-history":[{"count":0,"href":"https:\/\/www.diarioimagen.net\/index.php?rest_route=\/wp\/v2\/posts\/422426\/revisions"}],"wp:featuredmedia":[{"embeddable":true,"href":"https:\/\/www.diarioimagen.net\/index.php?rest_route=\/wp\/v2\/media\/422496"}],"wp:attachment":[{"href":"https:\/\/www.diarioimagen.net\/index.php?rest_route=%2Fwp%2Fv2%2Fmedia&parent=422426"}],"wp:term":[{"taxonomy":"category","embeddable":true,"href":"https:\/\/www.diarioimagen.net\/index.php?rest_route=%2Fwp%2Fv2%2Fcategories&post=422426"},{"taxonomy":"post_tag","embeddable":true,"href":"https:\/\/www.diarioimagen.net\/index.php?rest_route=%2Fwp%2Fv2%2Ftags&post=422426"}],"curies":[{"name":"wp","href":"https:\/\/api.w.org\/{rel}","templated":true}]}}