{"id":422593,"date":"2019-04-08T00:07:11","date_gmt":"2019-04-08T05:07:11","guid":{"rendered":"https:\/\/www.diarioimagen.net\/?p=422593"},"modified":"2019-04-09T00:15:22","modified_gmt":"2019-04-09T05:15:22","slug":"cumple-hospital-monica-pretelini-saenz-una-decada-de-servicio-a-embarazadas","status":"publish","type":"post","link":"https:\/\/www.diarioimagen.net\/?p=422593","title":{"rendered":"Cumple Hospital \u201cM\u00f3nica Pretelini S\u00e1enz\u201d una d\u00e9cada de servicio a embarazadas"},"content":{"rendered":"<ul>\n<li><em><strong>Ha atendido m\u00e1s\u00a0 de 71 mil nacimientos<\/strong><\/em><\/li>\n<\/ul>\n<p>&nbsp;<\/p>\n<div id=\"attachment_422594\" style=\"width: 470px\" class=\"wp-caption aligncenter\"><img loading=\"lazy\" decoding=\"async\" aria-describedby=\"caption-attachment-422594\" class=\"size-large wp-image-422594\" src=\"https:\/\/www.diarioimagen.net\/wp-content\/uploads\/2019\/04\/HOSPITAL8-portal-460x268.jpg\" alt=\"\" width=\"460\" height=\"268\" srcset=\"https:\/\/www.diarioimagen.net\/wp-content\/uploads\/2019\/04\/HOSPITAL8-portal-460x268.jpg 460w, https:\/\/www.diarioimagen.net\/wp-content\/uploads\/2019\/04\/HOSPITAL8-portal-240x140.jpg 240w, https:\/\/www.diarioimagen.net\/wp-content\/uploads\/2019\/04\/HOSPITAL8-portal.jpg 480w\" sizes=\"auto, (max-width: 460px) 100vw, 460px\" \/><p id=\"caption-attachment-422594\" class=\"wp-caption-text\">Capacitan, en el marco de esta conmemoraci\u00f3n, al personal de 25 hospitales de la red de Telemedicina a trav\u00e9s del 10\u00ba Congreso Acad\u00e9mico.<\/p><\/div>\n<p>&nbsp;<\/p>\n<p><strong>Toluca, Estado de M\u00e9xico<\/strong>.- En una d\u00e9cada, los m\u00e1s de mil 100 trabajadores del Hospital Materno Perinatal \u201cM\u00f3nica Pretelini S\u00e1enz\u201d, han visto nacer a m\u00e1s de 71 mil mexiquenses y brindado m\u00e1s de 744 mil servicios.<\/p>\n<p>Destaca tambi\u00e9n la formaci\u00f3n de m\u00e1s de 100 especialistas en Ginecolog\u00eda y Obstetricia, Medicina Cl\u00ednica en Obstetricia y Neonatolog\u00eda, informaron autoridades de Salud durante el 10\u00ba Congreso Acad\u00e9mico realizado con motivo de los 10 a\u00f1os de esta unidad m\u00e9dica.<\/p>\n<p>En dicho evento, se llevaron a cabo m\u00e1s de 50 actividades entre talleres, mesas redondas y conferencias magistrales que permitieron actualizar estrategias y programas m\u00e9dicos en beneficio de mujeres embarazadas y ni\u00f1os reci\u00e9n nacidos.<\/p>\n<p>En representaci\u00f3n del Secretario de Salud, Gabriel O\u2019Shea Cuevas, el Coordinador de Salud del Instituto de Salud del Estado de M\u00e9xico (ISEM), Carlos Aranza Doniz, se\u00f1al\u00f3 que este hospital de alta especialidad, otorg\u00f3, tan s\u00f3lo en 2018, 42 mil consultas, atendi\u00f3 19 mil urgencias, 10 mil hospitalizaciones y 6 mil 765 nacimientos; adem\u00e1s, cuenta con 32 \u00e1reas de subespecialidad m\u00e9dica.<\/p>\n<p>Al evento acudieron investigadores nacionales y estatales que compartieron estudios en las \u00e1reas de Enfermer\u00eda, Medicina Materno-fetal, Neonatolog\u00eda y Urgencias a m\u00e1s 800 asistentes entre trabajadores de Salud, estudiantes de Medicina, Enfermer\u00eda y de especialidad.<\/p>\n<p>El Congreso se transmiti\u00f3 en vivo en seis nosocomios, adem\u00e1s de que permiti\u00f3 capacitar al personal de 25 hospitales de la red de Telemedicina.<\/p>\n<p>Durante la presente administraci\u00f3n estatal, encabezada por el Gobernador Alfredo Del Mazo Maza, en el Hospital Materno Perinatal \u201cM\u00f3nica Pretelini S\u00e1enz\u201d se ampli\u00f3 el \u00e1rea de terapia intermedia neonatal y se apertur\u00f3 el posgrado en Enfermer\u00eda del Neonato, el cual es avalado por la Escuela Nacional de Enfermer\u00eda y Obstetricia (ENEO) de la Universidad Nacional Aut\u00f3noma de M\u00e9xico (UNAM).<\/p>\n<p>En el evento, se anunci\u00f3 la donaci\u00f3n de un monitor fetal por parte de la Fundaci\u00f3n \u201cM\u00f3nica Pretelini\u201d, el cual permitir\u00e1 dar atenci\u00f3n y seguimiento a embarazos de alto riesgo.<\/p>\n","protected":false},"excerpt":{"rendered":"<p>En una d\u00e9cada, los m\u00e1s de mil 100 trabajadores del Hospital Materno Perinatal \u201cM\u00f3nica Pretelini S\u00e1enz\u201d, han visto nacer a m\u00e1s de 71 mil mexiquenses y brindado m\u00e1s de 744 mil servicios.<\/p>\n","protected":false},"author":5,"featured_media":422594,"comment_status":"open","ping_status":"open","sticky":false,"template":"","format":"standard","meta":{"_monsterinsights_skip_tracking":false,"_monsterinsights_sitenote_active":false,"_monsterinsights_sitenote_note":"","_monsterinsights_sitenote_category":0,"footnotes":""},"categories":[5],"tags":[43675,84283,84282,452,69911],"class_list":["post-422593","post","type-post","status-publish","format-standard","has-post-thumbnail","hentry","category-estado-de-mexico","tag-estado-de-mexico","tag-hospital-materno-perinatal","tag-servicio-a-embarazadas","tag-toluca","tag-monica-pretelini-saenz"],"_links":{"self":[{"href":"https:\/\/www.diarioimagen.net\/index.php?rest_route=\/wp\/v2\/posts\/422593","targetHints":{"allow":["GET"]}}],"collection":[{"href":"https:\/\/www.diarioimagen.net\/index.php?rest_route=\/wp\/v2\/posts"}],"about":[{"href":"https:\/\/www.diarioimagen.net\/index.php?rest_route=\/wp\/v2\/types\/post"}],"author":[{"embeddable":true,"href":"https:\/\/www.diarioimagen.net\/index.php?rest_route=\/wp\/v2\/users\/5"}],"replies":[{"embeddable":true,"href":"https:\/\/www.diarioimagen.net\/index.php?rest_route=%2Fwp%2Fv2%2Fcomments&post=422593"}],"version-history":[{"count":0,"href":"https:\/\/www.diarioimagen.net\/index.php?rest_route=\/wp\/v2\/posts\/422593\/revisions"}],"wp:featuredmedia":[{"embeddable":true,"href":"https:\/\/www.diarioimagen.net\/index.php?rest_route=\/wp\/v2\/media\/422594"}],"wp:attachment":[{"href":"https:\/\/www.diarioimagen.net\/index.php?rest_route=%2Fwp%2Fv2%2Fmedia&parent=422593"}],"wp:term":[{"taxonomy":"category","embeddable":true,"href":"https:\/\/www.diarioimagen.net\/index.php?rest_route=%2Fwp%2Fv2%2Fcategories&post=422593"},{"taxonomy":"post_tag","embeddable":true,"href":"https:\/\/www.diarioimagen.net\/index.php?rest_route=%2Fwp%2Fv2%2Ftags&post=422593"}],"curies":[{"name":"wp","href":"https:\/\/api.w.org\/{rel}","templated":true}]}}