{"id":422644,"date":"2019-04-08T00:11:48","date_gmt":"2019-04-08T05:11:48","guid":{"rendered":"https:\/\/www.diarioimagen.net\/?p=422644"},"modified":"2019-04-08T01:47:22","modified_gmt":"2019-04-08T06:47:22","slug":"rector-llama-a-defender-autonomia-de-la-uaem","status":"publish","type":"post","link":"https:\/\/www.diarioimagen.net\/?p=422644","title":{"rendered":"Rector llama a defender autonom\u00eda de la UAEM"},"content":{"rendered":"<ul>\n<li><strong><em>Esta semana, Alfredo Barrera entregar\u00e1 propuesta institucional\u00a0<\/em><\/strong><\/li>\n<\/ul>\n<p>&nbsp;<\/p>\n<p><a href=\"https:\/\/www.diarioimagen.net\/?attachment_id=422692\" rel=\"attachment wp-att-422692\"><img loading=\"lazy\" decoding=\"async\" class=\"size-large wp-image-422692 aligncenter\" src=\"https:\/\/www.diarioimagen.net\/wp-content\/uploads\/2019\/04\/UAEM-8-460x259.jpg\" alt=\"\" width=\"460\" height=\"259\" srcset=\"https:\/\/www.diarioimagen.net\/wp-content\/uploads\/2019\/04\/UAEM-8-460x259.jpg 460w, https:\/\/www.diarioimagen.net\/wp-content\/uploads\/2019\/04\/UAEM-8-240x135.jpg 240w, https:\/\/www.diarioimagen.net\/wp-content\/uploads\/2019\/04\/UAEM-8-235x132.jpg 235w, https:\/\/www.diarioimagen.net\/wp-content\/uploads\/2019\/04\/UAEM-8-202x114.jpg 202w, https:\/\/www.diarioimagen.net\/wp-content\/uploads\/2019\/04\/UAEM-8-350x196.jpg 350w, https:\/\/www.diarioimagen.net\/wp-content\/uploads\/2019\/04\/UAEM-8-220x123.jpg 220w, https:\/\/www.diarioimagen.net\/wp-content\/uploads\/2019\/04\/UAEM-8-237x132.jpg 237w, https:\/\/www.diarioimagen.net\/wp-content\/uploads\/2019\/04\/UAEM-8.jpg 480w\" sizes=\"auto, (max-width: 460px) 100vw, 460px\" \/><\/a><\/p>\n<p>&nbsp;<\/p>\n<p><strong>Toluca, Estado de M\u00e9xico<\/strong>.- El rector de la Universidad Aut\u00f3noma del Estado de M\u00e9xico, Alfredo Barrera Baca, llam\u00f3 a la comunidad universitaria a mantenerse alerta y actuar con serenidad, inteligencia, unidad y firmeza para defender la autonom\u00eda de esta casa de estudios.<\/p>\n<p>Anunci\u00f3 que esta semana entregar\u00e1 a la LX Legislatura del Estado de M\u00e9xico la propuesta institucional de reforma a la Ley de la UAEM en compa\u00f1\u00eda de los universitarios, quienes la construyeron con base en un debate al interior de la instituci\u00f3n.<\/p>\n<p>Durante la conferencia magistral que dict\u00f3 el director general de Evaluaci\u00f3n Institucional de la Universidad Nacional Aut\u00f3noma de M\u00e9xico, Imanol Ordorika Sacrist\u00e1n, el rector Alfredo Barrera enfatiz\u00f3 que \u201ces momento de demostrar, de manera voluntaria y pac\u00edfica, los leg\u00edtimos deseos para actualizar el r\u00e9gimen interno de la instituci\u00f3n y modular las relaciones de la UAEM con los poderes instituidos de la entidad y el pa\u00eds\u201d.<\/p>\n<p>En el Aula Magna \u201cLic. Adolfo L\u00f3pez Mateos\u201d del Edificio de Rector\u00eda, Barrera Baca rechaz\u00f3 la propuesta de reforma a la Ley Universitaria presentada en la LX Legislatura del Estado de M\u00e9xico, la cual \u201cignora el gobierno leg\u00edtimo de la instituci\u00f3n y los deseos de transformaci\u00f3n de los aut\u00e9nticos universitarios\u201d. Sostuvo que se trata de una iniciativa cuyo contenido socava la vida acad\u00e9mica de la Aut\u00f3noma mexiquense, impone reglas de autogobierno que promueven el conflicto y se propone defenestrar, en un plazo de 60 d\u00edas, al rector y al Consejo Universitario.<\/p>\n<p>Alfredo Barrera Baca expres\u00f3 que la libertad de pensar, discernir, ense\u00f1ar e imaginar seguir\u00e1 siendo central en la vida de la comunidad de la m\u00e1xima casa de estudios mexiquense y afirm\u00f3 que es fundamental redefinir el sentido de la autonom\u00eda universitaria, acorde a los tiempos actuales, as\u00ed como clarificar su papel ante los relevos pol\u00edticos.<\/p>\n<p>Al dictar la conferencia \u201cLa autonom\u00eda y el gobierno en las universidades p\u00fablicas de M\u00e9xico\u201d, Imanol Ordorika subray\u00f3 que la autonom\u00eda es el poder que tiene una universidad para gobernarse a s\u00ed misma sin control externo. \u201cEsta es la autonom\u00eda en su forma pura\u201d.<\/p>\n<p>Resalt\u00f3 que la universidad es una instituci\u00f3n pol\u00edtica de la sociedad, aunque no en el mismo sentido que una c\u00e1mara de diputados o un partido. Se trata, dijo, de entender que en ella coexisten visiones diferentes sobre el futuro de la propia instituci\u00f3n y el pa\u00eds, que no existe una verdad absoluta y s\u00ed v\u00edas institucionales para canalizar las diferencias.<\/p>\n","protected":false},"excerpt":{"rendered":"<p>El rector de la Universidad Aut\u00f3noma del Estado de M\u00e9xico, Alfredo Barrera Baca, llam\u00f3 a la comunidad universitaria a mantenerse alerta y actuar con serenidad, inteligencia, unidad y firmeza para defender la autonom\u00eda de esta casa de estudios.<\/p>\n","protected":false},"author":3,"featured_media":422692,"comment_status":"open","ping_status":"open","sticky":false,"template":"","format":"standard","meta":{"_monsterinsights_skip_tracking":false,"_monsterinsights_sitenote_active":false,"_monsterinsights_sitenote_note":"","_monsterinsights_sitenote_category":0,"footnotes":""},"categories":[5],"tags":[43675,452,1491,84314],"class_list":["post-422644","post","type-post","status-publish","format-standard","has-post-thumbnail","hentry","category-estado-de-mexico","tag-estado-de-mexico","tag-toluca","tag-uaem","tag-uaem-autonomia"],"_links":{"self":[{"href":"https:\/\/www.diarioimagen.net\/index.php?rest_route=\/wp\/v2\/posts\/422644","targetHints":{"allow":["GET"]}}],"collection":[{"href":"https:\/\/www.diarioimagen.net\/index.php?rest_route=\/wp\/v2\/posts"}],"about":[{"href":"https:\/\/www.diarioimagen.net\/index.php?rest_route=\/wp\/v2\/types\/post"}],"author":[{"embeddable":true,"href":"https:\/\/www.diarioimagen.net\/index.php?rest_route=\/wp\/v2\/users\/3"}],"replies":[{"embeddable":true,"href":"https:\/\/www.diarioimagen.net\/index.php?rest_route=%2Fwp%2Fv2%2Fcomments&post=422644"}],"version-history":[{"count":0,"href":"https:\/\/www.diarioimagen.net\/index.php?rest_route=\/wp\/v2\/posts\/422644\/revisions"}],"wp:featuredmedia":[{"embeddable":true,"href":"https:\/\/www.diarioimagen.net\/index.php?rest_route=\/wp\/v2\/media\/422692"}],"wp:attachment":[{"href":"https:\/\/www.diarioimagen.net\/index.php?rest_route=%2Fwp%2Fv2%2Fmedia&parent=422644"}],"wp:term":[{"taxonomy":"category","embeddable":true,"href":"https:\/\/www.diarioimagen.net\/index.php?rest_route=%2Fwp%2Fv2%2Fcategories&post=422644"},{"taxonomy":"post_tag","embeddable":true,"href":"https:\/\/www.diarioimagen.net\/index.php?rest_route=%2Fwp%2Fv2%2Ftags&post=422644"}],"curies":[{"name":"wp","href":"https:\/\/api.w.org\/{rel}","templated":true}]}}