{"id":422650,"date":"2019-04-08T00:10:06","date_gmt":"2019-04-08T05:10:06","guid":{"rendered":"https:\/\/www.diarioimagen.net\/?p=422650"},"modified":"2019-04-08T01:50:24","modified_gmt":"2019-04-08T06:50:24","slug":"celebra-festinarte-tradiciones-mexicanas","status":"publish","type":"post","link":"https:\/\/www.diarioimagen.net\/?p=422650","title":{"rendered":"Celebra Fest\u00ednArte tradiciones mexicanas"},"content":{"rendered":"<h2>Arco Norte<\/h2>\n<h5>Jos\u00e9 Luis Monta\u00f1ez Aguilar<\/h5>\n<p>&nbsp;<\/p>\n<p><a href=\"https:\/\/www.diarioimagen.net\/?attachment_id=422702\" rel=\"attachment wp-att-422702\"><img loading=\"lazy\" decoding=\"async\" class=\"aligncenter size-large wp-image-422702\" src=\"https:\/\/www.diarioimagen.net\/wp-content\/uploads\/2019\/04\/arco-2-460x259.jpg\" alt=\"\" width=\"460\" height=\"259\" srcset=\"https:\/\/www.diarioimagen.net\/wp-content\/uploads\/2019\/04\/arco-2-460x259.jpg 460w, https:\/\/www.diarioimagen.net\/wp-content\/uploads\/2019\/04\/arco-2-240x135.jpg 240w, https:\/\/www.diarioimagen.net\/wp-content\/uploads\/2019\/04\/arco-2-235x132.jpg 235w, https:\/\/www.diarioimagen.net\/wp-content\/uploads\/2019\/04\/arco-2-202x114.jpg 202w, https:\/\/www.diarioimagen.net\/wp-content\/uploads\/2019\/04\/arco-2-350x196.jpg 350w, https:\/\/www.diarioimagen.net\/wp-content\/uploads\/2019\/04\/arco-2-220x123.jpg 220w, https:\/\/www.diarioimagen.net\/wp-content\/uploads\/2019\/04\/arco-2-237x132.jpg 237w, https:\/\/www.diarioimagen.net\/wp-content\/uploads\/2019\/04\/arco-2.jpg 480w\" sizes=\"auto, (max-width: 460px) 100vw, 460px\" \/><\/a><\/p>\n<p>&nbsp;<\/p>\n<p>Como cada a\u00f1o, el Centro Cultural Mexiquense Bicentenario (CCMB) recibe el festival infantil m\u00e1s importante del Estado de M\u00e9xico: Fest\u00ednArte 2019, del 23 al 27 de abril, donde las familias podr\u00e1n disfrutar de talleres, conciertos, obras de teatro, espect\u00e1culos multidisciplinarios y m\u00e1s.<\/p>\n<p>En esta edici\u00f3n, Fest\u00ednArte tendr\u00e1 como protagonistas a las peque\u00f1as y los peque\u00f1os, quienes conocer\u00e1n las tradiciones mexicanas y mexiquenses por medio de juegos y juguetes tradicionales, para construir elementos de identidad y preservaci\u00f3n de su mexicanidad.<\/p>\n<p>Las historias que se contar\u00e1n a trav\u00e9s de las obras de teatro y espect\u00e1culos multidisciplinarios tendr\u00e1n como eje central las aventuras que ni\u00f1as y ni\u00f1os pueden vivir con personajes y lugares que los llevar\u00e1n por viajes fant\u00e1sticos, incluyendo en cada una, moralejas que promueva los valores.<\/p>\n<p>Adem\u00e1s de un repertorio donde se demostrar\u00e1 el talento de la juventud y la ni\u00f1ez\u00a0 por medio de los conciertos de la Banda Sinf\u00f3nica Infantil y Juvenil \u201cAltepetl\u201d, de San Jer\u00f3nimo Amanalco, Texcoco, dirigida por Lidio Dur\u00e1n, el 24 de marzo a las 12:00 horas en el Teatro al Aire libre.<\/p>\n<p>El 26 de marzo a las 14:00 horas el concierto de Big Band Jazz Infantil y Juvenil de Pavel Loaria, en la Sala de Conciertos \u201cElisa Carrillo\u201d. Aunado a ello, los cuentos fant\u00e1sticos har\u00e1n su aparici\u00f3n con las obras de teatro y conciertos, tales como <em>El b\u00faho que le tem\u00eda a la oscuridad<\/em>, el 23 de marzo a las 14:00 horas, el 24 de marzo <em>El l\u00e1piz de Sebasti\u00e1n<\/em>, en dos funciones 14:00 y 16:00 horas.<\/p>\n<p>El mismo d\u00eda a las 16:00 horas, el concierto Voz en punto canta a Cri-Cri.<\/p>\n<p>El 25 de marzo a las 12:00 horas, el concierto Di Da Bi Da Jazz Jazz Latino para ni\u00f1os, a las 14:00 horas la obra de teatro<em> Emilia y su globo rojo<\/em>, y a las 16:00 horas teatro de t\u00edteres de papel presentar\u00e1 <em>Los cuentos del tlacuache<\/em>.<\/p>\n<p>Para el 26 de marzo a las 12:00 horas han organizado un Torneo Internacional de la Risa Compa\u00f1\u00eda \u201cLa Caravana de la Risa\u201d, y para el domingo 27 de marzo a las 12:00 horas el Coro Polif\u00f3nico del Estado de M\u00e9xico, dirigido por Manuel Flores Palacios, deleitar\u00e1 con una versi\u00f3n extraordinaria de <em>Alicia en el pa\u00eds de las maravillas<\/em>.<\/p>\n<p>El concierto de clausura estar\u00e1 a cargo del cantautor y escritor Luis Pescetti, con una gran trayectoria que le ha valido reconocimientos y presentaciones en pa\u00edses como Estados Unidos, Espa\u00f1a, Colombia, Chile, Brasil, Per\u00fa, Uruguay, Cuba y Argentina, quien se presentar\u00e1 a las 14:00 horas en la Sala de Conciertos \u201cElisa Carrillo\u201d. Los talleres se impartir\u00e1n del 23 al 27 de abril de 10:00 a 13:00 horas con tem\u00e1ticas como realizaci\u00f3n de t\u00edteres experimentales, juguetes tradicionales, taller de sensorama, pintura con texturas, taller de impro-clown, taller de c\u00f3mic, Ilustraci\u00f3n y narrativa visual y taller de Grabado Infantil, entre otros.<\/p>\n<p>El CCMB se encuentra en la Carretera Federal Los Reyes-Texcoco Km 14.3, esquina General Manuel Gonz\u00e1lez, San Miguel Coatlinch\u00e1n, Texcoco, Estado de M\u00e9xico.<\/p>\n<p><em><a href=\"mailto:montanezaguilar@gmail.com\" target=\"_blank\" rel=\"noopener noreferrer\">montanezaguilar@gmail.com<\/a><\/em><\/p>\n","protected":false},"excerpt":{"rendered":"<p><span style=\"color: #005497;\">Jos\u00e9 Luis Monta\u00f1ez Aguilar<\/span><br \/>\n<br \/>\nComo cada a\u00f1o, el Centro Cultural Mexiquense Bicentenario (CCMB) recibe el festival infantil m\u00e1s importante del Estado de M\u00e9xico: Fest\u00ednArte 2019, del 23 al 27 de abril, donde las familias podr\u00e1n disfrutar de talleres, conciertos, obras de teatro, espect\u00e1culos multidisciplinarios y m\u00e1s.<\/p>\n","protected":false},"author":3,"featured_media":422702,"comment_status":"open","ping_status":"open","sticky":false,"template":"","format":"standard","meta":{"_monsterinsights_skip_tracking":false,"_monsterinsights_sitenote_active":false,"_monsterinsights_sitenote_note":"","_monsterinsights_sitenote_category":0,"footnotes":""},"categories":[5],"tags":[13284,43704,43674],"class_list":["post-422650","post","type-post","status-publish","format-standard","has-post-thumbnail","hentry","category-estado-de-mexico","tag-arco-norte","tag-jose-luis-montanez-aguilar","tag-opinion"],"_links":{"self":[{"href":"https:\/\/www.diarioimagen.net\/index.php?rest_route=\/wp\/v2\/posts\/422650","targetHints":{"allow":["GET"]}}],"collection":[{"href":"https:\/\/www.diarioimagen.net\/index.php?rest_route=\/wp\/v2\/posts"}],"about":[{"href":"https:\/\/www.diarioimagen.net\/index.php?rest_route=\/wp\/v2\/types\/post"}],"author":[{"embeddable":true,"href":"https:\/\/www.diarioimagen.net\/index.php?rest_route=\/wp\/v2\/users\/3"}],"replies":[{"embeddable":true,"href":"https:\/\/www.diarioimagen.net\/index.php?rest_route=%2Fwp%2Fv2%2Fcomments&post=422650"}],"version-history":[{"count":0,"href":"https:\/\/www.diarioimagen.net\/index.php?rest_route=\/wp\/v2\/posts\/422650\/revisions"}],"wp:featuredmedia":[{"embeddable":true,"href":"https:\/\/www.diarioimagen.net\/index.php?rest_route=\/wp\/v2\/media\/422702"}],"wp:attachment":[{"href":"https:\/\/www.diarioimagen.net\/index.php?rest_route=%2Fwp%2Fv2%2Fmedia&parent=422650"}],"wp:term":[{"taxonomy":"category","embeddable":true,"href":"https:\/\/www.diarioimagen.net\/index.php?rest_route=%2Fwp%2Fv2%2Fcategories&post=422650"},{"taxonomy":"post_tag","embeddable":true,"href":"https:\/\/www.diarioimagen.net\/index.php?rest_route=%2Fwp%2Fv2%2Ftags&post=422650"}],"curies":[{"name":"wp","href":"https:\/\/api.w.org\/{rel}","templated":true}]}}