{"id":422670,"date":"2019-04-08T00:08:48","date_gmt":"2019-04-08T05:08:48","guid":{"rendered":"https:\/\/www.diarioimagen.net\/?p=422670"},"modified":"2019-04-08T02:49:34","modified_gmt":"2019-04-08T07:49:34","slug":"convenio-nicolas-romero-y-fes-acatlan-en-pro-de-seguridad-movilidad-y-medio-ambiente","status":"publish","type":"post","link":"https:\/\/www.diarioimagen.net\/?p=422670","title":{"rendered":"Convenio Nicol\u00e1s Romero\u00a0 y FES Acatl\u00e1n en pro de seguridad, movilidad y medio ambiente"},"content":{"rendered":"<ul>\n<li><strong><em>En beneficio de estudiantes<\/em><\/strong><\/li>\n<\/ul>\n<p>&nbsp;<\/p>\n<div id=\"attachment_422740\" style=\"width: 470px\" class=\"wp-caption aligncenter\"><a href=\"https:\/\/www.diarioimagen.net\/?attachment_id=422740\" rel=\"attachment wp-att-422740\"><img loading=\"lazy\" decoding=\"async\" aria-describedby=\"caption-attachment-422740\" class=\"size-large wp-image-422740\" src=\"https:\/\/www.diarioimagen.net\/wp-content\/uploads\/2019\/04\/NICOLAS-8-460x259.jpg\" alt=\"\" width=\"460\" height=\"259\" srcset=\"https:\/\/www.diarioimagen.net\/wp-content\/uploads\/2019\/04\/NICOLAS-8-460x259.jpg 460w, https:\/\/www.diarioimagen.net\/wp-content\/uploads\/2019\/04\/NICOLAS-8-240x135.jpg 240w, https:\/\/www.diarioimagen.net\/wp-content\/uploads\/2019\/04\/NICOLAS-8-235x132.jpg 235w, https:\/\/www.diarioimagen.net\/wp-content\/uploads\/2019\/04\/NICOLAS-8-202x114.jpg 202w, https:\/\/www.diarioimagen.net\/wp-content\/uploads\/2019\/04\/NICOLAS-8-350x196.jpg 350w, https:\/\/www.diarioimagen.net\/wp-content\/uploads\/2019\/04\/NICOLAS-8-220x123.jpg 220w, https:\/\/www.diarioimagen.net\/wp-content\/uploads\/2019\/04\/NICOLAS-8-237x132.jpg 237w, https:\/\/www.diarioimagen.net\/wp-content\/uploads\/2019\/04\/NICOLAS-8.jpg 480w\" sizes=\"auto, (max-width: 460px) 100vw, 460px\" \/><\/a><p id=\"caption-attachment-422740\" class=\"wp-caption-text\">Firman convenio el presidente municipal de Nicol\u00e1s Ro,ero, Armando Navarrete, y autoridades de la Facultad de Estudios Superiores Acatl\u00e1n.<\/p><\/div>\n<p>&nbsp;<\/p>\n<p><strong>Nicol\u00e1s Romero, Estado de M\u00e9xico<\/strong>.- Un convenio de colaboraci\u00f3n fue firmado por el presidente municipal, Armando Navarrete, y autoridades de la Facultad de Estudios Superiores Acatl\u00e1n (FES), con el fin de coordinar acciones en materia de movilidad, seguridad y medio ambiente.<\/p>\n<p>Adem\u00e1s, con el objetivo de motivar el crecimiento de Nicol\u00e1s Romero, tambi\u00e9n se habl\u00f3 de participar conjuntamente en el dise\u00f1o de un Plan Integral de Desarrollo Urbano, que incluya las zonas metropolitana y rural de la demarcaci\u00f3n.<\/p>\n<p>En su intervenci\u00f3n, el alcalde puso \u00e9nfasis en el tema de movilidad y a las afectaciones que los congestionamientos viales provocan a quienes se trasladan desde o hacia Nicol\u00e1s Romero, ya que pasan hasta dos horas en medio del tr\u00e1fico, principalmente los estudiantes, quienes tienen que acudir a escuelas fuera del municipio por la falta de oferta educativa en la demarcaci\u00f3n.<\/p>\n<p>Tambi\u00e9n se\u00f1al\u00f3 que el crecimiento demogr\u00e1fico de Nicol\u00e1s Romero en los \u00faltimos a\u00f1os se ha llevado a cabo de modo acelerado, pero tambi\u00e9n de manera desordenada, lo que ha provocado conflictos en temas de movilidad y seguridad.<\/p>\n<p>\u201cEstoy convencido de que podemos hacer mucho, de que lo que ustedes generen y nosotros implementemos se traducir\u00e1 en mejores condiciones de vida para las personas\u201c, dijo.<\/p>\n<p>Adem\u00e1s, la maestra Mar\u00eda Luisa S\u00e1nchez Guerrero, acad\u00e9mica de la Facultad, habl\u00f3 del proyecto de instalaci\u00f3n de una planta vetiver para limpiar el agua y el suelo de una barranca en el pueblo de San Miguel Hila que es utilizada como vertedero de basura y que se convierte en un problema de contaminaci\u00f3n.<\/p>\n<p>S\u00e1nchez Guerrero refiri\u00f3 que este prototipo se sustenta en el proyecto PAIDI 003-19 y se implementar\u00e1 inicialmente en este lugar, pero con el objetivo de que sea llevado a otras comunidades de Nicol\u00e1s Romero.<\/p>\n","protected":false},"excerpt":{"rendered":"<p>Un convenio de colaboraci\u00f3n fue firmado por el presidente municipal, Armando Navarrete, y autoridades de la Facultad de Estudios Superiores Acatl\u00e1n (FES), con el fin de coordinar acciones en materia de movilidad, seguridad y medio ambiente.<\/p>\n","protected":false},"author":3,"featured_media":422740,"comment_status":"open","ping_status":"open","sticky":false,"template":"","format":"standard","meta":{"_monsterinsights_skip_tracking":false,"_monsterinsights_sitenote_active":false,"_monsterinsights_sitenote_note":"","_monsterinsights_sitenote_category":0,"footnotes":""},"categories":[35155],"tags":[43675,1908,26421,752],"class_list":["post-422670","post","type-post","status-publish","format-standard","has-post-thumbnail","hentry","category-estado-de-mexico-estado-de-mexico","tag-estado-de-mexico","tag-medio-ambiente","tag-movilidad","tag-nicolas-romero"],"_links":{"self":[{"href":"https:\/\/www.diarioimagen.net\/index.php?rest_route=\/wp\/v2\/posts\/422670","targetHints":{"allow":["GET"]}}],"collection":[{"href":"https:\/\/www.diarioimagen.net\/index.php?rest_route=\/wp\/v2\/posts"}],"about":[{"href":"https:\/\/www.diarioimagen.net\/index.php?rest_route=\/wp\/v2\/types\/post"}],"author":[{"embeddable":true,"href":"https:\/\/www.diarioimagen.net\/index.php?rest_route=\/wp\/v2\/users\/3"}],"replies":[{"embeddable":true,"href":"https:\/\/www.diarioimagen.net\/index.php?rest_route=%2Fwp%2Fv2%2Fcomments&post=422670"}],"version-history":[{"count":0,"href":"https:\/\/www.diarioimagen.net\/index.php?rest_route=\/wp\/v2\/posts\/422670\/revisions"}],"wp:featuredmedia":[{"embeddable":true,"href":"https:\/\/www.diarioimagen.net\/index.php?rest_route=\/wp\/v2\/media\/422740"}],"wp:attachment":[{"href":"https:\/\/www.diarioimagen.net\/index.php?rest_route=%2Fwp%2Fv2%2Fmedia&parent=422670"}],"wp:term":[{"taxonomy":"category","embeddable":true,"href":"https:\/\/www.diarioimagen.net\/index.php?rest_route=%2Fwp%2Fv2%2Fcategories&post=422670"},{"taxonomy":"post_tag","embeddable":true,"href":"https:\/\/www.diarioimagen.net\/index.php?rest_route=%2Fwp%2Fv2%2Ftags&post=422670"}],"curies":[{"name":"wp","href":"https:\/\/api.w.org\/{rel}","templated":true}]}}