{"id":422674,"date":"2019-04-08T00:06:54","date_gmt":"2019-04-08T05:06:54","guid":{"rendered":"https:\/\/www.diarioimagen.net\/?p=422674"},"modified":"2019-04-08T02:52:56","modified_gmt":"2019-04-08T07:52:56","slug":"en-naucalpan-pese-a-complicaciones-va-caminando-dice-tomas-palomares","status":"publish","type":"post","link":"https:\/\/www.diarioimagen.net\/?p=422674","title":{"rendered":"En Naucalpan, pese a complicaciones, va caminando, dice Tom\u00e1s Palomares"},"content":{"rendered":"<ul>\n<li><strong><em>Empleados eval\u00faan<\/em><\/strong><\/li>\n<\/ul>\n<p>&nbsp;<\/p>\n<div id=\"attachment_422746\" style=\"width: 470px\" class=\"wp-caption aligncenter\"><a href=\"https:\/\/www.diarioimagen.net\/?attachment_id=422746\" rel=\"attachment wp-att-422746\"><img loading=\"lazy\" decoding=\"async\" aria-describedby=\"caption-attachment-422746\" class=\"size-large wp-image-422746\" src=\"https:\/\/www.diarioimagen.net\/wp-content\/uploads\/2019\/04\/NAUCALPAN-8-460x291.jpg\" alt=\"\" width=\"460\" height=\"291\" srcset=\"https:\/\/www.diarioimagen.net\/wp-content\/uploads\/2019\/04\/NAUCALPAN-8-460x291.jpg 460w, https:\/\/www.diarioimagen.net\/wp-content\/uploads\/2019\/04\/NAUCALPAN-8-240x152.jpg 240w, https:\/\/www.diarioimagen.net\/wp-content\/uploads\/2019\/04\/NAUCALPAN-8.jpg 554w\" sizes=\"auto, (max-width: 460px) 100vw, 460px\" \/><\/a><p id=\"caption-attachment-422746\" class=\"wp-caption-text\">Tom\u00e1s Palomares Parra asegur\u00f3 que \u201cel desgaste financiero ha ocasionado un ambiente\u00a0de descontrol\u201d.<\/p><\/div>\n<p>&nbsp;<\/p>\n<p><strong>Naucalpan, Estado de M\u00e9xico<\/strong>.- A unas horas de cumplirse los cien d\u00edas del \u00a0gobierno que encabeza Paty Dur\u00e1n, \u00e9ste ha sido desde un inicio dif\u00edcil y complicado, en donde se tuvieron que hacer algunos \u00a0ajustes administrativos y en el organigrama,\u00a0sin embargo, se va caminando en beneficio de los naucalpenses y en ese camino, los suteymistas estamos sumados.<\/p>\n<p>Asegur\u00f3 en entrevista, Tom\u00e1s Palomares Parra, secretario general del Sindicato \u00danico de Trabajadores del Estado y sus Municipios (SUTEyM), quien asegur\u00f3 que \u201cel desgaste financiero ha ocasionado un ambiente \u00a0de descontrol en algunos sentidos, pero tambi\u00e9n me parece que ello ha servido para que la gente (funcionarios) se ponga m\u00e1s activa en sus funciones y en ese sentido, para nadie es desconocido, que desde el primer d\u00eda de la actual administraci\u00f3n, los suteymistas hemos trabajado para que se rindan \u00a0buenas cuentas a\u00a0 naucalpenses\u201d.<\/p>\n<p>Palomares Parra asegur\u00f3 que \u201cpese a que la presidenta municipal Patricia Dur\u00e1n Reveles, recibi\u00f3 una administraci\u00f3n con \u00a0severa crisis econ\u00f3mica, \u00e9sta ha sabido salir adelante con el poco recurso con el que se cuenta y nosotros desde el SUTEyM, tenemos que hacer nuestra parte con mucha responsabilidad y hacemos lo que bien sabemos \u00a0hacer que es trabajar al cien por ciento\u201d, concluy\u00f3.<\/p>\n","protected":false},"excerpt":{"rendered":"<p>A unas horas de cumplirse los cien d\u00edas del \u00a0gobierno que encabeza Paty Dur\u00e1n, \u00e9ste\u00a0 ha sido desde un inicio dif\u00edcil y complicado, en donde se tuvieron que hacer algunos \u00a0ajustes administrativos y en el organigrama,\u00a0sin embargo, se va caminando en beneficio de los naucalpenses y en ese camino, los suteymistas estamos sumados.<\/p>\n","protected":false},"author":3,"featured_media":422746,"comment_status":"open","ping_status":"open","sticky":false,"template":"","format":"standard","meta":{"_monsterinsights_skip_tracking":false,"_monsterinsights_sitenote_active":false,"_monsterinsights_sitenote_note":"","_monsterinsights_sitenote_category":0,"footnotes":""},"categories":[35155],"tags":[84318,43675,970,82262],"class_list":["post-422674","post","type-post","status-publish","format-standard","has-post-thumbnail","hentry","category-estado-de-mexico-estado-de-mexico","tag-complicaciones","tag-estado-de-mexico","tag-naucalpan","tag-tomas-palomares"],"_links":{"self":[{"href":"https:\/\/www.diarioimagen.net\/index.php?rest_route=\/wp\/v2\/posts\/422674","targetHints":{"allow":["GET"]}}],"collection":[{"href":"https:\/\/www.diarioimagen.net\/index.php?rest_route=\/wp\/v2\/posts"}],"about":[{"href":"https:\/\/www.diarioimagen.net\/index.php?rest_route=\/wp\/v2\/types\/post"}],"author":[{"embeddable":true,"href":"https:\/\/www.diarioimagen.net\/index.php?rest_route=\/wp\/v2\/users\/3"}],"replies":[{"embeddable":true,"href":"https:\/\/www.diarioimagen.net\/index.php?rest_route=%2Fwp%2Fv2%2Fcomments&post=422674"}],"version-history":[{"count":0,"href":"https:\/\/www.diarioimagen.net\/index.php?rest_route=\/wp\/v2\/posts\/422674\/revisions"}],"wp:featuredmedia":[{"embeddable":true,"href":"https:\/\/www.diarioimagen.net\/index.php?rest_route=\/wp\/v2\/media\/422746"}],"wp:attachment":[{"href":"https:\/\/www.diarioimagen.net\/index.php?rest_route=%2Fwp%2Fv2%2Fmedia&parent=422674"}],"wp:term":[{"taxonomy":"category","embeddable":true,"href":"https:\/\/www.diarioimagen.net\/index.php?rest_route=%2Fwp%2Fv2%2Fcategories&post=422674"},{"taxonomy":"post_tag","embeddable":true,"href":"https:\/\/www.diarioimagen.net\/index.php?rest_route=%2Fwp%2Fv2%2Ftags&post=422674"}],"curies":[{"name":"wp","href":"https:\/\/api.w.org\/{rel}","templated":true}]}}