{"id":422723,"date":"2019-04-08T00:04:27","date_gmt":"2019-04-08T05:04:27","guid":{"rendered":"https:\/\/www.diarioimagen.net\/?p=422723"},"modified":"2019-04-08T02:21:04","modified_gmt":"2019-04-08T07:21:04","slug":"morena-vs-uaemex","status":"publish","type":"post","link":"https:\/\/www.diarioimagen.net\/?p=422723","title":{"rendered":"Morena vs UAEMEX"},"content":{"rendered":"<h2>Espacio Electoral<\/h2>\n<h5>Eleazar Flores<\/h5>\n<p>&nbsp;<\/p>\n<p><strong>DELICADA INTROMISI\u00d3N<\/strong>.- Ante la indiferencia del grueso de la comunidad universitaria mexiquense, -debido a la costumbre de no estar informada-, diputados locales de Morena rebasan sus actividades al grado de promover una nueva ley universitaria\u2026electoral.<\/p>\n<p>Todo se origin\u00f3, har\u00e1 cosa de un a\u00f1o, cuando el rector Alfredo Barrera Baca quiso promover reformas para prolongar el rectorado de cuatro a seis a\u00f1os.<\/p>\n<p>\u00c1vidos de notoriedad y ampliaci\u00f3n de sus poderes, militantes y correligionarios mexiquenses en sus respectivas \u00e1reas de influencia, sea del Poder Ejecutivo federal, por medio de su superdelegada o del Legislativo local, aprovechan las oportunidades que se les presentan para hacer lo conducente que les permita ampliar sus coberturas de desempe\u00f1o.<\/p>\n<p>El Poder Legislativo es el mayor y mejor escaparate, pues su mayor\u00eda aplanadora, que les ha permitido hacer cambios internos y externos. Dentro de estos \u00faltimos destaca el derrumbamiento de la discutida ley ISSEMyM, aprobada apenas un mes antes de concluir la LIX Legislatura de mayor\u00eda pri\u00edsta. Un mes despu\u00e9s cambi\u00f3 radicalmente el ambiente con mayor\u00eda de Morena.<\/p>\n<p><strong>INTROMISI\u00d3N ABSURDA<\/strong>.- La iniciativa del rector universitario, de or\u00edgenes michoacanos, Alfredo Barrera Baca, tra\u00eda como punto principal aumentar el periodo de rectorado de cuatro a seis a\u00f1os, reforma que beneficiar\u00eda al pr\u00f3ximo rector, ni siquiera al actual. Otras reformas eran m\u00ednimas, pero la iniciativa se congel\u00f3.<\/p>\n<p>Los acad\u00e9micos Ferm\u00edn Carre\u00f1o y Jaciel Montoya, identificados con el Movimiento de Regeneraci\u00f3n Nacional, propusieron una iniciativa que incluso atenta contra la autonom\u00eda universitaria, as\u00ed en su documento adviertan que no. La ampliaci\u00f3n del rectorado pasa a \u00faltimo t\u00e9rmino, si se comentan las otras reformas de fondo que de hecho relegar\u00edan al intocable Consejo Universitario.<\/p>\n<p>La iniciativa de los \u201cmorenos\u201d sugiere que se integre un Consejo Editorial Universitario, para encargarse de elegir no s\u00f3lo al rector, tambi\u00e9n a los directores de escuelas, facultades e institutos de la propia universidad. El documento advierte en su iniciativa que no se atenta contra la autonom\u00eda, pero s\u00ed sugiere rendici\u00f3n de cuentas y transparencia en manejo de recursos.<\/p>\n<p>Esta espinosa iniciativa se discuti\u00f3 el fin de semana y van dos d\u00edas de reacciones y declaraciones inconformes de catedr\u00e1ticos y funcionarios universitarios. La voz del estudiantado podr\u00eda surgir a partir de hoy, pero vale advertir la indiferencia que ha caracterizado en las \u00faltimas d\u00e9cadas a la m\u00e1xima casa de estudios del Estado de M\u00e9xico.<\/p>\n<p>Con decirle que el \u00faltimo conflicto\u2026estudiantil, data de finales de los setentas, justo por una reelecci\u00f3n rechazada de otro rector de apellido Barrera\u2026Legorreta, \u00e9ste s\u00ed, toluco de cepa. Entonces, la huelga dur\u00f3 meses, pero eran otros tiempos.<\/p>\n<p><a href=\"mailto:elefa44@gmail.com\" target=\"_blank\" rel=\"noopener noreferrer\"><em>elefa44@gmail.com<\/em><\/a><\/p>\n","protected":false},"excerpt":{"rendered":"<p><span style=\"color: #005497;\"><strong>Eleazar Flores<\/strong><\/span><\/p>\n","protected":false},"author":3,"featured_media":0,"comment_status":"open","ping_status":"open","sticky":false,"template":"","format":"standard","meta":{"_monsterinsights_skip_tracking":false,"_monsterinsights_sitenote_active":false,"_monsterinsights_sitenote_note":"","_monsterinsights_sitenote_category":0,"footnotes":""},"categories":[81743],"tags":[81744,81776,43674],"class_list":["post-422723","post","type-post","status-publish","format-standard","hentry","category-eleazar-flores","tag-eleazar-flores","tag-espacio-electoral","tag-opinion"],"_links":{"self":[{"href":"https:\/\/www.diarioimagen.net\/index.php?rest_route=\/wp\/v2\/posts\/422723","targetHints":{"allow":["GET"]}}],"collection":[{"href":"https:\/\/www.diarioimagen.net\/index.php?rest_route=\/wp\/v2\/posts"}],"about":[{"href":"https:\/\/www.diarioimagen.net\/index.php?rest_route=\/wp\/v2\/types\/post"}],"author":[{"embeddable":true,"href":"https:\/\/www.diarioimagen.net\/index.php?rest_route=\/wp\/v2\/users\/3"}],"replies":[{"embeddable":true,"href":"https:\/\/www.diarioimagen.net\/index.php?rest_route=%2Fwp%2Fv2%2Fcomments&post=422723"}],"version-history":[{"count":0,"href":"https:\/\/www.diarioimagen.net\/index.php?rest_route=\/wp\/v2\/posts\/422723\/revisions"}],"wp:attachment":[{"href":"https:\/\/www.diarioimagen.net\/index.php?rest_route=%2Fwp%2Fv2%2Fmedia&parent=422723"}],"wp:term":[{"taxonomy":"category","embeddable":true,"href":"https:\/\/www.diarioimagen.net\/index.php?rest_route=%2Fwp%2Fv2%2Fcategories&post=422723"},{"taxonomy":"post_tag","embeddable":true,"href":"https:\/\/www.diarioimagen.net\/index.php?rest_route=%2Fwp%2Fv2%2Ftags&post=422723"}],"curies":[{"name":"wp","href":"https:\/\/api.w.org\/{rel}","templated":true}]}}