{"id":422782,"date":"2019-04-09T00:11:00","date_gmt":"2019-04-09T05:11:00","guid":{"rendered":"https:\/\/www.diarioimagen.net\/?p=422782"},"modified":"2019-04-09T00:19:48","modified_gmt":"2019-04-09T05:19:48","slug":"entrega-del-mazo-apoyos-a-zonas-forestales-del-edomex","status":"publish","type":"post","link":"https:\/\/www.diarioimagen.net\/?p=422782","title":{"rendered":"Entrega Alfredo Del Mazo apoyos a zonas forestales"},"content":{"rendered":"<ul>\n<li><strong><em>Compromiso con cuidado, conservaci\u00f3n y crecimiento<\/em><\/strong><\/li>\n<li><strong><em>En 2018 el estado super\u00f3 su meta de reforestaci\u00f3n con m\u00e1s de 16 mil has.<\/em><\/strong><\/li>\n<\/ul>\n<p>&nbsp;<\/p>\n<div id=\"attachment_422783\" style=\"width: 470px\" class=\"wp-caption aligncenter\"><img loading=\"lazy\" decoding=\"async\" aria-describedby=\"caption-attachment-422783\" class=\"size-large wp-image-422783\" src=\"https:\/\/www.diarioimagen.net\/wp-content\/uploads\/2019\/04\/DEL-MAZO9-portal-460x268.jpg\" alt=\"\" width=\"460\" height=\"268\" srcset=\"https:\/\/www.diarioimagen.net\/wp-content\/uploads\/2019\/04\/DEL-MAZO9-portal-460x268.jpg 460w, https:\/\/www.diarioimagen.net\/wp-content\/uploads\/2019\/04\/DEL-MAZO9-portal-240x140.jpg 240w, https:\/\/www.diarioimagen.net\/wp-content\/uploads\/2019\/04\/DEL-MAZO9-portal.jpg 480w\" sizes=\"auto, (max-width: 460px) 100vw, 460px\" \/><p id=\"caption-attachment-422783\" class=\"wp-caption-text\">Alfredo Del Mazo Maza entreg\u00f3 apoyos econ\u00f3micos a ejidatarios y representantes de bienes comunales del Estado de M\u00e9xico.<\/p><\/div>\n<p>&nbsp;<\/p>\n<p><strong>Ixtapan del Oro, Estado de M\u00e9xico<\/strong>.- El gobernador Alfredo Del Mazo Maza entreg\u00f3 apoyos econ\u00f3micos a ejidatarios y representantes de bienes comunales del Estado de M\u00e9xico, por su compromiso con el cuidado, la conservaci\u00f3n y el crecimiento de las \u00e1reas forestales en la entidad.<\/p>\n<p>Asimismo, explic\u00f3 que estos apoyos consisten en un pago de mil 500 pesos por hect\u00e1rea protegida, y los cuales se entregan a trav\u00e9s de los programas Pago por Servicios Ambientales, Procarbono y del Programa de Reforestaci\u00f3n y Restauraci\u00f3n Integral de Microcuencas (Prorrim), a cargo de la Secretar\u00eda del Medio Ambiente estatal.<\/p>\n<p>\u201cEste programa reconoce a quienes cuidan de esos espacios de tierra que tienen y quienes se encargan de darle un uso responsable a los bosques. De ah\u00ed el programa de Pago por Servicios Ambientales que entregamos el d\u00eda de hoy, el programa Procarbono y el programa Prorrim, que busca reconocerles y apoyarles con mil 500 pesos por hect\u00e1rea a quienes demuestran que a\u00f1o con a\u00f1o cuidan de los bosques, que los protegen de los incendios forestales, que los protegen de la tala clandestina, que propician que haya un crecimiento para que la masa forestal siga creciendo y el d\u00eda de hoy les estamos entregando este reconocimiento\u201d, extern\u00f3.<\/p>\n<p>En la Plaza Estado de M\u00e9xico de Ixtapan del Oro, donde se reunieron\u00a0 cerca de 300 beneficiarios de estos programas forestales, Alfredo Del Mazo explic\u00f3 que este a\u00f1o se destinar\u00e1n 119 millones de pesos para esta estrategia de cuidado ambiental, y consider\u00f3 que el compromiso de estas personas contribuye a que la entidad mexiquense sea la \u00fanica en el pa\u00eds que aumenta su masa forestal a\u00f1o con a\u00f1o.<\/p>\n<p>A\u00f1adi\u00f3 que como parte del trabajo que realiza su gobierno, el a\u00f1o anterior el Estado de M\u00e9xico logr\u00f3 superar su meta de reforestaci\u00f3n con m\u00e1s de 16 mil hect\u00e1reas, mientras que en el combate de incendios forestales, en 2018 se registr\u00f3 una disminuci\u00f3n de 70 incendios en relaci\u00f3n con 2017, lo que representa 30 por ciento menos.<\/p>\n<p>\u201cQueremos seguir haciendo conciencia en quienes tienen la oportunidad de contar con estos espacios de bosques, pero tambi\u00e9n a todas las familias que van, que los visitan, que se acercan los fines de semana, para que tomen las precauciones necesarias, que no dejen fogatas prendidas, no tiren basura y para que seamos muy responsables del cuidado de nuestros bosques que son los que nos dan, adem\u00e1s del aire que respiramos, sustento de vida para muchas familias como las que est\u00e1n aqu\u00ed presentes\u201d, concluy\u00f3.<\/p>\n<p>Asegur\u00f3 que la administraci\u00f3n estatal continuar\u00e1 apoyando a los cuidadores de bosques, a quienes invit\u00f3 a acercarse al Gobierno del estado a obtener los permisos necesarios para hacer un uso responsable de los recursos maderables, ya que a diferencia de otras entidades del pa\u00eds, el Edom\u00e9x es el \u00fanico estado que tiene bajo su cargo estos programas.<\/p>\n<p>\u201cSomos el \u00fanico estado de la Rep\u00fablica que puede otorgar este programa; todos los dem\u00e1s estados lo hacen a trav\u00e9s de Semarnat, somos el \u00fanico estado que gracias al manejo que se lleva a cabo en Probosque y en la Secretar\u00eda del Medio Ambiente puede otorgar estos permisos para hacer un uso responsable, y el uso responsable significa que se pueda aprovechar el bosque, que se puedan aprovechar los recursos maderables, pero que tambi\u00e9n se pueda hacer de manera responsable para mantener una sustentabilidad dentro del manejo de los mismos\u201d, expres\u00f3 el mandatario estatal.<\/p>\n<p>En esta entrega de apoyos, Alfredo Del Mazo destac\u00f3 que, con una masa forestal de m\u00e1s de un mill\u00f3n de hect\u00e1reas, el Estado de M\u00e9xico tiene un gran compromiso para seguir cuidando sus bosques y para que sigan creciendo, ya que estas \u00e1reas\u00a0 propician beneficios tanto al medio ambiente, como a las familias que se dedican a su preservaci\u00f3n.<\/p>\n<p>Jorge Rescala P\u00e9rez, Secretario del Medio Ambiente, indic\u00f3 que seg\u00fan un estudio realizado por la Universidad Nacional Aut\u00f3noma de M\u00e9xico (UNAM), la masa forestal en el centro del pa\u00eds ha aumentado en zonas como la biosfera de la Mariposa Monarca, en Valle de Bravo, as\u00ed como en las regiones del Nevado de Toluca, la Sierra de las Cruces o el Ajusco, entre otras; en contraste con la tendencia que se mantiene en el resto de M\u00e9xico, donde los bosques van perdiendo terreno.<\/p>\n<p>###<\/p>\n<p><strong>Alfredo Del Mazo Maza <\/strong>entreg\u00f3 apoyos econ\u00f3micos a ejidatarios y representantes de bienes comunales del Estado de M\u00e9xico.<\/p>\n","protected":false},"excerpt":{"rendered":"<p>El gobernador Alfredo Del Mazo Maza entreg\u00f3 apoyos econ\u00f3micos a ejidatarios y representantes de bienes comunales del Estado de M\u00e9xico, por su compromiso con el cuidado, la conservaci\u00f3n y el crecimiento de las \u00e1reas forestales en la entidad.<\/p>\n","protected":false},"author":5,"featured_media":422783,"comment_status":"open","ping_status":"open","sticky":false,"template":"","format":"standard","meta":{"_monsterinsights_skip_tracking":false,"_monsterinsights_sitenote_active":false,"_monsterinsights_sitenote_note":"","_monsterinsights_sitenote_category":0,"footnotes":""},"categories":[5],"tags":[2505,18678,84329,84330,43675,84356,6789],"class_list":["post-422782","post","type-post","status-publish","format-standard","has-post-thumbnail","hentry","category-estado-de-mexico","tag-alfredo-del-mazo-maza","tag-apoyos","tag-apoyos-a-zonas-forestales","tag-conservacion-y-crecimiento","tag-estado-de-mexico","tag-ixtapan-del-oro","tag-secretaria-del-medio-ambiente"],"_links":{"self":[{"href":"https:\/\/www.diarioimagen.net\/index.php?rest_route=\/wp\/v2\/posts\/422782","targetHints":{"allow":["GET"]}}],"collection":[{"href":"https:\/\/www.diarioimagen.net\/index.php?rest_route=\/wp\/v2\/posts"}],"about":[{"href":"https:\/\/www.diarioimagen.net\/index.php?rest_route=\/wp\/v2\/types\/post"}],"author":[{"embeddable":true,"href":"https:\/\/www.diarioimagen.net\/index.php?rest_route=\/wp\/v2\/users\/5"}],"replies":[{"embeddable":true,"href":"https:\/\/www.diarioimagen.net\/index.php?rest_route=%2Fwp%2Fv2%2Fcomments&post=422782"}],"version-history":[{"count":0,"href":"https:\/\/www.diarioimagen.net\/index.php?rest_route=\/wp\/v2\/posts\/422782\/revisions"}],"wp:featuredmedia":[{"embeddable":true,"href":"https:\/\/www.diarioimagen.net\/index.php?rest_route=\/wp\/v2\/media\/422783"}],"wp:attachment":[{"href":"https:\/\/www.diarioimagen.net\/index.php?rest_route=%2Fwp%2Fv2%2Fmedia&parent=422782"}],"wp:term":[{"taxonomy":"category","embeddable":true,"href":"https:\/\/www.diarioimagen.net\/index.php?rest_route=%2Fwp%2Fv2%2Fcategories&post=422782"},{"taxonomy":"post_tag","embeddable":true,"href":"https:\/\/www.diarioimagen.net\/index.php?rest_route=%2Fwp%2Fv2%2Ftags&post=422782"}],"curies":[{"name":"wp","href":"https:\/\/api.w.org\/{rel}","templated":true}]}}