{"id":422858,"date":"2019-04-09T00:08:59","date_gmt":"2019-04-09T05:08:59","guid":{"rendered":"https:\/\/www.diarioimagen.net\/?p=422858"},"modified":"2019-04-09T06:28:17","modified_gmt":"2019-04-09T11:28:17","slug":"avanza-construccion-de-edificio-anexo-a-la-alcaldia-en-tultepec","status":"publish","type":"post","link":"https:\/\/www.diarioimagen.net\/?p=422858","title":{"rendered":"Avanza construcci\u00f3n de edificio anexo a la alcald\u00eda en Tultepec"},"content":{"rendered":"<ul>\n<li><strong><em>Se canalizaron 9 mdp en primera etapa<\/em><\/strong><\/li>\n<\/ul>\n<p>&nbsp;<\/p>\n<div id=\"attachment_422953\" style=\"width: 470px\" class=\"wp-caption aligncenter\"><a href=\"https:\/\/www.diarioimagen.net\/?attachment_id=422953\" rel=\"attachment wp-att-422953\"><img loading=\"lazy\" decoding=\"async\" aria-describedby=\"caption-attachment-422953\" class=\"size-large wp-image-422953\" src=\"https:\/\/www.diarioimagen.net\/wp-content\/uploads\/2019\/04\/TULTEPEC-9-460x259.jpg\" alt=\"\" width=\"460\" height=\"259\" srcset=\"https:\/\/www.diarioimagen.net\/wp-content\/uploads\/2019\/04\/TULTEPEC-9-460x259.jpg 460w, https:\/\/www.diarioimagen.net\/wp-content\/uploads\/2019\/04\/TULTEPEC-9-240x135.jpg 240w, https:\/\/www.diarioimagen.net\/wp-content\/uploads\/2019\/04\/TULTEPEC-9-235x132.jpg 235w, https:\/\/www.diarioimagen.net\/wp-content\/uploads\/2019\/04\/TULTEPEC-9-202x114.jpg 202w, https:\/\/www.diarioimagen.net\/wp-content\/uploads\/2019\/04\/TULTEPEC-9-350x196.jpg 350w, https:\/\/www.diarioimagen.net\/wp-content\/uploads\/2019\/04\/TULTEPEC-9-220x123.jpg 220w, https:\/\/www.diarioimagen.net\/wp-content\/uploads\/2019\/04\/TULTEPEC-9-237x132.jpg 237w, https:\/\/www.diarioimagen.net\/wp-content\/uploads\/2019\/04\/TULTEPEC-9.jpg 480w\" sizes=\"auto, (max-width: 460px) 100vw, 460px\" \/><\/a><p id=\"caption-attachment-422953\" class=\"wp-caption-text\">Con una inversi\u00f3n de \u00a09 millones 500 mil pesos en la primera etapa, avanza el nuevo edificio, que es la estructura, misma que se terminar\u00e1 a finales del mes de mayo.<\/p><\/div>\n<p>&nbsp;<\/p>\n<p><strong>Tultepec, Estado de M\u00e9xico<\/strong>.- Ante el crecimiento poblacional que ha tenido Tultepec en los \u00faltimos a\u00f1os, y en aras de ofrecer mejor atenci\u00f3n y servicio a la ciudadan\u00eda en las diferentes \u00e1reas que integran la administraci\u00f3n municipal, el gobierno que preside Armando Portuguez Fuentes, realiza trabajos de construcci\u00f3n del Edificio Anexo a la Presidencia Municipal.<\/p>\n<p>El nuevo edificio en construcci\u00f3n est\u00e1 ubicado en un predio de la calle Mariano Escobedo, es decir, a s\u00f3lo una calle en la parte posterior del actual Palacio Municipal, ser\u00e1 de dos niveles, contar\u00e1 con 50 cajones de estacionamiento y un auditorio.<\/p>\n<p>Al supervisar los avances de los trabajos, Oscar Ram\u00edrez Peralta, director de Obras P\u00fablicas, inform\u00f3 que luego de las excavaciones que iniciaron el a\u00f1o pasado, ya se realiza el vaciado de ollas de concreto en lo que ser\u00e1 un medio s\u00f3tano el cu\u00e1l albergar\u00e1 cerca de 50 cajones de estacionamiento, rampas de acceso de entrada y salida, as\u00f3 como un m\u00f3dulo de vigilancia.<\/p>\n<p>Con una inversi\u00f3n de aproximadamente 9 millones 500 mil pesos en la primera etapa del nuevo edificio, que es la estructura, misma que se contempla terminar a finales del mes de mayo.<\/p>\n<p>El edificio anexo a la Presidencia Municipal, estar\u00e1 soportada por zapatas corridas, muros de contenci\u00f3n, ambos de concreto armado al igual que columnas y trabes, las losas ser\u00e1n aligeradas o de nervadura con acero postensado de refuerzo adicional a su armado.<\/p>\n<p>El titular de Obras P\u00fablicas precis\u00f3 que el primer nivel contar\u00e1 con m\u00f3dulos de informaci\u00f3n, vigilancia, sanitarios, escaleras y elevador; donde se proyecta albergar las direcciones de agua potable, servicios p\u00fablicos, ecolog\u00eda, educaci\u00f3n, imagen urbana, desarrollo urbano y obras p\u00fablicas.<\/p>\n<p>En tanto que en el segundo nivel contar\u00e1 con m\u00f3dulo de ba\u00f1o, \u00e1rea de almacenamiento de archivo y un auditorio de cerca de 800 m2. Cada nivel consta de 1440 m2 de construcci\u00f3n aproximadamente, que en total da una suma de construcci\u00f3n de 4,800 m2.<\/p>\n<p>Se estima que los trabajos estructurales de la primera etapa concluyan a finales de mayo, lo cual deja todo preparado para a la segunda fase. Todo ello con la finalidad de contar con espacios m\u00e1s amplios y dignos, con el objetivo de brindar una atenci\u00f3n m\u00e1s eficiente y a la altura de la demanda de la ciudadan\u00eda tultepequense.<\/p>\n","protected":false},"excerpt":{"rendered":"<p>Ante el crecimiento poblacional que ha tenido Tultepec en los \u00faltimos a\u00f1os, y en aras de ofrecer mejor atenci\u00f3n y servicio a la ciudadan\u00eda en las diferentes \u00e1reas que integran la administraci\u00f3n municipal, el gobierno que preside Armando Portuguez Fuentes, realiza trabajos de construcci\u00f3n del Edificio Anexo a la Presidencia Municipal.<\/p>\n","protected":false},"author":3,"featured_media":422953,"comment_status":"open","ping_status":"open","sticky":false,"template":"","format":"standard","meta":{"_monsterinsights_skip_tracking":false,"_monsterinsights_sitenote_active":false,"_monsterinsights_sitenote_note":"","_monsterinsights_sitenote_category":0,"footnotes":""},"categories":[35155],"tags":[84361,17625,43675,3802],"class_list":["post-422858","post","type-post","status-publish","format-standard","has-post-thumbnail","hentry","category-estado-de-mexico-estado-de-mexico","tag-anexo","tag-construccion","tag-estado-de-mexico","tag-tultepec"],"_links":{"self":[{"href":"https:\/\/www.diarioimagen.net\/index.php?rest_route=\/wp\/v2\/posts\/422858","targetHints":{"allow":["GET"]}}],"collection":[{"href":"https:\/\/www.diarioimagen.net\/index.php?rest_route=\/wp\/v2\/posts"}],"about":[{"href":"https:\/\/www.diarioimagen.net\/index.php?rest_route=\/wp\/v2\/types\/post"}],"author":[{"embeddable":true,"href":"https:\/\/www.diarioimagen.net\/index.php?rest_route=\/wp\/v2\/users\/3"}],"replies":[{"embeddable":true,"href":"https:\/\/www.diarioimagen.net\/index.php?rest_route=%2Fwp%2Fv2%2Fcomments&post=422858"}],"version-history":[{"count":0,"href":"https:\/\/www.diarioimagen.net\/index.php?rest_route=\/wp\/v2\/posts\/422858\/revisions"}],"wp:featuredmedia":[{"embeddable":true,"href":"https:\/\/www.diarioimagen.net\/index.php?rest_route=\/wp\/v2\/media\/422953"}],"wp:attachment":[{"href":"https:\/\/www.diarioimagen.net\/index.php?rest_route=%2Fwp%2Fv2%2Fmedia&parent=422858"}],"wp:term":[{"taxonomy":"category","embeddable":true,"href":"https:\/\/www.diarioimagen.net\/index.php?rest_route=%2Fwp%2Fv2%2Fcategories&post=422858"},{"taxonomy":"post_tag","embeddable":true,"href":"https:\/\/www.diarioimagen.net\/index.php?rest_route=%2Fwp%2Fv2%2Ftags&post=422858"}],"curies":[{"name":"wp","href":"https:\/\/api.w.org\/{rel}","templated":true}]}}