{"id":422863,"date":"2019-04-09T00:05:46","date_gmt":"2019-04-09T05:05:46","guid":{"rendered":"https:\/\/www.diarioimagen.net\/?p=422863"},"modified":"2019-04-09T06:39:15","modified_gmt":"2019-04-09T11:39:15","slug":"en-huixquilucan-iniciaron-los-festejos-a-favor-de-la-ninez","status":"publish","type":"post","link":"https:\/\/www.diarioimagen.net\/?p=422863","title":{"rendered":"En Huixquilucan iniciaron los festejos a favor\u00a0 de la ni\u00f1ez"},"content":{"rendered":"<div id=\"attachment_422959\" style=\"width: 470px\" class=\"wp-caption aligncenter\"><a href=\"https:\/\/www.diarioimagen.net\/?attachment_id=422959\" rel=\"attachment wp-att-422959\"><img loading=\"lazy\" decoding=\"async\" aria-describedby=\"caption-attachment-422959\" class=\"size-large wp-image-422959\" src=\"https:\/\/www.diarioimagen.net\/wp-content\/uploads\/2019\/04\/HUIXQUILUCAN-9-460x259.jpg\" alt=\"\" width=\"460\" height=\"259\" srcset=\"https:\/\/www.diarioimagen.net\/wp-content\/uploads\/2019\/04\/HUIXQUILUCAN-9-460x259.jpg 460w, https:\/\/www.diarioimagen.net\/wp-content\/uploads\/2019\/04\/HUIXQUILUCAN-9-240x135.jpg 240w, https:\/\/www.diarioimagen.net\/wp-content\/uploads\/2019\/04\/HUIXQUILUCAN-9-235x132.jpg 235w, https:\/\/www.diarioimagen.net\/wp-content\/uploads\/2019\/04\/HUIXQUILUCAN-9-202x114.jpg 202w, https:\/\/www.diarioimagen.net\/wp-content\/uploads\/2019\/04\/HUIXQUILUCAN-9-350x196.jpg 350w, https:\/\/www.diarioimagen.net\/wp-content\/uploads\/2019\/04\/HUIXQUILUCAN-9-220x123.jpg 220w, https:\/\/www.diarioimagen.net\/wp-content\/uploads\/2019\/04\/HUIXQUILUCAN-9-237x132.jpg 237w, https:\/\/www.diarioimagen.net\/wp-content\/uploads\/2019\/04\/HUIXQUILUCAN-9.jpg 480w\" sizes=\"auto, (max-width: 460px) 100vw, 460px\" \/><\/a><p id=\"caption-attachment-422959\" class=\"wp-caption-text\">El cabildo\u00a0 de Toluca aprob\u00f3 la aplicaci\u00f3n de 266 millones 729 mil 676.87 pesos, para la ejecuci\u00f3n de obras y acciones relativas a seguridad, obra p\u00fablica y alumbrado.<\/p><\/div>\n<p>&nbsp;<\/p>\n<p><strong>Huixquilucan, Estado de M\u00e9xico<\/strong><strong>.- <\/strong>El gobierno municipal, encabezado por Enrique Vargas del Villar, y el Sistema para el Desarrollo Integral de la Familia (DIF), presidido por Romina Contreras Carrasco, realizaron un magno festival para celebrar a la ni\u00f1ez huixquiluquense.<\/p>\n<p>El Jard\u00edn de la Cultura, se convirti\u00f3 en un gran circo, que recibi\u00f3 a m\u00e1s de 20 mil personas, que en familia disfrutaron de juegos mec\u00e1nicos, cine, malabares, comida, as\u00ed como de un paseo en el trenecito.<\/p>\n<p>El presidente municipal, Enrique Vargas del Villar, asegur\u00f3 que su gobierno trabaja permanentemente para darle a los huixquiluquenses, espect\u00e1culos de calidad como en esta ocasi\u00f3n, con el circo Atayde Hermanos, completamente gratuito.<\/p>\n","protected":false},"excerpt":{"rendered":"<p>El gobierno municipal, encabezado por Enrique Vargas del Villar, y el Sistema para el Desarrollo Integral de la Familia (DIF), presidido por Romina Contreras Carrasco, realizaron un magno festival para celebrar a la ni\u00f1ez huixquiluquense.<\/p>\n","protected":false},"author":3,"featured_media":422959,"comment_status":"open","ping_status":"open","sticky":false,"template":"","format":"standard","meta":{"_monsterinsights_skip_tracking":false,"_monsterinsights_sitenote_active":false,"_monsterinsights_sitenote_note":"","_monsterinsights_sitenote_category":0,"footnotes":""},"categories":[35155],"tags":[47218,43675,1097,2953],"class_list":["post-422863","post","type-post","status-publish","format-standard","has-post-thumbnail","hentry","category-estado-de-mexico-estado-de-mexico","tag-enrique-vargas-del-villar","tag-estado-de-mexico","tag-huixquilucan","tag-sistema-para-el-desarrollo-integral-de-la-familia"],"_links":{"self":[{"href":"https:\/\/www.diarioimagen.net\/index.php?rest_route=\/wp\/v2\/posts\/422863","targetHints":{"allow":["GET"]}}],"collection":[{"href":"https:\/\/www.diarioimagen.net\/index.php?rest_route=\/wp\/v2\/posts"}],"about":[{"href":"https:\/\/www.diarioimagen.net\/index.php?rest_route=\/wp\/v2\/types\/post"}],"author":[{"embeddable":true,"href":"https:\/\/www.diarioimagen.net\/index.php?rest_route=\/wp\/v2\/users\/3"}],"replies":[{"embeddable":true,"href":"https:\/\/www.diarioimagen.net\/index.php?rest_route=%2Fwp%2Fv2%2Fcomments&post=422863"}],"version-history":[{"count":0,"href":"https:\/\/www.diarioimagen.net\/index.php?rest_route=\/wp\/v2\/posts\/422863\/revisions"}],"wp:featuredmedia":[{"embeddable":true,"href":"https:\/\/www.diarioimagen.net\/index.php?rest_route=\/wp\/v2\/media\/422959"}],"wp:attachment":[{"href":"https:\/\/www.diarioimagen.net\/index.php?rest_route=%2Fwp%2Fv2%2Fmedia&parent=422863"}],"wp:term":[{"taxonomy":"category","embeddable":true,"href":"https:\/\/www.diarioimagen.net\/index.php?rest_route=%2Fwp%2Fv2%2Fcategories&post=422863"},{"taxonomy":"post_tag","embeddable":true,"href":"https:\/\/www.diarioimagen.net\/index.php?rest_route=%2Fwp%2Fv2%2Ftags&post=422863"}],"curies":[{"name":"wp","href":"https:\/\/api.w.org\/{rel}","templated":true}]}}