{"id":422892,"date":"2019-04-09T00:04:14","date_gmt":"2019-04-09T05:04:14","guid":{"rendered":"https:\/\/www.diarioimagen.net\/?p=422892"},"modified":"2019-04-09T02:25:49","modified_gmt":"2019-04-09T07:25:49","slug":"reformita-la-de-amlo","status":"publish","type":"post","link":"https:\/\/www.diarioimagen.net\/?p=422892","title":{"rendered":"\u201cReformita\u201d, la de AMLO"},"content":{"rendered":"<h2>Espacio Electoral<\/h2>\n<h5>Eleazar Flores<strong>\u00a0<\/strong><\/h5>\n<p><strong>\u00a0<\/strong><\/p>\n<p><strong>\u00bfPor qu\u00e9 en Puebla?.-<\/strong> Con tan solo dos semanas de diferencia de la primera reuni\u00f3n en Chiapas, Elba Esther Gordillo Morales volvi\u00f3 a la cargada y ahora sin el respaldo p\u00fablico del yerno y nieto y con todas sus letras para no dejar dudas, anunci\u00f3 su intenci\u00f3n de buscar la presidencia del SNTE, que ahora \u201cni defiende ni nada, est\u00e1 callado, apabullado y nosotros aun no salimos del cascar\u00f3n\u201d.<\/p>\n<p>Se refer\u00eda al movimiento Maestros por M\u00e9xico, MxM, cuyo acto central se efectu\u00f3 ayer en Cholula, Puebla, y refiri\u00e9ndose a la nueva reforma educativa de la Cuarta Transformaci\u00f3n dijo que \u201cno sirven para nada, son mediocres y modestas\u201d, rematando consideradas como \u201cuna reformita\u201d, por lo que anunci\u00f3 su decisi\u00f3n de buscar la presidencia del SNTE con elecciones limpias.<\/p>\n<p>Sabedora de su buena memoria, recordar\u00e1 que hace exactamente dos semanas en Chiapas se celebr\u00f3 la primera reuni\u00f3n de Redes Sociales Progresistas, evento al que asisti\u00f3 con presencia discreta la profesora Gordillo, pues como organizadores del mismo aparecieron el yerno c\u00f3modo Guillermo Gonz\u00e1lez y el nieto consentido Ren\u00e9 Fujiwara, adem\u00e1s de Rafael Ochoa.<\/p>\n<p>Ah\u00ed se dijo que ser\u00eda la primera de 26 reuniones, con testimonio de funcionarios del INE pues la intenci\u00f3n es constituir a la brevedad un partido pol\u00edtico.<\/p>\n<p>La del domingo fue la segunda y as\u00ed se vendr\u00e1n dando, seguramente una por semana con la finalidad de llenar el requisito de las 26 en este mismo a\u00f1o para reportarlas al INE.<\/p>\n<p>Ahora en Cholula la mentora dijo que en esto de la \u201creformita\u201d la \u00fanica que ha hecho algo es la Coordinadora Nacional de Trabajadoras de la Educaci\u00f3n, CNTE, por lo que la necesidad de asumir la presidencia del Sindicato Nacional de Trabajadores de la Educaci\u00f3n, SNTE, mediante una elecci\u00f3n libre, seguramente para tener mayor fuerza y combatir la reforma educativa.<\/p>\n<p>M\u00e1s all\u00e1 del diminutivo \u201creformita\u201d de la chiapaneca, habr\u00e1 que evidenciar la debilidad presidencial pero sobre todo del secretario de Educaci\u00f3n, Esteban Moctezuma Barrag\u00e1n, quien en las pocas ocasiones que ha tenido la impostergable necesidad de negociar con la CNTE, ha tenido que estar acompa\u00f1ado de la secretaria de Gobernaci\u00f3n, Olga S\u00e1nchez.<\/p>\n<p>Con todos los cuestionamientos que le quiera ver o poner y el divisionismo que pudiera generar, es innegable el liderazgo de Gordillo Morales, incluso con sus cuestionamientos al presidente L\u00f3pez Obrador, que lejos de debilitarla podr\u00edan fortalecerla al interior del gremio, por lo que es un hecho que de buscar la presidencia del SNTE la ganar\u00eda con la mano en la cintura.<\/p>\n<p>Ser\u00e1 interesante conocer los puntos de vista de los dirigentes actuales del SNTE, la CNTE y del propio presidente L\u00f3pez Obrador.<\/p>\n<p><a href=\"mailto:elefa44@gmail.com\" target=\"_blank\" rel=\"noopener noreferrer\"><em>elefa44@gmail.com<\/em><\/a><\/p>\n","protected":false},"excerpt":{"rendered":"<p><span style=\"color: #005497;\"><strong>Eleazar Flores<\/strong><\/span><\/p>\n","protected":false},"author":3,"featured_media":0,"comment_status":"open","ping_status":"open","sticky":false,"template":"","format":"standard","meta":{"_monsterinsights_skip_tracking":false,"_monsterinsights_sitenote_active":false,"_monsterinsights_sitenote_note":"","_monsterinsights_sitenote_category":0,"footnotes":""},"categories":[81743],"tags":[81744,81776,43674],"class_list":["post-422892","post","type-post","status-publish","format-standard","hentry","category-eleazar-flores","tag-eleazar-flores","tag-espacio-electoral","tag-opinion"],"_links":{"self":[{"href":"https:\/\/www.diarioimagen.net\/index.php?rest_route=\/wp\/v2\/posts\/422892","targetHints":{"allow":["GET"]}}],"collection":[{"href":"https:\/\/www.diarioimagen.net\/index.php?rest_route=\/wp\/v2\/posts"}],"about":[{"href":"https:\/\/www.diarioimagen.net\/index.php?rest_route=\/wp\/v2\/types\/post"}],"author":[{"embeddable":true,"href":"https:\/\/www.diarioimagen.net\/index.php?rest_route=\/wp\/v2\/users\/3"}],"replies":[{"embeddable":true,"href":"https:\/\/www.diarioimagen.net\/index.php?rest_route=%2Fwp%2Fv2%2Fcomments&post=422892"}],"version-history":[{"count":0,"href":"https:\/\/www.diarioimagen.net\/index.php?rest_route=\/wp\/v2\/posts\/422892\/revisions"}],"wp:attachment":[{"href":"https:\/\/www.diarioimagen.net\/index.php?rest_route=%2Fwp%2Fv2%2Fmedia&parent=422892"}],"wp:term":[{"taxonomy":"category","embeddable":true,"href":"https:\/\/www.diarioimagen.net\/index.php?rest_route=%2Fwp%2Fv2%2Fcategories&post=422892"},{"taxonomy":"post_tag","embeddable":true,"href":"https:\/\/www.diarioimagen.net\/index.php?rest_route=%2Fwp%2Fv2%2Ftags&post=422892"}],"curies":[{"name":"wp","href":"https:\/\/api.w.org\/{rel}","templated":true}]}}