{"id":422989,"date":"2019-04-10T00:11:08","date_gmt":"2019-04-10T05:11:08","guid":{"rendered":"https:\/\/www.diarioimagen.net\/?p=422989"},"modified":"2019-04-09T23:42:52","modified_gmt":"2019-04-10T04:42:52","slug":"avance-de-cerca-del-60-en-regularizacion-del-transporte-publico-en-edomex","status":"publish","type":"post","link":"https:\/\/www.diarioimagen.net\/?p=422989","title":{"rendered":"Avanza la regularizaci\u00f3n de unidades del transporte p\u00fablico"},"content":{"rendered":"<ul>\n<li><em><strong>Banderazo de salida a otras 360 camionetas con kit de seguridad<\/strong><\/em><\/li>\n<li><em><strong>Destaca el gobernador Del Mazo mayor orden de transportistas<\/strong><\/em><\/li>\n<\/ul>\n<p>&nbsp;<\/p>\n<div id=\"attachment_422990\" style=\"width: 470px\" class=\"wp-caption aligncenter\"><img loading=\"lazy\" decoding=\"async\" aria-describedby=\"caption-attachment-422990\" class=\"wp-image-422990 size-large\" src=\"https:\/\/www.diarioimagen.net\/wp-content\/uploads\/2019\/04\/DEL-MAZO10-portal-460x268.jpg\" alt=\"\" width=\"460\" height=\"268\" srcset=\"https:\/\/www.diarioimagen.net\/wp-content\/uploads\/2019\/04\/DEL-MAZO10-portal-460x268.jpg 460w, https:\/\/www.diarioimagen.net\/wp-content\/uploads\/2019\/04\/DEL-MAZO10-portal-240x140.jpg 240w, https:\/\/www.diarioimagen.net\/wp-content\/uploads\/2019\/04\/DEL-MAZO10-portal.jpg 480w\" sizes=\"auto, (max-width: 460px) 100vw, 460px\" \/><p id=\"caption-attachment-422990\" class=\"wp-caption-text\">Alfredo Del Mazo dio el banderazo de salida a 360 Unidades de Transporte P\u00fablico con kit de seguridad de la empresa Red de Transportes Ruta 98.<\/p><\/div>\n<p>&nbsp;<\/p>\n<p>&nbsp;<\/p>\n<p><strong>La Paz, Estado de M\u00e9xico<\/strong>.- Uno de los objetivos de la administraci\u00f3n estatal es contar con un transporte p\u00fablico que brinde a los mexiquenses un servicio de calidad, por lo cual, se lleva a cabo un programa de regularizaci\u00f3n de las unidades de transporte, acci\u00f3n que lleva un avance de cerca del 60 por ciento, gracias al compromiso de las empresas transportistas, afirm\u00f3 el gobernador Alfredo Del Mazo Maza.<\/p>\n<p>\u201cGracias al compromiso de las empresas transportistas, gracias al apoyo de los operadores, de todos los involucrados en el sector, es que hoy en d\u00eda se ha logrado llegar a un avance del 59 por ciento de regularizaci\u00f3n de las unidades de transporte.<\/p>\n<p>\u201cLlevamos cerca de 98 mil 600 unidades regularizadas, lo que se traduce en tener un mayor orden en el transporte p\u00fablico, evitar el que haya duplicidad de funciones o que haya transportes p\u00fablicos que no cumplen con la regularizaci\u00f3n y que est\u00e1n brindando servicio a los usuarios y que, muchas veces, incluso, afectan la imagen de los transportistas que lo hacen de manera correcta y que cumplen con todas las condiciones que les marca la ley\u201d.<\/p>\n<p>El gobernador mexiquense destac\u00f3 tambi\u00e9n que a la fecha se han modernizado m\u00e1s de 26 mil 700 unidades de transporte que ten\u00edan m\u00e1s de 10 a\u00f1os de servicio, lo que permitir\u00e1 brindar mayor seguridad a los usuarios.<\/p>\n<p>Tambi\u00e9n invit\u00f3 a los empresarios del sector a sumarse a estos esfuerzos de regularizaci\u00f3n y modernizaci\u00f3n, as\u00ed como de fortalecimiento de la seguridad en las unidades, ordenamiento de rutas y capacitaci\u00f3n de los operadores, con la finalidad de dar mejores condiciones de viabilidad y seguridad a los usuarios.<\/p>\n<p>En este evento, Alfredo Del Mazo dio el banderazo de salida a 360 unidades de transporte p\u00fablico de la Red de Transportes Ruta 98, las cuales ya cuentan con el kit de seguridad que consiste en c\u00e1maras de videovigilancia, bot\u00f3n de p\u00e1nico y sistema GPS.<\/p>\n<p>\u201cHoy somos testigos de ello, ante la puesta en marcha de 360 unidades de transporte de la Ruta 98, que est\u00e1n apoyando a las familias de La Paz, de Chicoloapan, de Valle de Chalco, de Chalco, de Ixtapaluca, de Texcoco, y que gracias a la modernizaci\u00f3n de estas unidades es que podr\u00e1n brindar un mejor servicio, porque son unidades nuevas, en este proceso de renovaci\u00f3n que est\u00e1 teniendo y gracias a la instalaci\u00f3n de sistemas de seguridad, que permiten fortalecer la seguridad en el transporte\u201d.<\/p>\n<p>Manifest\u00f3 que la seguridad para los usuarios y los operadores es una de las prioridades en este sector, por lo que a la fecha 8 mil 600 unidades de transporte p\u00fablico ya cuentan con este kit, el cual permite inhibir la delincuencia, ayuda en la reconstrucci\u00f3n de hechos cuando hay un incidente y se presenta la denuncia, as\u00ed como actuar de manera m\u00e1s r\u00e1pida en caso de registrarse alguna actividad delictiva.<\/p>\n<p>Asimismo, dio a conocer que en la Zona Metropolitana del Valle de M\u00e9xico (ZMVM) se realizan diariamente m\u00e1s de 34 millones de viajes, tan s\u00f3lo en los 59 municipios mexiquenses que forman parte de esta regi\u00f3n, se llevan a cabo m\u00e1s de 17 millones de viajes, de los cuales, el 41 por ciento son en transporte p\u00fablico.<\/p>\n<p>Adem\u00e1s de los 4.5 millones de mexiquenses que utilizan el transporte p\u00fablico diariamente, 3.5 millones se desplazan en vagonetas o autobuses colectivos.<\/p>\n<p>Por tal motivo, reconoci\u00f3 a los concesionarios, operadores y usuarios que trabajan en la consolidaci\u00f3n de un sistema de movilidad moderno y vanguardista, como lo son aquellas unidades que ya cuentan con su kit de seguridad, adem\u00e1s de promover un desarrollo urbano orientado al transporte p\u00fablico que promueve la recuperaci\u00f3n de espacios, la seguridad y el incremento de usuarios.<\/p>\n<p>Del Mazo Maza tambi\u00e9n tom\u00f3 protesta al Observatorio Ciudadano de Movilidad, en donde participan la sociedad civil, empresarios, academia, operadores, servidores p\u00fablicos estatales y municipales, en un esquema que permitir\u00e1 brindar un mejor servicio en este sector.<\/p>\n<p>\u201cQuiero reconocer a este \u00f3rgano que est\u00e1 conformado por 32 representantes, que se han sumado a esta tarea y que gracias a la academia, empresas y organizaciones de la sociedad civil y su compromiso con el sector permitir\u00e1n trabajar con sus contribuciones para fortalecer el proyecto de movilidad del Estado de M\u00e9xico, al darle un car\u00e1cter diverso y plural que requiere fortalecer la competitividad, el desarrollo y la productividad de este importante sector\u201d, agreg\u00f3.<\/p>\n<p>Durante su intervenci\u00f3n, el Secretario de Movilidad, Raymundo Mart\u00ednez Carbajal, destac\u00f3 que se trabaja en un acuerdo que permita que 42 mil prestadores de servicios de taxis puedan iniciar su regularizaci\u00f3n en el mes de mayo.<\/p>\n<p>Adem\u00e1s, dijo que con los programas que impulsa el Gobierno del estado en materia de movilidad se construye un c\u00edrculo virtuoso, para que los mexiquenses recuperen la esperanza, la paz y la armon\u00eda, prop\u00f3sito en el que no se descansar\u00e1.<\/p>\n","protected":false},"excerpt":{"rendered":"<p>Uno de los objetivos de la administraci\u00f3n estatal es contar con un transporte p\u00fablico que brinde a los mexiquenses un servicio de calidad, por lo cual, se lleva a cabo un programa de regularizaci\u00f3n de las unidades de transporte, acci\u00f3n que lleva un avance de cerca del 60 por ciento, gracias al compromiso de las empresas transportistas, afirm\u00f3 el gobernador Alfredo Del Mazo Maza.<\/p>\n","protected":false},"author":5,"featured_media":422990,"comment_status":"open","ping_status":"open","sticky":false,"template":"","format":"standard","meta":{"_monsterinsights_skip_tracking":false,"_monsterinsights_sitenote_active":false,"_monsterinsights_sitenote_note":"","_monsterinsights_sitenote_category":0,"footnotes":""},"categories":[5],"tags":[2505,84372,84370,84373,84374,84371,43675,84369,2324,4470,84368],"class_list":["post-422989","post","type-post","status-publish","format-standard","has-post-thumbnail","hentry","category-estado-de-mexico","tag-alfredo-del-mazo-maza","tag-de-chalco","tag-de-chicoloapan","tag-de-ixtapaluca","tag-de-texcoco","tag-de-valle-de-chalco","tag-estado-de-mexico","tag-kit-de-seguridad","tag-la-paz","tag-paz","tag-transporte-publico-en-edomex"],"_links":{"self":[{"href":"https:\/\/www.diarioimagen.net\/index.php?rest_route=\/wp\/v2\/posts\/422989","targetHints":{"allow":["GET"]}}],"collection":[{"href":"https:\/\/www.diarioimagen.net\/index.php?rest_route=\/wp\/v2\/posts"}],"about":[{"href":"https:\/\/www.diarioimagen.net\/index.php?rest_route=\/wp\/v2\/types\/post"}],"author":[{"embeddable":true,"href":"https:\/\/www.diarioimagen.net\/index.php?rest_route=\/wp\/v2\/users\/5"}],"replies":[{"embeddable":true,"href":"https:\/\/www.diarioimagen.net\/index.php?rest_route=%2Fwp%2Fv2%2Fcomments&post=422989"}],"version-history":[{"count":0,"href":"https:\/\/www.diarioimagen.net\/index.php?rest_route=\/wp\/v2\/posts\/422989\/revisions"}],"wp:featuredmedia":[{"embeddable":true,"href":"https:\/\/www.diarioimagen.net\/index.php?rest_route=\/wp\/v2\/media\/422990"}],"wp:attachment":[{"href":"https:\/\/www.diarioimagen.net\/index.php?rest_route=%2Fwp%2Fv2%2Fmedia&parent=422989"}],"wp:term":[{"taxonomy":"category","embeddable":true,"href":"https:\/\/www.diarioimagen.net\/index.php?rest_route=%2Fwp%2Fv2%2Fcategories&post=422989"},{"taxonomy":"post_tag","embeddable":true,"href":"https:\/\/www.diarioimagen.net\/index.php?rest_route=%2Fwp%2Fv2%2Ftags&post=422989"}],"curies":[{"name":"wp","href":"https:\/\/api.w.org\/{rel}","templated":true}]}}