{"id":423021,"date":"2019-04-10T00:08:08","date_gmt":"2019-04-10T05:08:08","guid":{"rendered":"https:\/\/www.diarioimagen.net\/?p=423021"},"modified":"2019-04-11T00:18:44","modified_gmt":"2019-04-11T05:18:44","slug":"entregan-hoy-proyecto-de-reforma-a-ley-universitaria","status":"publish","type":"post","link":"https:\/\/www.diarioimagen.net\/?p=423021","title":{"rendered":"Entregan hoy proyecto de reforma a Ley Universitaria"},"content":{"rendered":"<ul>\n<li><strong><em>El rector Alfredo Barrera acudir\u00e1 al Congreso mexiquense<\/em><\/strong><\/li>\n<\/ul>\n<p>&nbsp;<\/p>\n<div id=\"attachment_423108\" style=\"width: 470px\" class=\"wp-caption aligncenter\"><a href=\"https:\/\/www.diarioimagen.net\/?attachment_id=423108\" rel=\"attachment wp-att-423108\"><img loading=\"lazy\" decoding=\"async\" aria-describedby=\"caption-attachment-423108\" class=\"size-large wp-image-423108\" src=\"https:\/\/www.diarioimagen.net\/wp-content\/uploads\/2019\/04\/UAEM-10-460x259.jpg\" alt=\"\" width=\"460\" height=\"259\" srcset=\"https:\/\/www.diarioimagen.net\/wp-content\/uploads\/2019\/04\/UAEM-10-460x259.jpg 460w, https:\/\/www.diarioimagen.net\/wp-content\/uploads\/2019\/04\/UAEM-10-240x135.jpg 240w, https:\/\/www.diarioimagen.net\/wp-content\/uploads\/2019\/04\/UAEM-10-235x132.jpg 235w, https:\/\/www.diarioimagen.net\/wp-content\/uploads\/2019\/04\/UAEM-10-202x114.jpg 202w, https:\/\/www.diarioimagen.net\/wp-content\/uploads\/2019\/04\/UAEM-10-350x196.jpg 350w, https:\/\/www.diarioimagen.net\/wp-content\/uploads\/2019\/04\/UAEM-10-220x123.jpg 220w, https:\/\/www.diarioimagen.net\/wp-content\/uploads\/2019\/04\/UAEM-10-237x132.jpg 237w, https:\/\/www.diarioimagen.net\/wp-content\/uploads\/2019\/04\/UAEM-10.jpg 480w\" sizes=\"auto, (max-width: 460px) 100vw, 460px\" \/><\/a><p id=\"caption-attachment-423108\" class=\"wp-caption-text\">El H. Consejo Universitario de la UAEM aprob\u00f3 que este mi\u00e9rcoles, el rector Alfredo Barrera Baca presente ante la LX Legislatura mexiquense el proyecto institucional de reforma.<\/p><\/div>\n<p>&nbsp;<\/p>\n<p><strong>Toluca, Estado de M\u00e9xico<\/strong>.\u2013 Por unanimidad, el H. Consejo Universitario de la Universidad Aut\u00f3noma del Estado de M\u00e9xico aprob\u00f3 que este mi\u00e9rcoles 10 de abril, a las 12:00 horas, el rector Alfredo Barrera Baca presente ante la LX Legislatura mexiquense el proyecto institucional de reforma a la ley de esta casa de estudios.<\/p>\n<p>En sesi\u00f3n extraordinaria del m\u00e1ximo \u00f3rgano de gobierno de la Aut\u00f3noma mexiquense, Alfredo Barrera destac\u00f3 que esta iniciativa institucional cuenta con el respaldo de los consejos de gobierno de los 41 espacios acad\u00e9micos de la instituci\u00f3n y fue aprobado por unanimidad en el pleno del Consejo Universitario, el pasado 28 de junio.<\/p>\n<p>Indic\u00f3 que esta iniciativa es resultado de 14 sesiones de labor colegiada por parte de las comisiones de Legislaci\u00f3n Universitaria y Especial del Programa Legislativo.<\/p>\n<p>\u201cEs una propuesta responsable con respecto al manejo de los recursos, que vela por el desarrollo de la comunidad universitaria y recupera 80 por ciento de las propuestas presentadas por universitarios que no estuvieron de acuerdo con la propuesta inicial\u201d, subray\u00f3.<\/p>\n<p>El H. Consejo Universitario aprob\u00f3 que el rector solicite a la LX Legislatura local que desestime la iniciativa de Ley de Proyecto de Decreto para Reformar la Ley de la Universidad Aut\u00f3noma del Estado de M\u00e9xico presentada ante el pleno de la soberan\u00eda legislativa estatal el pasado 4 de abril.\u00a0 En su origen, afirm\u00f3 Barrera Baca, esta propuesta est\u00e1 ilegalmente constituida y no representa bajo ning\u00fan concepto los intereses, fines y prop\u00f3sitos de la instituci\u00f3n. Atenta contra la autonom\u00eda universitaria, prerrogativa de car\u00e1cter constitucional de la UAEM.<\/p>\n<p>El rector hizo un llamado a la comunidad de esta casa de estudios para que, de forma voluntaria, lo acompa\u00f1en al recinto de la LX Legislatura mexiquense, donde personalmente entregar\u00e1 el proyecto institucional.<\/p>\n<p>En su oportunidad, el director de la Facultad de Medicina Veterinaria y Zootecnia, Roberto Montes de Oca Jim\u00e9nez, expres\u00f3 que la autonom\u00eda universitaria rinde frutos en la consolidaci\u00f3n de la excelencia acad\u00e9mica de la instituci\u00f3n. \u201cEstos resultados merecen la defensa de la comunidad universitaria\u201d.<\/p>\n<p>Mariano Jos\u00e9 de Le\u00f3n Sanabria, consejero alumno de la Facultad de Contadur\u00eda y Administraci\u00f3n, subray\u00f3 la necesidad de hacer valer la propuesta institucional para reformar la Ley Universitaria ante los legisladores mexiquenses.<\/p>\n<p>El director de la Facultad de Derecho, Jos\u00e9 Alan\u00eds Tavira, manifest\u00f3 que ninguna autoridad local puede transgredir la autonom\u00eda universitaria, ya que esta prerrogativa est\u00e1 reconocida en la Constituci\u00f3n Pol\u00edtica de los Estados Unidos Mexicanos.<\/p>\n<p>La profesora de la Faculta de Medicina, Clementina Jim\u00e9nez Garc\u00e9s, se\u00f1al\u00f3 que la autonom\u00eda de la instituci\u00f3n no puede ser menoscabada por un grupo reducido de profesores.<\/p>\n<p>El alumno de la Facultad de Derecho, Jorge Antonio Ortega, sostuvo que los universitarios no deben ceder cuando se trata de la autonom\u00eda institucional y que su defensa ser\u00e1 ejemplo para otras instituciones de educaci\u00f3n superior en el pa\u00eds.<\/p>\n<p>Los secretarios generales de la Federaci\u00f3n de Asociaciones Aut\u00f3nomas de Personal Acad\u00e9mico de la UAEM (FAAPAUAEM), Gilda Gonz\u00e1lez Villase\u00f1or, y del Sindicato \u00danico de Trabajadores y Empleados al Servicio de la UAEM (SUTESUAEM), Pedro Rodr\u00edguez Magallanes, expresaron el respaldo irrestricto de ambas agrupaciones gremiales al rector Alfredo Barrera Baca en su defensa de la autonom\u00eda universitaria.<\/p>\n","protected":false},"excerpt":{"rendered":"<p>Por unanimidad, el H. Consejo Universitario de la Universidad Aut\u00f3noma del Estado de M\u00e9xico aprob\u00f3 que este mi\u00e9rcoles 10 de abril, a las 12:00 horas, el rector Alfredo Barrera Baca presente ante la LX Legislatura mexiquense el proyecto institucional de reforma a la ley de esta casa de estudios.<\/p>\n","protected":false},"author":3,"featured_media":423108,"comment_status":"open","ping_status":"open","sticky":false,"template":"","format":"standard","meta":{"_monsterinsights_skip_tracking":false,"_monsterinsights_sitenote_active":false,"_monsterinsights_sitenote_note":"","_monsterinsights_sitenote_category":0,"footnotes":""},"categories":[5],"tags":[43675,84394,19100,1246,452],"class_list":["post-423021","post","type-post","status-publish","format-standard","has-post-thumbnail","hentry","category-estado-de-mexico","tag-estado-de-mexico","tag-ley-universitaria","tag-proyecto","tag-reforma","tag-toluca"],"_links":{"self":[{"href":"https:\/\/www.diarioimagen.net\/index.php?rest_route=\/wp\/v2\/posts\/423021","targetHints":{"allow":["GET"]}}],"collection":[{"href":"https:\/\/www.diarioimagen.net\/index.php?rest_route=\/wp\/v2\/posts"}],"about":[{"href":"https:\/\/www.diarioimagen.net\/index.php?rest_route=\/wp\/v2\/types\/post"}],"author":[{"embeddable":true,"href":"https:\/\/www.diarioimagen.net\/index.php?rest_route=\/wp\/v2\/users\/3"}],"replies":[{"embeddable":true,"href":"https:\/\/www.diarioimagen.net\/index.php?rest_route=%2Fwp%2Fv2%2Fcomments&post=423021"}],"version-history":[{"count":0,"href":"https:\/\/www.diarioimagen.net\/index.php?rest_route=\/wp\/v2\/posts\/423021\/revisions"}],"wp:featuredmedia":[{"embeddable":true,"href":"https:\/\/www.diarioimagen.net\/index.php?rest_route=\/wp\/v2\/media\/423108"}],"wp:attachment":[{"href":"https:\/\/www.diarioimagen.net\/index.php?rest_route=%2Fwp%2Fv2%2Fmedia&parent=423021"}],"wp:term":[{"taxonomy":"category","embeddable":true,"href":"https:\/\/www.diarioimagen.net\/index.php?rest_route=%2Fwp%2Fv2%2Fcategories&post=423021"},{"taxonomy":"post_tag","embeddable":true,"href":"https:\/\/www.diarioimagen.net\/index.php?rest_route=%2Fwp%2Fv2%2Ftags&post=423021"}],"curies":[{"name":"wp","href":"https:\/\/api.w.org\/{rel}","templated":true}]}}