{"id":423030,"date":"2019-04-10T00:10:46","date_gmt":"2019-04-10T05:10:46","guid":{"rendered":"https:\/\/www.diarioimagen.net\/?p=423030"},"modified":"2019-04-10T05:15:55","modified_gmt":"2019-04-10T10:15:55","slug":"mejor-servicio-a-la-ciudadania-en-materia-de-justicia-laboral","status":"publish","type":"post","link":"https:\/\/www.diarioimagen.net\/?p=423030","title":{"rendered":"Mejor servicio a la ciudadan\u00eda en materia de justicia laboral"},"content":{"rendered":"<h2>Arco Norte<\/h2>\n<h5>Jos\u00e9 Luis Monta\u00f1ez Aguilar<\/h5>\n<p>&nbsp;<\/p>\n<div id=\"attachment_423111\" style=\"width: 470px\" class=\"wp-caption aligncenter\"><a href=\"https:\/\/www.diarioimagen.net\/?attachment_id=423111\" rel=\"attachment wp-att-423111\"><img loading=\"lazy\" decoding=\"async\" aria-describedby=\"caption-attachment-423111\" class=\"size-large wp-image-423111\" src=\"https:\/\/www.diarioimagen.net\/wp-content\/uploads\/2019\/04\/arco-3-460x259.jpg\" alt=\"\" width=\"460\" height=\"259\" srcset=\"https:\/\/www.diarioimagen.net\/wp-content\/uploads\/2019\/04\/arco-3-460x259.jpg 460w, https:\/\/www.diarioimagen.net\/wp-content\/uploads\/2019\/04\/arco-3-240x135.jpg 240w, https:\/\/www.diarioimagen.net\/wp-content\/uploads\/2019\/04\/arco-3-235x132.jpg 235w, https:\/\/www.diarioimagen.net\/wp-content\/uploads\/2019\/04\/arco-3-202x114.jpg 202w, https:\/\/www.diarioimagen.net\/wp-content\/uploads\/2019\/04\/arco-3-350x196.jpg 350w, https:\/\/www.diarioimagen.net\/wp-content\/uploads\/2019\/04\/arco-3-220x123.jpg 220w, https:\/\/www.diarioimagen.net\/wp-content\/uploads\/2019\/04\/arco-3-237x132.jpg 237w, https:\/\/www.diarioimagen.net\/wp-content\/uploads\/2019\/04\/arco-3.jpg 480w\" sizes=\"auto, (max-width: 460px) 100vw, 460px\" \/><\/a><p id=\"caption-attachment-423111\" class=\"wp-caption-text\">El H. Consejo Universitario de la UAEM aprob\u00f3 que este mi\u00e9rcoles, el rector Alfredo Barrera Baca presente ante la LX Legislatura mexiquense el proyecto institucional de reforma.<\/p><\/div>\n<p>&nbsp;<\/p>\n<p>Con el prop\u00f3sito de ofrecer un mejor servicio a la ciudadan\u00eda en materia de justicia laboral, la secretaria del Trabajo, Martha Hilda Gonz\u00e1lez Calder\u00f3n, inaugur\u00f3 las oficinas de las Juntas Especiales 8 y 9 de la Junta Local de Conciliaci\u00f3n y Arbitraje del Valle Cuautitl\u00e1n-Texcoco, as\u00ed como de la Procuradur\u00eda de la Defensa del Trabajo.<\/p>\n<p>Acompa\u00f1ada por los presidentes de la Junta Local de Conciliaci\u00f3n y Arbitraje del Valle Cuautitl\u00e1n-Texcoco, Jes\u00fas Far\u00edas Mu\u00f1oz, as\u00ed como de los Congresos del Trabajo y Laboral del Estado de M\u00e9xico, Jos\u00e9 Luis Canchola y \u00d3scar Moreno, respectivamente, la funcionaria estatal destac\u00f3 que en estos sitios se atender\u00e1n a m\u00e1s de mil personas diariamente.<\/p>\n<p>En presencia de l\u00edderes sindicales y representantes obreros ante las Juntas de Conciliaci\u00f3n y Arbitraje del Valle Cuautitl\u00e1n-Texcoco destac\u00f3 que se da cumplimiento a las instrucciones del gobernador Alfredo Del Mazo Maza, de dignificar los espacios y acercar los servicios a la ciudadan\u00eda.<\/p>\n<p>Mencion\u00f3 que en este lugar se estar\u00e1n ventilando los juicios laborales de 14 municipios, entre ellos Apaxco, Coyotepec, Cuautitl\u00e1n, Cuautitl\u00e1n Izcalli, Huehuetoca, Hueypoxtla, Melchor Ocampo, Teoloyucan, Tepotzotl\u00e1n y Tequixquiac.<\/p>\n<p>Asimismo, hizo el compromiso de apoyar para mejorar las oficinas de Ecatepec, que por el n\u00famero de empresas asentadas en esta regi\u00f3n se atienden una cantidad importante de juicios laborales.<\/p>\n<p>Por su parte, Jes\u00fas Far\u00edas Mu\u00f1oz, presidente de la Junta Local de Conciliaci\u00f3n y Arbitraje del Valle Cuautitl\u00e1n Texcoco, agradeci\u00f3 el apoyo que se les brind\u00f3 para contar con espacios m\u00e1s amplios y as\u00ed brindar un mejor servicio a quienes acuden ante estas instancias en busca de justicia laboral.<\/p>\n<p>Expres\u00f3 que en las Juntas 8 y 9, en las que actualmente existen un promedio de 8 mil 203 juicios en tr\u00e1mite, las principales actividades son las audiencias que se realizan cada d\u00eda, as\u00ed como los convenios con juicio y sin juicio.<\/p>\n<p>A la inauguraci\u00f3n asistieron el procurador de la Defensa del Trabajo, Miguel \u00c1ngel Terr\u00f3n; el presidente del Tribunal Estatal de Conciliaci\u00f3n y Arbitraje, Gerardo Becker Ania, y el director del ICATI, Jaime Rebollo Hern\u00e1ndez, entre otros.<\/p>\n<p><em><a href=\"mailto:montanezaguilar@gmail.com\" target=\"_blank\" rel=\"noopener noreferrer\">montanezaguilar@gmail.com<\/a><\/em><\/p>\n","protected":false},"excerpt":{"rendered":"<p><span style=\"color: #005497;\">Jos\u00e9 Luis Monta\u00f1ez Aguilar<\/span><br \/>\n<br \/>\nCon el prop\u00f3sito de ofrecer un mejor servicio a la ciudadan\u00eda en materia de justicia laboral, la secretaria del Trabajo, Martha Hilda Gonz\u00e1lez Calder\u00f3n, inaugur\u00f3 las oficinas de las Juntas Especiales 8 y 9 de la Junta Local de Conciliaci\u00f3n y Arbitraje del Valle Cuautitl\u00e1n-Texcoco, as\u00ed como de la Procuradur\u00eda de la Defensa del Trabajo.<\/p>\n","protected":false},"author":3,"featured_media":423111,"comment_status":"open","ping_status":"open","sticky":false,"template":"","format":"standard","meta":{"_monsterinsights_skip_tracking":false,"_monsterinsights_sitenote_active":false,"_monsterinsights_sitenote_note":"","_monsterinsights_sitenote_category":0,"footnotes":""},"categories":[5],"tags":[13284,43704,43674],"class_list":["post-423030","post","type-post","status-publish","format-standard","has-post-thumbnail","hentry","category-estado-de-mexico","tag-arco-norte","tag-jose-luis-montanez-aguilar","tag-opinion"],"_links":{"self":[{"href":"https:\/\/www.diarioimagen.net\/index.php?rest_route=\/wp\/v2\/posts\/423030","targetHints":{"allow":["GET"]}}],"collection":[{"href":"https:\/\/www.diarioimagen.net\/index.php?rest_route=\/wp\/v2\/posts"}],"about":[{"href":"https:\/\/www.diarioimagen.net\/index.php?rest_route=\/wp\/v2\/types\/post"}],"author":[{"embeddable":true,"href":"https:\/\/www.diarioimagen.net\/index.php?rest_route=\/wp\/v2\/users\/3"}],"replies":[{"embeddable":true,"href":"https:\/\/www.diarioimagen.net\/index.php?rest_route=%2Fwp%2Fv2%2Fcomments&post=423030"}],"version-history":[{"count":0,"href":"https:\/\/www.diarioimagen.net\/index.php?rest_route=\/wp\/v2\/posts\/423030\/revisions"}],"wp:featuredmedia":[{"embeddable":true,"href":"https:\/\/www.diarioimagen.net\/index.php?rest_route=\/wp\/v2\/media\/423111"}],"wp:attachment":[{"href":"https:\/\/www.diarioimagen.net\/index.php?rest_route=%2Fwp%2Fv2%2Fmedia&parent=423030"}],"wp:term":[{"taxonomy":"category","embeddable":true,"href":"https:\/\/www.diarioimagen.net\/index.php?rest_route=%2Fwp%2Fv2%2Fcategories&post=423030"},{"taxonomy":"post_tag","embeddable":true,"href":"https:\/\/www.diarioimagen.net\/index.php?rest_route=%2Fwp%2Fv2%2Ftags&post=423030"}],"curies":[{"name":"wp","href":"https:\/\/api.w.org\/{rel}","templated":true}]}}