{"id":423056,"date":"2019-04-10T00:07:04","date_gmt":"2019-04-10T05:07:04","guid":{"rendered":"https:\/\/www.diarioimagen.net\/?p=423056"},"modified":"2019-04-10T07:39:00","modified_gmt":"2019-04-10T12:39:00","slug":"inauguran-en-huixquilucan-estancia-infantil-es-la-numero-20-del%e2%80%88dif","status":"publish","type":"post","link":"https:\/\/www.diarioimagen.net\/?p=423056","title":{"rendered":"Inauguran en Huixquilucan estancia infantil; es la n\u00famero 20 del\u2008DIF"},"content":{"rendered":"<ul>\n<li><strong><em>Est\u00e1 ubicada en Zacamulpa<\/em><\/strong><\/li>\n<\/ul>\n<p>&nbsp;<\/p>\n<div id=\"attachment_423137\" style=\"width: 470px\" class=\"wp-caption aligncenter\"><a href=\"https:\/\/www.diarioimagen.net\/?attachment_id=423137\" rel=\"attachment wp-att-423137\"><img loading=\"lazy\" decoding=\"async\" aria-describedby=\"caption-attachment-423137\" class=\"size-large wp-image-423137\" src=\"https:\/\/www.diarioimagen.net\/wp-content\/uploads\/2019\/04\/HUIXQUILUCAN-10-460x259.jpg\" alt=\"\" width=\"460\" height=\"259\" srcset=\"https:\/\/www.diarioimagen.net\/wp-content\/uploads\/2019\/04\/HUIXQUILUCAN-10-460x259.jpg 460w, https:\/\/www.diarioimagen.net\/wp-content\/uploads\/2019\/04\/HUIXQUILUCAN-10-240x135.jpg 240w, https:\/\/www.diarioimagen.net\/wp-content\/uploads\/2019\/04\/HUIXQUILUCAN-10-235x132.jpg 235w, https:\/\/www.diarioimagen.net\/wp-content\/uploads\/2019\/04\/HUIXQUILUCAN-10-202x114.jpg 202w, https:\/\/www.diarioimagen.net\/wp-content\/uploads\/2019\/04\/HUIXQUILUCAN-10-350x196.jpg 350w, https:\/\/www.diarioimagen.net\/wp-content\/uploads\/2019\/04\/HUIXQUILUCAN-10-220x123.jpg 220w, https:\/\/www.diarioimagen.net\/wp-content\/uploads\/2019\/04\/HUIXQUILUCAN-10-237x132.jpg 237w, https:\/\/www.diarioimagen.net\/wp-content\/uploads\/2019\/04\/HUIXQUILUCAN-10.jpg 480w\" sizes=\"auto, (max-width: 460px) 100vw, 460px\" \/><\/a><p id=\"caption-attachment-423137\" class=\"wp-caption-text\">La estancia inaugurada tiene una capacidad para 70 ni\u00f1os, en un horario de 7:00 hasta 16:45 horas, jornada en la que se incluye desayuno, comida y una colaci\u00f3n.<\/p><\/div>\n<p>&nbsp;<\/p>\n<p><strong>Huixquilucan, Estado de M\u00e9xico<\/strong>.- La presidenta del Sistema Municipal para el Desarrollo Integral de la Familia (DIF), Romina Contreras Carrasco e integrantes del cabildo de Huixquilucan inauguraron la estancia infantil n\u00famero 5 ubicada en Zacamulpa.<\/p>\n<p>Romina Contreras Carrasco, asegur\u00f3 que una vez en funcionamiento, las mam\u00e1s tendr\u00e1n la oportunidad de trabajar o estudiar, en tanto que sus hijos estar\u00e1n al cuidado de personal calificado, en un ambiente c\u00e1lido, de cuidado y de atenci\u00f3n.<\/p>\n<p>Inform\u00f3 que esta estancia es la instituci\u00f3n educativa n\u00famero 20 a cargo del DIF, con atenci\u00f3n de primer nivel para los peque\u00f1os. \u201cEstamos prepar\u00e1ndolos para que despu\u00e9s se integren con todas las herramientas a los jardines de ni\u00f1os\u201d, coment\u00f3.<\/p>\n<p>Contreras Carrasco asegur\u00f3, que esta estancia responde a una gran necesidad de los habitantes de la zona de Zacamulpa, la cual tiene una capacidad para 70 ni\u00f1os, en un horario de 7:00 hasta 16:45 horas, jornada en la que se incluye desayuno, comida y una colaci\u00f3n.<\/p>\n<p>Luz del Carmen S\u00e1nchez Guti\u00e9rrez, directora de Servicios Educativos del Sistema Municipal DIF Huixquilucan, agradeci\u00f3 a la presidenta del DIF, Romina Contreras Carrasco, por traer a la comunidad de Zacamulpa una invaluable oportunidad de desarrollo para la ni\u00f1ez. \u201cAcudir a una estancia infantil favorece el neurodesarrollo.<\/p>\n<p>Es de reconocer la labor de este gobierno en favor de las ni\u00f1as y ni\u00f1os de Huixquilucan. El gobierno sabe que las experiencias tempranas de la infancia sientan las bases del aprendizaje humano\u201d, apunt\u00f3.<\/p>\n<p>Record\u00f3 que las estancias infantiles no son guarder\u00edas sino centros de cuidado infantil de calidad que impulsan el desarrollo cognitivo, el lenguaje y aptitudes socioemocionales, mismos que influir\u00e1n posteriormente en sus logros educativos.<\/p>\n","protected":false},"excerpt":{"rendered":"<p>La presidenta del Sistema Municipal para el Desarrollo Integral de la Familia (DIF), Romina Contreras Carrasco e integrantes del cabildo de Huixquilucan inauguraron la estancia infantil n\u00famero 5 ubicada en Zacamulpa.<\/p>\n","protected":false},"author":3,"featured_media":423137,"comment_status":"open","ping_status":"open","sticky":false,"template":"","format":"standard","meta":{"_monsterinsights_skip_tracking":false,"_monsterinsights_sitenote_active":false,"_monsterinsights_sitenote_note":"","_monsterinsights_sitenote_category":0,"footnotes":""},"categories":[35155],"tags":[43675,70596,1097],"class_list":["post-423056","post","type-post","status-publish","format-standard","has-post-thumbnail","hentry","category-estado-de-mexico-estado-de-mexico","tag-estado-de-mexico","tag-estancia-infantil","tag-huixquilucan"],"_links":{"self":[{"href":"https:\/\/www.diarioimagen.net\/index.php?rest_route=\/wp\/v2\/posts\/423056","targetHints":{"allow":["GET"]}}],"collection":[{"href":"https:\/\/www.diarioimagen.net\/index.php?rest_route=\/wp\/v2\/posts"}],"about":[{"href":"https:\/\/www.diarioimagen.net\/index.php?rest_route=\/wp\/v2\/types\/post"}],"author":[{"embeddable":true,"href":"https:\/\/www.diarioimagen.net\/index.php?rest_route=\/wp\/v2\/users\/3"}],"replies":[{"embeddable":true,"href":"https:\/\/www.diarioimagen.net\/index.php?rest_route=%2Fwp%2Fv2%2Fcomments&post=423056"}],"version-history":[{"count":0,"href":"https:\/\/www.diarioimagen.net\/index.php?rest_route=\/wp\/v2\/posts\/423056\/revisions"}],"wp:featuredmedia":[{"embeddable":true,"href":"https:\/\/www.diarioimagen.net\/index.php?rest_route=\/wp\/v2\/media\/423137"}],"wp:attachment":[{"href":"https:\/\/www.diarioimagen.net\/index.php?rest_route=%2Fwp%2Fv2%2Fmedia&parent=423056"}],"wp:term":[{"taxonomy":"category","embeddable":true,"href":"https:\/\/www.diarioimagen.net\/index.php?rest_route=%2Fwp%2Fv2%2Fcategories&post=423056"},{"taxonomy":"post_tag","embeddable":true,"href":"https:\/\/www.diarioimagen.net\/index.php?rest_route=%2Fwp%2Fv2%2Ftags&post=423056"}],"curies":[{"name":"wp","href":"https:\/\/api.w.org\/{rel}","templated":true}]}}